{"id":556869,"date":"2025-11-25T04:41:04","date_gmt":"2025-11-25T04:41:04","guid":{"rendered":"https:\/\/www.europesays.com\/fr\/556869\/"},"modified":"2025-11-25T04:41:04","modified_gmt":"2025-11-25T04:41:04","slug":"frida-kahlo-bat-un-record-symbolique-pour-les-femmes-peintres-avec-ce-tableau-2","status":"publish","type":"post","link":"https:\/\/www.europesays.com\/fr\/556869\/","title":{"rendered":"Frida Kahlo bat un record symbolique pour les femmes peintres avec ce tableau"},"content":{"rendered":"<p class=\"mb-4 text-lg md:leading-8 break-words\">Un autoportrait de <a data-i13n=\"cpos:1;pos:1\" href=\"https:\/\/www.huffingtonpost.fr\/life\/article\/frida-kahlo-de-l-icone-nationale-au-mexique-a-l-icone-mode-internationale_76809.html\" rel=\"nofollow noopener\" target=\"_blank\" data-ylk=\"slk:l\u2019artiste mexicaine Frida Kahlo;cpos:1;pos:1;elm:context_link;itc:0;sec:content-canvas\" class=\"link \">l\u2019artiste mexicaine Frida Kahlo<\/a> a \u00e9t\u00e9 vendu 54,66 millions de dollars jeudi 20 novembre aux ench\u00e8res par <a data-i13n=\"cpos:2;pos:1\" href=\"https:\/\/www.huffingtonpost.fr\/economie\/article\/patrick-drahi-s-offre-sotheby-s-la-celebre-maison-de-vente-aux-encheres_147117.html\" rel=\"nofollow noopener\" target=\"_blank\" data-ylk=\"slk:Sotheby\u2019s \u00e0 New York;cpos:2;pos:1;elm:context_link;itc:0;sec:content-canvas\" class=\"link \">Sotheby\u2019s \u00e0 New York<\/a>, devenant le tableau le plus cher r\u00e9alis\u00e9 par une femme.<\/p>\n<p class=\"mb-4 text-lg md:leading-8 break-words\">Cette \u0153uvre intitul\u00e9e \u00ab Le r\u00eave (La chambre) \u00bb, bat le pr\u00e9c\u00e9dent record en la mati\u00e8re, \u00e9tabli par un tableau de l\u2019Am\u00e9ricaine Georgia O\u2019Keeffe qui avait atteint la somme de 44,4 millions de dollars en 2014.<\/p>\n<p class=\"mb-4 text-lg md:leading-8 break-words\"><a data-i13n=\"cpos:3;pos:1\" href=\"https:\/\/fr.news.yahoo.com\/louvre-ferme-galerie-au-public-154455010.html\" data-ylk=\"slk:Le Louvre ferme une galerie au public apr\u00e8s un rapport alertant sur la \u00ab fragilit\u00e9 \u00bb d\u2019une partie de l\u2019\u00e9difice;cpos:3;pos:1;elm:context_link;itc:0;sec:content-canvas;outcm:mb_qualified_link;_E:mb_qualified_link;ct:story;\" class=\"link  yahoo-link\" target=\"_blank\" rel=\"noopener\"> Le Louvre ferme une galerie au public apr\u00e8s un rapport alertant sur la \u00ab fragilit\u00e9 \u00bb d\u2019une partie de l\u2019\u00e9difice <\/a><\/p>\n<p class=\"mb-4 text-lg md:leading-8 break-words\">L\u2019\u0153uvre a \u00e9t\u00e9 \u00ab peinte en 1940, durant une d\u00e9cennie cruciale de sa carri\u00e8re, marqu\u00e9e par sa relation tumultueuse avec Diego Rivera \u00bb, peintre mexicain, d\u00e9taille la maison de vente aux ench\u00e8res sur son compte X. Le nom de l\u2019acheteur n\u2019a pas \u00e9t\u00e9 d\u00e9voil\u00e9.<\/p>\n<p>Une \u0153uvre \u00ab tr\u00e8s personnelle \u00bb<\/p>\n<p class=\"mb-4 text-lg md:leading-8 break-words\">Le tableau repr\u00e9sente l\u2019artiste dormant dans un lit qui semble flotter dans le ciel, surplomb\u00e9 d\u2019un immense squelette dont les jambes sont entour\u00e9es de b\u00e2tons de dynamite.<\/p>\n<p class=\"mb-4 text-lg md:leading-8 break-words\">Cette peinture de<a data-i13n=\"cpos:4;pos:1\" href=\"https:\/\/www.huffingtonpost.fr\/life\/article\/le-visage-retouche-de-frida-kahlo-pour-cette-publicite-ne-passe-pas_148149.html\" rel=\"nofollow noopener\" target=\"_blank\" data-ylk=\"slk:Frida Kahlo;cpos:4;pos:1;elm:context_link;itc:0;sec:content-canvas\" class=\"link \"> Frida Kahlo<\/a> est une image \u00ab tr\u00e8s personnelle \u00bb, dans laquelle \u00ab elle fusionne des motifs folkloriques de la culture mexicaine avec le surr\u00e9alisme europ\u00e9en \u00bb, a expliqu\u00e9 \u00e0 l\u2019AFP Anna Di Stasi, charg\u00e9e de l\u2019art de l\u2019Am\u00e9rique latine chez Sotheby\u2019s.<\/p>\n<p class=\"mb-4 text-lg md:leading-8 break-words\"><a data-i13n=\"cpos:5;pos:1\" href=\"https:\/\/www.huffingtonpost.fr\/international\/article\/frida-kahlo-en-poupee-barbie-ses-descendants-refusent-la-commercialisation-du-jouet_119081.html\" rel=\"nofollow noopener\" target=\"_blank\" data-ylk=\"slk:L\u2019artiste mexicaine;cpos:5;pos:1;elm:context_link;itc:0;sec:content-canvas\" class=\"link \">L\u2019artiste mexicaine<\/a>, d\u00e9c\u00e9d\u00e9e en 1954 \u00e0 l\u2019\u00e2ge de 47 ans, \u00ab n\u2019\u00e9tait pas tout \u00e0 fait d\u2019accord \u00bb avec le fait de voir son \u0153uvre associ\u00e9e au mouvement surr\u00e9aliste, a ajout\u00e9 l\u2019experte. Mais \u00ab au vu de cette iconographie magnifique, il semble tout \u00e0 fait pertinent de l\u2019inclure \u00bb dans ce courant.<\/p>\n<p class=\"mb-4 text-lg md:leading-8 break-words\">Le grand squelette repr\u00e9sent\u00e9 au-dessus du lit n\u2019existe pas que dans le tableau : Frida Kahlo avait effectivement un objet de cette nature en papier m\u00e2ch\u00e9 au-dessus de son lit, selon Sotheby\u2019s. La douleur, la mort ont toujours \u00e9t\u00e9 des \u00e9l\u00e9ments centraux de son \u0153uvre : toute sa vie Frida Kahlo a d\u00fb lutter avec une sant\u00e9 chancelante, marqu\u00e9e par une maladie infantile, la poliomy\u00e9lite, et un grave accident de bus en 1925.<\/p>\n<p>Une autre \u0153uvre de Kahlo d\u00e9j\u00e0 vendue \u00e0 34,9 millions de dollars<\/p>\n<p class=\"mb-4 text-lg md:leading-8 break-words\">Le tableau a \u00e9t\u00e9 pr\u00e9sent\u00e9 par la c\u00e9l\u00e8bre maison de vente dans son nouveau navire-amiral \u00e0 New York, le Breuer Building, b\u00e2timent moderniste de Manhattan de nouveau ouvert au public apr\u00e8s avoir longtemps \u00e9t\u00e9 une partie du Whitney Museum.<\/p>\n<p class=\"mb-4 text-lg md:leading-8 break-words\">Les femmes dont les \u0153uvres se sont vendues le plus cher jusqu\u2019alors sont surtout de grandes figures du 20e si\u00e8cle. Outre le pr\u00e9c\u00e9dent record d\u00e9tenu par Georgia O\u2019Keeffe (\u00ab Jimson Weed \/ White Flower No.1 \u00bb, 1932), vient ensuite une gigantesque \u00ab Araign\u00e9e \u00bb de la sculptrice et plasticienne fran\u00e7aise Louise Bourgeois, vendue pour 32,5 millions de dollars en 2023.<\/p>\n<p class=\"mb-4 text-lg md:leading-8 break-words\">L\u2019autoportrait de Frida Kahlo \u00ab Diego y yo \u00bb (\u00ab Diego et moi \u00bb, 1949) s\u2019est envol\u00e9 \u00e0 34,9 millions de dollars en 2021 (30,7 millions d\u2019euros) et \u00ab Le Portrait de Marjorie Ferry \u00bb (1932) de la peintre polonaise Tamara de Lempicka a atteint 21,2 millions de dollars en 2020.<\/p>\n<p class=\"mb-4 text-lg md:leading-8 break-words\">La peinture \u00ab Blueberry \u00bb (1960) de Joan Mitchell, figure du mouvement de l\u2019expressionnisme abstrait am\u00e9ricain, s\u2019est vendue pour 16,6 millions de dollars en 2018.<\/p>\n<p>Les hommes largement surrepr\u00e9sent\u00e9s<\/p>\n<p class=\"mb-4 text-lg md:leading-8 break-words\">Les artistes plus anciennes ou classiques sont rares \u00e0 d\u00e9passer la barre des 10 millions : \u00ab Apr\u00e8s le d\u00e9jeuner \u00bb, de l\u2019impressionniste Berthe Morisot, a \u00e9t\u00e9 vendu 10,9 millions de dollars en 2013, la sculpture \u00ab La Valse \u00bb de Camille Claudel a \u00e9t\u00e9 adjug\u00e9e 5,2 millions d\u2019euros la m\u00eame ann\u00e9e et un tableau de la peintre baroque Artemisia Gentileschi repr\u00e9sentant Lucr\u00e8ce a \u00e9t\u00e9 achet\u00e9 pour pr\u00e8s de 4,8 millions d\u2019euros en 2019.<\/p>\n<p class=\"mb-4 text-lg md:leading-8 break-words\">Tous types d\u2019\u0153uvres d\u2019art confondues, jusqu\u2019\u00e0 pr\u00e9sent 162 avaient \u00e9t\u00e9 adjug\u00e9es \u00e0 plus de 50 millions de dollars et z\u00e9ro \u00e9taient l\u2019\u0153uvre de femmes, selon une base de donn\u00e9es de l\u2019AFP. Sur 468 ayant d\u00e9pass\u00e9 les 30 millions de dollars, quatre \u00e9taient l\u2019\u0153uvre de femmes, soit moins de 1 %.<\/p>\n<p class=\"mb-4 text-lg md:leading-8 break-words\">Un portrait peint par l\u2019Autrichien Gustav Klimt, vendu 236,4 millions de dollars (204 millions d\u2019euros) par Sotheby\u2019s mardi \u00e0 New York, est devenu la deuxi\u00e8me \u0153uvre la plus ch\u00e8re jamais adjug\u00e9e aux ench\u00e8res.<\/p>\n<p class=\"mb-4 text-lg md:leading-8 break-words\">Seul le \u00ab Salvator Mundi \u00bb attribu\u00e9 \u00e0 L\u00e9onard de Vinci a fait mieux, vendu pour 450 millions de dollars (alors environ 380 millions d\u2019euros) \u00e0 New York en 2017.<\/p>\n<p class=\"mb-4 text-lg md:leading-8 break-words\"><a data-i13n=\"cpos:6;pos:1\" href=\"https:\/\/fr.news.yahoo.com\/festival-d-angoul%C3%AAme-seuls-rachida-115111950.html\" data-ylk=\"slk:Festival d\u2019Angoul\u00eame : seuls Rachida Dati et les organisateurs veulent encore maintenir l\u2019\u00e9dition 2026;cpos:6;pos:1;elm:context_link;itc:0;sec:content-canvas;outcm:mb_qualified_link;_E:mb_qualified_link;ct:story;\" class=\"link  yahoo-link\" target=\"_blank\" rel=\"noopener\"> Festival d\u2019Angoul\u00eame : seuls Rachida Dati et les organisateurs veulent encore maintenir l\u2019\u00e9dition 2026 <\/a><\/p>\n<p class=\"mb-4 text-lg md:leading-8 break-words\"><a data-i13n=\"cpos:7;pos:1\" href=\"https:\/\/fr.news.yahoo.com\/st%C3%A9rilet-g%C3%A9ant-tient-place-r%C3%A9publique-133505848.html\" data-ylk=\"slk:Un st\u00e9rilet g\u00e9ant se tient sur la place de la R\u00e9publique \u00e0 Paris, on vous explique ce qu\u2019il fait l\u00e0;cpos:7;pos:1;elm:context_link;itc:0;sec:content-canvas;outcm:mb_qualified_link;_E:mb_qualified_link;ct:story;\" class=\"link  yahoo-link\" target=\"_blank\" rel=\"noopener\"> Un st\u00e9rilet g\u00e9ant se tient sur la place de la R\u00e9publique \u00e0 Paris, on vous explique ce qu\u2019il fait l\u00e0 <\/a><\/p>\n","protected":false},"excerpt":{"rendered":"Un autoportrait de l\u2019artiste mexicaine Frida Kahlo a \u00e9t\u00e9 vendu 54,66 millions de dollars jeudi 20 novembre aux&hellip;\n","protected":false},"author":2,"featured_media":556870,"comment_status":"","ping_status":"","sticky":false,"template":"","format":"standard","meta":{"footnotes":""},"categories":[1358],"tags":[1348,1384,1385,1386,67452,58,59,1011,27,44466,61233,53135,13954],"class_list":{"0":"post-556869","1":"post","2":"type-post","3":"status-publish","4":"format-standard","5":"has-post-thumbnail","7":"category-arts-et-design","8":"tag-arts","9":"tag-arts-and-design","10":"tag-arts-et-design","11":"tag-design","12":"tag-diego-rivera","13":"tag-divertissement","14":"tag-entertainment","15":"tag-fr","16":"tag-france","17":"tag-frida-kahlo","18":"tag-le-tableau","19":"tag-maison-de-vente-aux-encheres","20":"tag-sothebys"},"share_on_mastodon":{"url":"https:\/\/pubeurope.com\/@fr\/115608504450797497","error":""},"_links":{"self":[{"href":"https:\/\/www.europesays.com\/fr\/wp-json\/wp\/v2\/posts\/556869","targetHints":{"allow":["GET"]}}],"collection":[{"href":"https:\/\/www.europesays.com\/fr\/wp-json\/wp\/v2\/posts"}],"about":[{"href":"https:\/\/www.europesays.com\/fr\/wp-json\/wp\/v2\/types\/post"}],"author":[{"embeddable":true,"href":"https:\/\/www.europesays.com\/fr\/wp-json\/wp\/v2\/users\/2"}],"replies":[{"embeddable":true,"href":"https:\/\/www.europesays.com\/fr\/wp-json\/wp\/v2\/comments?post=556869"}],"version-history":[{"count":0,"href":"https:\/\/www.europesays.com\/fr\/wp-json\/wp\/v2\/posts\/556869\/revisions"}],"wp:featuredmedia":[{"embeddable":true,"href":"https:\/\/www.europesays.com\/fr\/wp-json\/wp\/v2\/media\/556870"}],"wp:attachment":[{"href":"https:\/\/www.europesays.com\/fr\/wp-json\/wp\/v2\/media?parent=556869"}],"wp:term":[{"taxonomy":"category","embeddable":true,"href":"https:\/\/www.europesays.com\/fr\/wp-json\/wp\/v2\/categories?post=556869"},{"taxonomy":"post_tag","embeddable":true,"href":"https:\/\/www.europesays.com\/fr\/wp-json\/wp\/v2\/tags?post=556869"}],"curies":[{"name":"wp","href":"https:\/\/api.w.org\/{rel}","templated":true}]}}