{"id":556886,"date":"2025-11-25T04:53:12","date_gmt":"2025-11-25T04:53:12","guid":{"rendered":"https:\/\/www.europesays.com\/fr\/556886\/"},"modified":"2025-11-25T04:53:12","modified_gmt":"2025-11-25T04:53:12","slug":"le-bilan-de-lattaque-ukrainienne-dans-la-region-russe-de-rostov-monte-a-trois-morts-selon-le-gouverneur-regional","status":"publish","type":"post","link":"https:\/\/www.europesays.com\/fr\/556886\/","title":{"rendered":"le bilan de l\u2019attaque ukrainienne dans la r\u00e9gion russe de Rostov monte \u00e0 trois morts, selon le gouverneur r\u00e9gional"},"content":{"rendered":"<p>   \u00ab\u00a0Beaucoup de choses justes ont \u00e9t\u00e9 prises en compte\u00a0\u00bb \u00e0 Gen\u00e8ve, se f\u00e9licite Volodymyr Zelensky             <\/p>\n<p class=\"post__live-container--answer-text post__space-node\">\u00ab\u00a0La liste des \u00e9tapes n\u00e9cessaires pour mettre fin \u00e0 la guerre peut devenir op\u00e9rationnelle\u00a0\u00bb, \u00e9crit le pr\u00e9sident ukrainien, Volodymyr Zelensky, apr\u00e8s avoir \u00e9chang\u00e9 avec les n\u00e9gociateurs de retour de Gen\u00e8ve, o\u00f9 l\u2019offre am\u00e9ricaine de r\u00e8glement du conflit en 28\u00a0points a, selon lui, \u00e9t\u00e9 modifi\u00e9e.<\/p>\n<p class=\"post__live-container--answer-text post__space-node\">\u00ab\u00a0A l\u2019heure actuelle, apr\u00e8s Gen\u00e8ve, il y a moins de points, ce n\u2019est plus 28, et beaucoup de choses justes ont \u00e9t\u00e9 prises en compte dans ce cadre\u00a0\u00bb, se f\u00e9licite-t-il dans une allocution diffus\u00e9e sur les r\u00e9seaux sociaux. \u00ab\u00a0Il y a encore du travail \u00e0 faire ensemble \u2013\u00a0ce n\u2019est pas facile\u00a0\u2013 pour finaliser le document, et il faut tout faire dignement\u00a0\u00bb, poursuit le chef de l\u2019Etat, confirmant qu\u2019il n\u00e9gociera lui-m\u00eame les points les plus sensibles avec Donald Trump.<\/p>\n<p class=\"post__live-container--answer-text post__space-node\">\u00ab\u00a0L\u2019Ukraine ne sera jamais un obstacle \u00e0 la paix \u2013\u00a0c\u2019est notre principe, un principe commun, et des millions d\u2019Ukrainiens comptent sur une paix digne et la m\u00e9ritent. Nous ferons tout pour cela, nous sommes pr\u00eats \u00e0 travailler aussi vite que possible\u00a0\u00bb, ajoute-t-il.<\/p>\n","protected":false},"excerpt":{"rendered":"\u00ab\u00a0Beaucoup de choses justes ont \u00e9t\u00e9 prises en compte\u00a0\u00bb \u00e0 Gen\u00e8ve, se f\u00e9licite Volodymyr Zelensky \u00ab\u00a0La liste des&hellip;\n","protected":false},"author":2,"featured_media":556887,"comment_status":"","ping_status":"","sticky":false,"template":"","format":"standard","meta":{"footnotes":""},"categories":[5],"tags":[11,1011,27,14,12,28],"class_list":{"0":"post-556886","1":"post","2":"type-post","3":"status-publish","4":"format-standard","5":"has-post-thumbnail","7":"category-international","8":"tag-actualites","9":"tag-fr","10":"tag-france","11":"tag-international","12":"tag-news","13":"tag-world"},"share_on_mastodon":{"url":"","error":""},"_links":{"self":[{"href":"https:\/\/www.europesays.com\/fr\/wp-json\/wp\/v2\/posts\/556886","targetHints":{"allow":["GET"]}}],"collection":[{"href":"https:\/\/www.europesays.com\/fr\/wp-json\/wp\/v2\/posts"}],"about":[{"href":"https:\/\/www.europesays.com\/fr\/wp-json\/wp\/v2\/types\/post"}],"author":[{"embeddable":true,"href":"https:\/\/www.europesays.com\/fr\/wp-json\/wp\/v2\/users\/2"}],"replies":[{"embeddable":true,"href":"https:\/\/www.europesays.com\/fr\/wp-json\/wp\/v2\/comments?post=556886"}],"version-history":[{"count":0,"href":"https:\/\/www.europesays.com\/fr\/wp-json\/wp\/v2\/posts\/556886\/revisions"}],"wp:featuredmedia":[{"embeddable":true,"href":"https:\/\/www.europesays.com\/fr\/wp-json\/wp\/v2\/media\/556887"}],"wp:attachment":[{"href":"https:\/\/www.europesays.com\/fr\/wp-json\/wp\/v2\/media?parent=556886"}],"wp:term":[{"taxonomy":"category","embeddable":true,"href":"https:\/\/www.europesays.com\/fr\/wp-json\/wp\/v2\/categories?post=556886"},{"taxonomy":"post_tag","embeddable":true,"href":"https:\/\/www.europesays.com\/fr\/wp-json\/wp\/v2\/tags?post=556886"}],"curies":[{"name":"wp","href":"https:\/\/api.w.org\/{rel}","templated":true}]}}