{"id":556890,"date":"2025-11-25T04:55:16","date_gmt":"2025-11-25T04:55:16","guid":{"rendered":"https:\/\/www.europesays.com\/fr\/556890\/"},"modified":"2025-11-25T04:55:16","modified_gmt":"2025-11-25T04:55:16","slug":"la-prime-de-noel-sera-versee-a-partir-du-16-decembre-a-plus-de-deux-millions-de-familles","status":"publish","type":"post","link":"https:\/\/www.europesays.com\/fr\/556890\/","title":{"rendered":"La prime de No\u00ebl sera vers\u00e9e \u00e0 partir du 16 d\u00e9cembre \u00e0 plus de deux millions de familles"},"content":{"rendered":"<p>\n    L\u2019an pass\u00e9, son montant \u00e9tait de 152 euros pour une personne seule, 228 euros pour un couple sans enfant, 320 euros pour un couple avec deux enfants et 335 euros pour une personne seule avec trois enfants.<\/p>\n<p class=\"fig-paragraph\">La prime de\u00a0<a href=\"http:\/\/www.lefigaro.fr\/actualite-france\/grands-parents-parents-comment-se-passent-noel-en-famille-20251123\" target=\"_blank\" data-fig-type=\"Article\" rel=\"noopener\" data-gtm-custom-categorie=\"navigation\" data-gtm-custom-action=\"crossclick\" data-gtm-custom-label=\"Contextuel\" data-gtm-event=\"customEventSPE\" data-fig-domain=\"LEFIGARO\">No\u00ebl<\/a>\u00a0sera vers\u00e9e aux plus de 2,2 millions de familles concern\u00e9es \u00ab\u00e0 partir du 16 d\u00e9cembre\u00bb, a annonc\u00e9 lundi soir \u00e0 l&rsquo;AFP le minist\u00e8re du Travail, confirmant une information d\u2019Ouest France. L&rsquo;an pass\u00e9, son montant \u00e9tait de 152 euros pour une personne seule, 228 euros pour un couple sans enfant, 320 euros pour un couple avec deux enfants et 335 euros pour une personne seule avec trois enfants.<\/p>\n<p class=\"fig-paragraph\">Cette prime est vers\u00e9e habituellement \u00e0 l&rsquo;ensemble des b\u00e9n\u00e9ficiaires du\u00a0<a href=\"http:\/\/www.lefigaro.fr\/vox\/economie\/agnes-verdier-molinie-rsa-allocations-familiales-l-inquietant-laxisme-de-la-france-pour-l-attribution-des-aides-sociales-20250708\" target=\"_blank\" data-fig-type=\"Article\" rel=\"noopener\" data-gtm-custom-categorie=\"navigation\" data-gtm-custom-action=\"crossclick\" data-gtm-custom-label=\"Contextuel\" data-gtm-event=\"customEventSPE\" data-fig-domain=\"LEFIGARO\">RSA<\/a>\u00a0et aux ch\u00f4meurs en fin de droits, sans qu&rsquo;ils n&rsquo;aient besoin d&rsquo;en faire la demande. Le projet de budget de l&rsquo;\u00c9tat pour 2026 pr\u00e9voyait initialement de la r\u00e9server aux seules personnes ayant des enfants mais l&rsquo;id\u00e9e a \u00e9t\u00e9 rapidement vilipend\u00e9e \u00e0 l&rsquo;Assembl\u00e9e nationale.<\/p>\n<p>                                    <a class=\"fig-a11y-skip a11y-hidden\" href=\"#fig-a11y-skip-main-inarticle\"><br \/>\n        Passer la publicit\u00e9<br \/>\n    <\/a><\/p>\n<p>\u00abG\u00e9n\u00e9rosit\u00e9 maximale\u00bb<\/p>\n<p class=\"fig-paragraph\">Le ministre du Travail,\u00a0<a href=\"http:\/\/www.lefigaro.fr\/politique\/jean-pierre-farandou-monique-barbut-edouard-geffray-le-vrai-faux-retour-de-la-societe-civile-au-gouvernement-20251028\" target=\"_blank\" data-fig-type=\"Article\" rel=\"noopener\" data-gtm-custom-categorie=\"navigation\" data-gtm-custom-action=\"crossclick\" data-gtm-custom-label=\"Contextuel\" data-gtm-event=\"customEventSPE\" data-fig-domain=\"LEFIGARO\">Jean-Pierre Farandou<\/a>, avait reconnu que cette mesure pouvait sembler \u00abun peu agressive\u00bb. Mais \u00abje ne suis pas s\u00fbr que notre pays ait les moyens de poursuivre ces politiques de g\u00e9n\u00e9rosit\u00e9 maximale\u00bb, avait-il estim\u00e9 d\u00e9but novembre, appelant \u00e0 un \u00abrecentrage\u00bb. La mesure, d\u00e9battue dans le cadre des discussions budg\u00e9taires en cours, devait entrer en vigueur d\u00e8s l&rsquo;an prochain. Rejet\u00e9e pendant les d\u00e9bats parlementaires, elle ne sera pas appliqu\u00e9e \u00e0 moins d&rsquo;\u00eatre r\u00e9inscrite avant la fin des d\u00e9bats.<\/p>\n<p class=\"fig-paragraph\">Mise en place par le gouvernement du socialiste Lionel Jospin en 1998 sous la pression de mouvements de ch\u00f4meurs et toujours reconduite depuis, la prime de No\u00ebl \u00e9tait attribu\u00e9e jusqu&rsquo;ici \u00e0 plus de 2,2 millions de m\u00e9nages b\u00e9n\u00e9ficiaires de minima sociaux.<\/p>\n","protected":false},"excerpt":{"rendered":"L\u2019an pass\u00e9, son montant \u00e9tait de 152 euros pour une personne seule, 228 euros pour un couple sans&hellip;\n","protected":false},"author":2,"featured_media":556891,"comment_status":"","ping_status":"","sticky":false,"template":"","format":"standard","meta":{"footnotes":""},"categories":[2],"tags":[11,1011,27,12,15830],"class_list":{"0":"post-556890","1":"post","2":"type-post","3":"status-publish","4":"format-standard","5":"has-post-thumbnail","7":"category-actualites","8":"tag-actualites","9":"tag-fr","10":"tag-france","11":"tag-news","12":"tag-noel"},"share_on_mastodon":{"url":"https:\/\/pubeurope.com\/@fr\/115608559605054387","error":""},"_links":{"self":[{"href":"https:\/\/www.europesays.com\/fr\/wp-json\/wp\/v2\/posts\/556890","targetHints":{"allow":["GET"]}}],"collection":[{"href":"https:\/\/www.europesays.com\/fr\/wp-json\/wp\/v2\/posts"}],"about":[{"href":"https:\/\/www.europesays.com\/fr\/wp-json\/wp\/v2\/types\/post"}],"author":[{"embeddable":true,"href":"https:\/\/www.europesays.com\/fr\/wp-json\/wp\/v2\/users\/2"}],"replies":[{"embeddable":true,"href":"https:\/\/www.europesays.com\/fr\/wp-json\/wp\/v2\/comments?post=556890"}],"version-history":[{"count":0,"href":"https:\/\/www.europesays.com\/fr\/wp-json\/wp\/v2\/posts\/556890\/revisions"}],"wp:featuredmedia":[{"embeddable":true,"href":"https:\/\/www.europesays.com\/fr\/wp-json\/wp\/v2\/media\/556891"}],"wp:attachment":[{"href":"https:\/\/www.europesays.com\/fr\/wp-json\/wp\/v2\/media?parent=556890"}],"wp:term":[{"taxonomy":"category","embeddable":true,"href":"https:\/\/www.europesays.com\/fr\/wp-json\/wp\/v2\/categories?post=556890"},{"taxonomy":"post_tag","embeddable":true,"href":"https:\/\/www.europesays.com\/fr\/wp-json\/wp\/v2\/tags?post=556890"}],"curies":[{"name":"wp","href":"https:\/\/api.w.org\/{rel}","templated":true}]}}