{"id":556892,"date":"2025-11-25T04:56:18","date_gmt":"2025-11-25T04:56:18","guid":{"rendered":"https:\/\/www.europesays.com\/fr\/556892\/"},"modified":"2025-11-25T04:56:18","modified_gmt":"2025-11-25T04:56:18","slug":"le-feminicide-de-montreynaud-juge-a-la-cour-criminelle","status":"publish","type":"post","link":"https:\/\/www.europesays.com\/fr\/556892\/","title":{"rendered":"le f\u00e9minicide de Montreynaud jug\u00e9 \u00e0 la cour criminelle"},"content":{"rendered":"<p>\u00c0 l\u2019arriv\u00e9e des pompiers, elle \u00e9tait inconsciente. Une femme d\u2019une quarantaine d\u2019ann\u00e9es a \u00e9t\u00e9 frapp\u00e9e par son conjoint dans la nuit du jeudi 31 mars au vendredi 1er avril 2022 \u00e0 Saint-\u00c9tienne, dans leur domicile du quartier de Montreynaud.<\/p>\n<p>Tr\u00e8s gri\u00e8vement bless\u00e9e, elle a \u00e9t\u00e9 hospitalis\u00e9e entre la vie et la mort au CHU de Saint-\u00c9tienne, o\u00f9 elle est h\u00e9las d\u00e9c\u00e9d\u00e9e la nuit suivante.<\/p>\n<p>L\u2019accus\u00e9 a \u00e9t\u00e9 interpell\u00e9 sur place, en \u00e9tat d\u2019\u00e9bri\u00e9t\u00e9. Les coups qu\u2019il a port\u00e9s ont caus\u00e9 les l\u00e9sions enc\u00e9phaliques (h\u00e9matomes sous-duraux massifs) \u00e0 l\u2019origine de la mort. Ce St\u00e9phanois de 47 ans \u00e0 l\u2019\u00e9poque <a href=\"https:\/\/www.leprogres.fr\/faits-divers-justice\/2022\/04\/02\/saint-etienne-une-femme-de-44-ans-decede-sous-les-coups-de-son-conjoint\" target=\"_blank\" rel=\"noopener\">a \u00e9t\u00e9 mis en examen pour homicide volontaire aggrav\u00e9.<\/a><\/p>\n<p>Il sera finalement jug\u00e9 pour violence ayant entra\u00een\u00e9 la mort sans intention de la donner (coups mortels). Il sera d\u00e9fendu les 4 et 5 d\u00e9cembre devant la cour criminelle d\u00e9partementale par Me Annie Fournel. Les parties civiles seront repr\u00e9sent\u00e9es par Mes Solange Viallard-Val\u00e9zy, Juliette Charbonnier et Annick Sadurni.<\/p>\n<p>  Tentative d\u2019assassinat place Carnot<\/p>\n<p>Dans la nuit du mercredi 14 au jeudi 15 septembre 2022, un homme de 51 ans a \u00e9t\u00e9 retrouv\u00e9 <a href=\"https:\/\/www.leprogres.fr\/faits-divers-justice\/2022\/09\/15\/un-homme-blesse-par-arme-blanche-a-saint-etienne\" target=\"_blank\" rel=\"noopener\">gri\u00e8vement bless\u00e9 par arme blanche place Carnot<\/a> \u00e0 Saint-\u00c9tienne, \u00e0 proximit\u00e9 de l\u2019Indian Caf\u00e9.<\/p>\n<p>Il \u00e9tait aux alentours d\u2019une heure du matin quand le drame a \u00e9t\u00e9 d\u00e9couvert. Le quinquag\u00e9naire a \u00e9t\u00e9 transport\u00e9 \u00ab en urgence absolue \u00bb au CHU de Saint-\u00c9tienne. Il souffrait d\u2019une \u00ab plaie importante au ventre \u00bb, son pronostic vital \u00e9tait engag\u00e9.<\/p>\n<p>L\u2019homme suspect\u00e9 d\u2019\u00eatre son agresseur compara\u00eetra les 24 et 25 novembre devant la cour d\u2019assises de la Loire pour tentative d\u2019assassinat. Il sera d\u00e9fendu par Me Coline Killian. La partie civile sera repr\u00e9sent\u00e9e par Me H\u00e9l\u00e8ne Chabrier.<\/p>\n<p>  Rixe rue Brossard<\/p>\n<p>Enfin, la cour criminelle d\u00e9partementale jugera, les vendredi 28 novembre et lundi 1\u1d49\u02b3 d\u00e9cembre, un homme accus\u00e9 de violence avec arme suivie de mutilation ou infirmit\u00e9 permanente.<\/p>\n<p>Il s\u2019agit d\u2019une rixe survenue le 19 mai 2023 \u00e0 2\u00a0h\u00a030 du matin, rue Brossard, dans le centre-ville de Saint-\u00c9tienne. La victime aurait perdu un \u0153il. Elle sera repr\u00e9sent\u00e9e par Me Corinne B\u00e9al-Cizeron. C\u2019est Me Gha\u00efs Bencharif qui d\u00e9fendra l\u2019accus\u00e9.<\/p>\n","protected":false},"excerpt":{"rendered":"\u00c0 l\u2019arriv\u00e9e des pompiers, elle \u00e9tait inconsciente. Une femme d\u2019une quarantaine d\u2019ann\u00e9es a \u00e9t\u00e9 frapp\u00e9e par son conjoint&hellip;\n","protected":false},"author":2,"featured_media":556893,"comment_status":"","ping_status":"","sticky":false,"template":"","format":"standard","meta":{"footnotes":""},"categories":[9653],"tags":[1111,11,2430,271,272,7539,1777,674,274,107,1011,27,3367,12,25,4001,7538],"class_list":{"0":"post-556892","1":"post","2":"type-post","3":"status-publish","4":"format-standard","5":"has-post-thumbnail","7":"category-saint-etienne","8":"tag-actu","9":"tag-actualites","10":"tag-auvergne-rhone-alpes","11":"tag-crime","12":"tag-delit-et-contravention","13":"tag-edition-loire-sud","14":"tag-eu","15":"tag-europe","16":"tag-faits-divers-justice","17":"tag-fil-info","18":"tag-fr","19":"tag-france","20":"tag-loire","21":"tag-news","22":"tag-republique-francaise","23":"tag-saint-etienne","24":"tag-saint-etienne-ville"},"share_on_mastodon":{"url":"https:\/\/pubeurope.com\/@fr\/115608563555704435","error":""},"_links":{"self":[{"href":"https:\/\/www.europesays.com\/fr\/wp-json\/wp\/v2\/posts\/556892","targetHints":{"allow":["GET"]}}],"collection":[{"href":"https:\/\/www.europesays.com\/fr\/wp-json\/wp\/v2\/posts"}],"about":[{"href":"https:\/\/www.europesays.com\/fr\/wp-json\/wp\/v2\/types\/post"}],"author":[{"embeddable":true,"href":"https:\/\/www.europesays.com\/fr\/wp-json\/wp\/v2\/users\/2"}],"replies":[{"embeddable":true,"href":"https:\/\/www.europesays.com\/fr\/wp-json\/wp\/v2\/comments?post=556892"}],"version-history":[{"count":0,"href":"https:\/\/www.europesays.com\/fr\/wp-json\/wp\/v2\/posts\/556892\/revisions"}],"wp:featuredmedia":[{"embeddable":true,"href":"https:\/\/www.europesays.com\/fr\/wp-json\/wp\/v2\/media\/556893"}],"wp:attachment":[{"href":"https:\/\/www.europesays.com\/fr\/wp-json\/wp\/v2\/media?parent=556892"}],"wp:term":[{"taxonomy":"category","embeddable":true,"href":"https:\/\/www.europesays.com\/fr\/wp-json\/wp\/v2\/categories?post=556892"},{"taxonomy":"post_tag","embeddable":true,"href":"https:\/\/www.europesays.com\/fr\/wp-json\/wp\/v2\/tags?post=556892"}],"curies":[{"name":"wp","href":"https:\/\/api.w.org\/{rel}","templated":true}]}}