{"id":556894,"date":"2025-11-25T04:57:35","date_gmt":"2025-11-25T04:57:35","guid":{"rendered":"https:\/\/www.europesays.com\/fr\/556894\/"},"modified":"2025-11-25T04:57:35","modified_gmt":"2025-11-25T04:57:35","slug":"une-rixe-devant-une-boite-de-nuit-se-termine-par-la-mort-dun-pere-de-trois-enfants","status":"publish","type":"post","link":"https:\/\/www.europesays.com\/fr\/556894\/","title":{"rendered":"Une rixe devant une bo\u00eete de nuit se termine par la mort d\u2019un p\u00e8re de trois enfants"},"content":{"rendered":"<p>Une bagarre a vir\u00e9 \u00e0 l\u2019homicide \u00e0 Saint-\u00c9tienne (<a href=\"https:\/\/www.20minutes.fr\/dossier\/loire\" class=\"c-link c-link--is-underlined\" target=\"_blank\" rel=\"noopener\">Loire<\/a>). Samedi 22\u00a0novembre, deux hommes en sont venus aux mains et l\u2019un d\u2019eux ne s\u2019est pas relev\u00e9. La victime est un homme \u00e2g\u00e9 de 34 ans, p\u00e8re de trois enfants, rapporte <a href=\"https:\/\/www.francebleu.fr\/infos\/faits-divers-justice\/saint-etienne-un-homme-de-34-ans-decede-apres-une-bagarre-dans-le-centre-ville-8425953\" target=\"_blank\" class=\"c-link c-link--is-underlined\" rel=\"noopener\">ICI Saint-\u00c9tienne<\/a>. Le deuxi\u00e8me homme a fui les lieux.<\/p>\n<p>L\u2019altercation entre les deux hommes a eu lieu pr\u00e8s d\u2019une bo\u00eete de nuit du centre-ville. Les raisons du diff\u00e9rend restent inconnues, mais l\u2019\u00e9change a \u00e9t\u00e9 tr\u00e8s violent. L\u2019un des deux protagonistes a \u00e9t\u00e9 retrouv\u00e9 inconscient au sol et gravement bless\u00e9. Il aurait notamment re\u00e7u un violent coup de pied \u00e0 la t\u00eate.<\/p>\n<p>Un suspect activement recherch\u00e9<\/p>\n<p>Alert\u00e9s par des t\u00e9moins, les sapeurs-pompiers sont rapidement intervenus pour porter assistance au trentenaire, qui \u00e9tait encore vivant \u00e0 leur arriv\u00e9e. Il a \u00e9t\u00e9 \u00e9vacu\u00e9 en urgence \u00e0 l\u2019h\u00f4pital Nord de <a href=\"https:\/\/www.20minutes.fr\/dossier\/saint-etienne\" class=\"c-link c-link--is-underlined\" target=\"_blank\" rel=\"noopener\">Saint-\u00c9tienne<\/a>. Malheureusement, il est d\u00e9c\u00e9d\u00e9 quelques heures plus tard.<\/p>\n<\/p>\n<p>La direction interd\u00e9partementale de la police nationale de la Loire a \u00e9t\u00e9 charg\u00e9e de l\u2019<a href=\"https:\/\/www.20minutes.fr\/dossier\/enquete\" class=\"c-link c-link--is-underlined\" target=\"_blank\" rel=\"noopener\">enqu\u00eate<\/a> ouverte pour violences volontaires ayant entra\u00een\u00e9 la mort sans intention de la donner. Le suspect n\u2019a toujours pas \u00e9t\u00e9 retrouv\u00e9 et ne s\u2019est pas manifest\u00e9. Il est activement recherch\u00e9 par les services de police.<\/p>\n","protected":false},"excerpt":{"rendered":"Une bagarre a vir\u00e9 \u00e0 l\u2019homicide \u00e0 Saint-\u00c9tienne (Loire). Samedi 22\u00a0novembre, deux hommes en sont venus aux mains&hellip;\n","protected":false},"author":2,"featured_media":556895,"comment_status":"","ping_status":"","sticky":false,"template":"","format":"standard","meta":{"footnotes":""},"categories":[9653],"tags":[1111,47,11,2430,6627,1777,674,118,1011,27,2683,3367,12,25,2431,4001],"class_list":{"0":"post-556894","1":"post","2":"type-post","3":"status-publish","4":"format-standard","5":"has-post-thumbnail","7":"category-saint-etienne","8":"tag-actu","9":"tag-actualite","10":"tag-actualites","11":"tag-auvergne-rhone-alpes","12":"tag-boite-de-nuit","13":"tag-eu","14":"tag-europe","15":"tag-faits-divers","16":"tag-fr","17":"tag-france","18":"tag-homicide","19":"tag-loire","20":"tag-news","21":"tag-republique-francaise","22":"tag-rhone-alpes","23":"tag-saint-etienne"},"share_on_mastodon":{"url":"https:\/\/pubeurope.com\/@fr\/115608567463561453","error":""},"_links":{"self":[{"href":"https:\/\/www.europesays.com\/fr\/wp-json\/wp\/v2\/posts\/556894","targetHints":{"allow":["GET"]}}],"collection":[{"href":"https:\/\/www.europesays.com\/fr\/wp-json\/wp\/v2\/posts"}],"about":[{"href":"https:\/\/www.europesays.com\/fr\/wp-json\/wp\/v2\/types\/post"}],"author":[{"embeddable":true,"href":"https:\/\/www.europesays.com\/fr\/wp-json\/wp\/v2\/users\/2"}],"replies":[{"embeddable":true,"href":"https:\/\/www.europesays.com\/fr\/wp-json\/wp\/v2\/comments?post=556894"}],"version-history":[{"count":0,"href":"https:\/\/www.europesays.com\/fr\/wp-json\/wp\/v2\/posts\/556894\/revisions"}],"wp:featuredmedia":[{"embeddable":true,"href":"https:\/\/www.europesays.com\/fr\/wp-json\/wp\/v2\/media\/556895"}],"wp:attachment":[{"href":"https:\/\/www.europesays.com\/fr\/wp-json\/wp\/v2\/media?parent=556894"}],"wp:term":[{"taxonomy":"category","embeddable":true,"href":"https:\/\/www.europesays.com\/fr\/wp-json\/wp\/v2\/categories?post=556894"},{"taxonomy":"post_tag","embeddable":true,"href":"https:\/\/www.europesays.com\/fr\/wp-json\/wp\/v2\/tags?post=556894"}],"curies":[{"name":"wp","href":"https:\/\/api.w.org\/{rel}","templated":true}]}}