{"id":556917,"date":"2025-11-25T05:14:15","date_gmt":"2025-11-25T05:14:15","guid":{"rendered":"https:\/\/www.europesays.com\/fr\/556917\/"},"modified":"2025-11-25T05:14:15","modified_gmt":"2025-11-25T05:14:15","slug":"societe-le-centre-dinformation-sur-les-droits-des-femmes-du-bas-rhin-lance-un-appel-aux-dons","status":"publish","type":"post","link":"https:\/\/www.europesays.com\/fr\/556917\/","title":{"rendered":"Soci\u00e9t\u00e9. Le centre d\u2019information sur les droits des femmes du Bas-Rhin lance un appel aux dons"},"content":{"rendered":"<p>Moins connu que le 3919, le Centre d\u2019information sur les droits des femmes et des familles du Bas-Rhin ( <a href=\"https:\/\/basrhin.cidff.info\/\" target=\"_blank\" rel=\"noopener\">CIDFF 67<\/a> ) fait pourtant partie, avec Solidarit\u00e9 femmes, des principales portes d\u2019entr\u00e9e pour les femmes en qu\u00eate d\u2019aide ou de soutien. On y vient pour avoir un conseil juridique gratuit sur la garde du petit ou les conditions du divorce et \u00ab dans 80 % des cas, on d\u00e9couvre qu\u2019il y a des violences conjugales derri\u00e8re \u00bb, note Agatha, juriste au sein de l\u2019association.<\/p>\n<p>Or cette ann\u00e9e, le CIDFF 67 \u00ab a \u00e9chapp\u00e9 de peu \u00e0 la liquidation \u00bb admet sa pr\u00e9sidente L\u00e9a Toledano, L\u2019association a en effet d\u00e9couvert que la prime S\u00e9gur, une augmentation de salaire n\u00e9e du Covid, s\u2019appliquait d\u00e9sormais \u00e0 une partie de ses 30 salari\u00e9s. R\u00e9sultat : \u00ab 100 000 euros de trou dans le budget, sans financement. La catastrophe ! \u00bb L\u00e9a Toledano a jongl\u00e9 avec les pires hypoth\u00e8ses possibles jusqu\u2019en juin 2025, quand l\u2019\u00c9tat a finalement abond\u00e9 80 % de ces 100 000 euros. \u00ab Et pour l\u2019an prochain, on ne sait pas. \u00bb<\/p>\n<p>Pr\u00e9f\u00e9rant pr\u00e9venir que gu\u00e9rir, le CIDFF 67 a lanc\u00e9 un <a href=\"https:\/\/www.helloasso.com\/associations\/centre-d-information-sur-les-droits-des-femmes-et-des-familles-du-bas-rhin\/formulaires\/1\" target=\"_blank\" rel=\"noopener\">appel aux dons<\/a> sur internet pour \u00ab rem\u00e9dier \u00e0 l\u2019absence d\u2019une partie des financements \u00bb. Un paradoxe, au moment o\u00f9 l\u2019association voit les demandes d\u2019accompagnement pour violences augmenter de 12 % souligne sa directrice, Anna Matteoli. Le CIDFF 67 a re\u00e7u 2700 personnes en 2024, dont 1978 femmes pour 400 suivis de violences.<\/p>\n<p class=\"note\">Le CIDFF a lanc\u00e9 sa cagnotte en ligne <a href=\"https:\/\/www.helloasso.com\/associations\/centre-d-information-sur-les-droits-des-femmes-et-des-familles-du-bas-rhin\/formulaires\/1\" target=\"_blank\" rel=\"noopener\">\u201cFaire un don au CIDFF du Bas-Rhin\u201d<\/a> sur le site helloasso.com<\/p>\n","protected":false},"excerpt":{"rendered":"Moins connu que le 3919, le Centre d\u2019information sur les droits des femmes et des familles du Bas-Rhin&hellip;\n","protected":false},"author":2,"featured_media":556918,"comment_status":"","ping_status":"","sticky":false,"template":"","format":"standard","meta":{"footnotes":""},"categories":[2820],"tags":[1111,11,2389,2649,6084,2880,1777,674,6757,107,1011,27,775,12,25,104,640,2879],"class_list":{"0":"post-556917","1":"post","2":"type-post","3":"status-publish","4":"format-standard","5":"has-post-thumbnail","7":"category-strasbourg","8":"tag-actu","9":"tag-actualites","10":"tag-alsace","11":"tag-bas-rhin","12":"tag-droit","13":"tag-edition-strasbourg","14":"tag-eu","15":"tag-europe","16":"tag-feminisme","17":"tag-fil-info","18":"tag-fr","19":"tag-france","20":"tag-grand-est","21":"tag-news","22":"tag-republique-francaise","23":"tag-societe","24":"tag-strasbourg","25":"tag-strasbourg-ville"},"share_on_mastodon":{"url":"https:\/\/pubeurope.com\/@fr\/115608634268218937","error":""},"_links":{"self":[{"href":"https:\/\/www.europesays.com\/fr\/wp-json\/wp\/v2\/posts\/556917","targetHints":{"allow":["GET"]}}],"collection":[{"href":"https:\/\/www.europesays.com\/fr\/wp-json\/wp\/v2\/posts"}],"about":[{"href":"https:\/\/www.europesays.com\/fr\/wp-json\/wp\/v2\/types\/post"}],"author":[{"embeddable":true,"href":"https:\/\/www.europesays.com\/fr\/wp-json\/wp\/v2\/users\/2"}],"replies":[{"embeddable":true,"href":"https:\/\/www.europesays.com\/fr\/wp-json\/wp\/v2\/comments?post=556917"}],"version-history":[{"count":0,"href":"https:\/\/www.europesays.com\/fr\/wp-json\/wp\/v2\/posts\/556917\/revisions"}],"wp:featuredmedia":[{"embeddable":true,"href":"https:\/\/www.europesays.com\/fr\/wp-json\/wp\/v2\/media\/556918"}],"wp:attachment":[{"href":"https:\/\/www.europesays.com\/fr\/wp-json\/wp\/v2\/media?parent=556917"}],"wp:term":[{"taxonomy":"category","embeddable":true,"href":"https:\/\/www.europesays.com\/fr\/wp-json\/wp\/v2\/categories?post=556917"},{"taxonomy":"post_tag","embeddable":true,"href":"https:\/\/www.europesays.com\/fr\/wp-json\/wp\/v2\/tags?post=556917"}],"curies":[{"name":"wp","href":"https:\/\/api.w.org\/{rel}","templated":true}]}}