{"id":556925,"date":"2025-11-25T05:18:17","date_gmt":"2025-11-25T05:18:17","guid":{"rendered":"https:\/\/www.europesays.com\/fr\/556925\/"},"modified":"2025-11-25T05:18:17","modified_gmt":"2025-11-25T05:18:17","slug":"laurent-mauvignier-parmi-les-invites-du-festival-atlantide-a-nantes-en-mars-2026","status":"publish","type":"post","link":"https:\/\/www.europesays.com\/fr\/556925\/","title":{"rendered":"Laurent Mauvignier parmi les invit\u00e9s du festival Atlantide, \u00e0 Nantes, en mars\u00a02026"},"content":{"rendered":"<p>La quatorzi\u00e8me \u00e9dition du festival litt\u00e9raire Atlantide aura lieu du jeudi\u00a019 au dimanche 22\u00a0mars 2026, \u00e0 Nantes. Les premiers noms viennent d\u2019\u00eatre d\u00e9voil\u00e9s et il y a du beau monde. \u00c0 commencer par le prix Goncourt 2025 avec La maison vide, Laurent Mauvignier. Citons encore Alice Fernet, Olivia Rosenthal, Doa, David Diop, Catherine Millet, Arno Bertina, la Cor\u00e9enne Mirinae Lee, le Soudanais Abdelaziz Baraka Sakin, dont l\u2019\u0153uvre a \u00e9t\u00e9 interdite au Soudan en\u00a02012 et\u00a02019, ou encore, fortes de leur premier roman, Ad\u00e8le Yon (Mon vrai nom est \u00c9lisabeth) ou la britannique\u00a0Sheena Patel, avec Je suis fan, dont nous sommes fans.<\/p>\n<p><strong>Lire aussi\u00a0: <\/strong> <a href=\"https:\/\/rennes.maville.com\/actu\/actudet_--j-ai-juste-eu-envie-qu-on-me-laisse-faire-ce-que-je-voulais-laurent-mauvignier-un-goncourt-peu-academique-_52674-7065836_actu.Htm\" target=\"_blank\" rel=\"noopener\">\u00ab\u00a0J\u2019ai juste eu envie qu\u2019on me laisse faire ce que je voulais\u00a0\u00bb\u00a0: Laurent Mauvignier, un Goncourt peu acad\u00e9mique<\/a><\/p>\n<p>Sous la direction artistique d\u2019Alain Mabanckou, le festival r\u00e9unit chaque ann\u00e9e une cinquantaine d\u2019auteurs fran\u00e7ais et internationaux. Le programme complet sera d\u00e9voil\u00e9 sur atlantide-festival.org \u00e0 compter du 13\u00a0f\u00e9vrier.<\/p>\n<p><strong>Du jeudi\u00a019 au dimanche 22\u00a0mars, <\/strong>au Lieu Unique et dans divers lieux de Nantes, gratuit.<\/p>\n<p>\u00a0<\/p>\n","protected":false},"excerpt":{"rendered":"La quatorzi\u00e8me \u00e9dition du festival litt\u00e9raire Atlantide aura lieu du jeudi\u00a019 au dimanche 22\u00a0mars 2026, \u00e0 Nantes. Les&hellip;\n","protected":false},"author":2,"featured_media":556926,"comment_status":"","ping_status":"","sticky":false,"template":"","format":"standard","meta":{"footnotes":""},"categories":[2818],"tags":[5734,1111,11,67453,1777,674,849,1011,27,12363,3955,918,65603,766,12,2636,25],"class_list":{"0":"post-556925","1":"post","2":"type-post","3":"status-publish","4":"format-standard","5":"has-post-thumbnail","7":"category-nantes","8":"tag-5734","9":"tag-actu","10":"tag-actualites","11":"tag-atlantide","12":"tag-eu","13":"tag-europe","14":"tag-festival","15":"tag-fr","16":"tag-france","17":"tag-invites","18":"tag-laurent","19":"tag-mars","20":"tag-mauvignier","21":"tag-nantes","22":"tag-news","23":"tag-pays-de-la-loire","24":"tag-republique-francaise"},"share_on_mastodon":{"url":"https:\/\/pubeurope.com\/@fr\/115608650025391135","error":""},"_links":{"self":[{"href":"https:\/\/www.europesays.com\/fr\/wp-json\/wp\/v2\/posts\/556925","targetHints":{"allow":["GET"]}}],"collection":[{"href":"https:\/\/www.europesays.com\/fr\/wp-json\/wp\/v2\/posts"}],"about":[{"href":"https:\/\/www.europesays.com\/fr\/wp-json\/wp\/v2\/types\/post"}],"author":[{"embeddable":true,"href":"https:\/\/www.europesays.com\/fr\/wp-json\/wp\/v2\/users\/2"}],"replies":[{"embeddable":true,"href":"https:\/\/www.europesays.com\/fr\/wp-json\/wp\/v2\/comments?post=556925"}],"version-history":[{"count":0,"href":"https:\/\/www.europesays.com\/fr\/wp-json\/wp\/v2\/posts\/556925\/revisions"}],"wp:featuredmedia":[{"embeddable":true,"href":"https:\/\/www.europesays.com\/fr\/wp-json\/wp\/v2\/media\/556926"}],"wp:attachment":[{"href":"https:\/\/www.europesays.com\/fr\/wp-json\/wp\/v2\/media?parent=556925"}],"wp:term":[{"taxonomy":"category","embeddable":true,"href":"https:\/\/www.europesays.com\/fr\/wp-json\/wp\/v2\/categories?post=556925"},{"taxonomy":"post_tag","embeddable":true,"href":"https:\/\/www.europesays.com\/fr\/wp-json\/wp\/v2\/tags?post=556925"}],"curies":[{"name":"wp","href":"https:\/\/api.w.org\/{rel}","templated":true}]}}