{"id":556930,"date":"2025-11-25T05:21:17","date_gmt":"2025-11-25T05:21:17","guid":{"rendered":"https:\/\/www.europesays.com\/fr\/556930\/"},"modified":"2025-11-25T05:21:17","modified_gmt":"2025-11-25T05:21:17","slug":"les-previsions-meteo-du-mardi-25-novembre-a-bordeaux","status":"publish","type":"post","link":"https:\/\/www.europesays.com\/fr\/556930\/","title":{"rendered":"Les pr\u00e9visions m\u00e9t\u00e9o du mardi 25 novembre \u00e0 Bordeaux"},"content":{"rendered":"<p>Aujourd\u2019hui, le temps \u00e0 Bordeaux sera partag\u00e9 entre nuages et \u00e9claircies, avec des temp\u00e9ratures proches des normales saisonni\u00e8res.<\/p>\n<p><img fetchpriority=\"high\" decoding=\"async\" width=\"1024\" height=\"576\" src=\"https:\/\/www.europesays.com\/fr\/wp-content\/uploads\/2025\/11\/nuageux-1-1024x576.png\" alt=\"\" class=\"wp-image-86291\"  \/>Ciel nuageux au-dessus de Bordeaux, avec des \u00e9claircies possibles dans la journ\u00e9e.<\/p>\n<p style=\"font-size:16px\"><strong>Le matin<\/strong>, le ciel sera \u00e0 moiti\u00e9 nuageux, laissant passer quelques rayons de soleil. Il fera\u00a0<strong>7\u00b0C<\/strong>\u00a0(ressenti <strong>5\u00b0C<\/strong>) avec des rafales soufflant jusqu\u2019\u00e0 <strong>25 km\/h.<\/strong> Aucun risque de pluie n\u2019est pr\u00e9vu.<\/p>\n<p style=\"font-size:16px\"><strong>Dans l\u2019apr\u00e8s-midi<\/strong>, le ciel se fera plus variable et tr\u00e8s nuageux, avec un faible risque d\u2019averses (20%). Les temp\u00e9ratures atteindront\u00a0<strong>12\u00b0C<\/strong>\u00a0(ressenti 10\u00b0C), tandis que le vent s\u2019intensifiera avec des rafales pouvant atteindre <strong>40 km\/h.<\/strong> Le temps restera relativement doux pour la saison malgr\u00e9 quelques nuages.<\/p>\n<p style=\"font-size:16px\"><strong>En soir\u00e9e<\/strong>, le ciel se d\u00e9gagera l\u00e9g\u00e8rement, avec\u00a0<strong>7\u00b0C<\/strong>\u00a0(ressenti<strong> 5\u00b0C)<\/strong>. Le vent faiblira \u00e0 <strong>30 km\/h <\/strong>et aucune pluie n\u2019est attendue.<\/p>\n<p style=\"font-size:16px\"><strong>La nuit<\/strong>\u00a0sera ponctu\u00e9e de belles \u00e9claircies devenant plus variables, avec\u00a0<strong>4\u00b0C<\/strong>\u00a0(ressenti <strong>3\u00b0C<\/strong>) et des rafales l\u00e9g\u00e8res autour de <strong>20 km\/h<\/strong>. La nuit restera s\u00e8che, offrant un ciel clair pour observer les \u00e9toiles.<\/p>\n<p style=\"font-size:16px\">En r\u00e9sum\u00e9, une journ\u00e9e fra\u00eeche mais agr\u00e9able, avec seulement un petit risque de pluie l\u2019apr\u00e8s-midi.<\/p>\n<p style=\"font-size:16px\">\u00c0 lire aussi : <a href=\"https:\/\/www.bougerabordeaux.com\/actu\/news\/bordeaux-dans-le-top-10-mondial-des-villes-cyclables\/\" target=\"_blank\" rel=\"noreferrer noopener\">Bordeaux dans le top 10 mondial des villes cyclables !<\/a><\/p>\n","protected":false},"excerpt":{"rendered":"Aujourd\u2019hui, le temps \u00e0 Bordeaux sera partag\u00e9 entre nuages et \u00e9claircies, avec des temp\u00e9ratures proches des normales saisonni\u00e8res.&hellip;\n","protected":false},"author":2,"featured_media":526581,"comment_status":"","ping_status":"","sticky":false,"template":"","format":"standard","meta":{"footnotes":""},"categories":[2817],"tags":[1111,11,1997,1777,674,1011,27,12,2219,25],"class_list":{"0":"post-556930","1":"post","2":"type-post","3":"status-publish","4":"format-standard","5":"has-post-thumbnail","7":"category-bordeaux","8":"tag-actu","9":"tag-actualites","10":"tag-bordeaux","11":"tag-eu","12":"tag-europe","13":"tag-fr","14":"tag-france","15":"tag-news","16":"tag-nouvelle-aquitaine","17":"tag-republique-francaise"},"share_on_mastodon":{"url":"https:\/\/pubeurope.com\/@fr\/115608662936394193","error":""},"_links":{"self":[{"href":"https:\/\/www.europesays.com\/fr\/wp-json\/wp\/v2\/posts\/556930","targetHints":{"allow":["GET"]}}],"collection":[{"href":"https:\/\/www.europesays.com\/fr\/wp-json\/wp\/v2\/posts"}],"about":[{"href":"https:\/\/www.europesays.com\/fr\/wp-json\/wp\/v2\/types\/post"}],"author":[{"embeddable":true,"href":"https:\/\/www.europesays.com\/fr\/wp-json\/wp\/v2\/users\/2"}],"replies":[{"embeddable":true,"href":"https:\/\/www.europesays.com\/fr\/wp-json\/wp\/v2\/comments?post=556930"}],"version-history":[{"count":0,"href":"https:\/\/www.europesays.com\/fr\/wp-json\/wp\/v2\/posts\/556930\/revisions"}],"wp:featuredmedia":[{"embeddable":true,"href":"https:\/\/www.europesays.com\/fr\/wp-json\/wp\/v2\/media\/526581"}],"wp:attachment":[{"href":"https:\/\/www.europesays.com\/fr\/wp-json\/wp\/v2\/media?parent=556930"}],"wp:term":[{"taxonomy":"category","embeddable":true,"href":"https:\/\/www.europesays.com\/fr\/wp-json\/wp\/v2\/categories?post=556930"},{"taxonomy":"post_tag","embeddable":true,"href":"https:\/\/www.europesays.com\/fr\/wp-json\/wp\/v2\/tags?post=556930"}],"curies":[{"name":"wp","href":"https:\/\/api.w.org\/{rel}","templated":true}]}}