{"id":556935,"date":"2025-11-25T05:24:13","date_gmt":"2025-11-25T05:24:13","guid":{"rendered":"https:\/\/www.europesays.com\/fr\/556935\/"},"modified":"2025-11-25T05:24:13","modified_gmt":"2025-11-25T05:24:13","slug":"du-pret-a-porter-made-in-france-des-5-e","status":"publish","type":"post","link":"https:\/\/www.europesays.com\/fr\/556935\/","title":{"rendered":"du pr\u00eat-\u00e0-porter made in France d\u00e8s 5 \u20ac"},"content":{"rendered":"<p>                    Par<br \/>\n        <strong><br \/>\n            <a href=\"https:\/\/actu.fr\/auteur\/margot-nicodeme\" title=\"Consulter tous les articles de Margot Nicod\u00e8me\" target=\"_blank\" rel=\"noopener\">Margot Nicod\u00e8me<\/a><br \/>\n                    <\/strong><\/p>\n<p>        Publi\u00e9 le<\/p>\n<p>            25 nov. 2025 \u00e0 6h04        <\/p>\n<p>C\u2019est <b>le bon plan \u00e0 l\u2019approche de <a href=\"https:\/\/actu.fr\/hauts-de-france\/dunkerque_59183\/a-1-heure-de-lille-cet-evenement-phare-de-noel-attire-des-milliers-de-visiteurs-chaque-annee_63475786.html\" target=\"_blank\" rel=\"noopener\">No\u00ebl<\/a><\/b>, pour qui serait attach\u00e9 \u00e0 faire des cadeaux \u00e9thiques. La<b> marque de pr\u00eat-\u00e0-porter<\/b> nordiste <a href=\"https:\/\/actu.fr\/hauts-de-france\/lille_59350\/les-fabricants-boutique-ephemere-aux-pepites-locales-ouvre-a-lille-pour-les-fetes_63380122.html\" target=\"_blank\" rel=\"noopener\"><b>Lemahieu<\/b><\/a>, qui produit exclusivement des articles made in France, organise <b>une grande vente d\u2019usine<\/b> pr\u00e8s de <a href=\"https:\/\/actu.fr\/hauts-de-france\/lille_59350\" target=\"_blank\" rel=\"noopener\">Lille<\/a>, pendant 3 jours, du jeudi 4 au samedi 6 d\u00e9cembre 2025. Les prix commenceront \u00e0 5 \u20ac.\u00a0<\/p>\n<p>Grande vente d\u2019usine Lemahieu \u00e0 Saint-Andr\u00e9-lez-Lille : du made in France \u00e0 partir de 5 \u20ac<\/p>\n<p class=\" wall-content\">Les petits prix propos\u00e9s s\u2019expliquent par le fait qu\u2019il s\u2019agira de <a href=\"https:\/\/actu.fr\/hauts-de-france\/saint-andre-lez-lille_59527\/nord-malgre-la-crise-du-textile-cette-entreprise-enregistre-22-de-chiffre-daffaires_62971492.html\" target=\"_blank\" rel=\"noopener\">fins de collection et d\u2019articles d\u00e9stock\u00e9s<\/a>. Les clients pourront trouver tout ce qu\u2019ils souhaitent, dans les ateliers de fabrication de <a href=\"https:\/\/actu.fr\/hauts-de-france\/saint-andre-lez-lille_59527\" target=\"_blank\" rel=\"noopener\">Saint-Andr\u00e9-lez-Lille<\/a> : des v\u00eatements, des sous-v\u00eatements, des chaussettes, pour homme comme pour femme, avec des tailles allant jusqu\u2019au 3XL.\u00a0<\/p>\n<p class=\" wall-content\">Les amateurs de couture pourront d\u00e9couvrir un stand mercerie, avec la vente de tricot au m\u00e8tre. En parall\u00e8le, <b>des visites gratuites de l\u2019usine <\/b>seront programm\u00e9es les jeudi 4 et vendredi 5 d\u00e9cembre \u00e0 14h, sans inscription. L\u2019occasion de vivre \u00ab\u00a0une immersion d\u2019une heure dans les coulisses de la fabrication textile fran\u00e7aise, du tricotage \u00e0 la confection\u00a0\u00bb.\u00a0<\/p>\n<p class=\" wall-content\">L\u2019acc\u00e8s aux ateliers comme au parking est totalement gratuit, et il n\u2019y a pas besoin de s\u2019inscrire.<\/p>\n<p>Grande vente d\u2019usine Lemahieu, dans les ateliers de fabrication au 480, avenue de Lattre-de-Tassigny \u00e0 Saint-Andr\u00e9-lez-Lille. Du jeudi 4 au samedi 6 d\u00e9cembre 2025 de 10h \u00e0 18h30 sans interruption. Entr\u00e9e libre.<\/p>\n<p class=\" wall-content\">Personnalisez votre actualit\u00e9 en ajoutant vos villes et m\u00e9dias en favori avec <a href=\"https:\/\/moncompte.actu.fr\" title=\"D\u00e9couvez Mon Actu\" rel=\"nofollow noopener\" data-trk=\"{&quot;cta&quot;:{&quot;action&quot;:&quot;https:\\\/\\\/moncompte.actu.fr&quot;,&quot;category&quot;:&quot;mon compte&quot;,&quot;from&quot;:&quot;article footer&quot;,&quot;name&quot;:&quot;Mon actu&quot;,&quot;type&quot;:&quot;cta&quot;}}\" target=\"_blank\">Mon Actu<\/a>.<\/p>\n","protected":false},"excerpt":{"rendered":"Par Margot Nicod\u00e8me Publi\u00e9 le 25 nov. 2025 \u00e0 6h04 C\u2019est le bon plan \u00e0 l\u2019approche de No\u00ebl,&hellip;\n","protected":false},"author":2,"featured_media":556936,"comment_status":"","ping_status":"","sticky":false,"template":"","format":"standard","meta":{"footnotes":""},"categories":[2815],"tags":[1111,11,6557,33,1777,674,1011,27,811,1307,14883,12,25,2422],"class_list":{"0":"post-556935","1":"post","2":"type-post","3":"status-publish","4":"format-standard","5":"has-post-thumbnail","7":"category-lille","8":"tag-actu","9":"tag-actualites","10":"tag-bon-plan-a-lille","11":"tag-economie","12":"tag-eu","13":"tag-europe","14":"tag-fr","15":"tag-france","16":"tag-hauts-de-france","17":"tag-lille","18":"tag-made-in-france","19":"tag-news","20":"tag-republique-francaise","21":"tag-textile"},"share_on_mastodon":{"url":"https:\/\/pubeurope.com\/@fr\/115608674290254538","error":""},"_links":{"self":[{"href":"https:\/\/www.europesays.com\/fr\/wp-json\/wp\/v2\/posts\/556935","targetHints":{"allow":["GET"]}}],"collection":[{"href":"https:\/\/www.europesays.com\/fr\/wp-json\/wp\/v2\/posts"}],"about":[{"href":"https:\/\/www.europesays.com\/fr\/wp-json\/wp\/v2\/types\/post"}],"author":[{"embeddable":true,"href":"https:\/\/www.europesays.com\/fr\/wp-json\/wp\/v2\/users\/2"}],"replies":[{"embeddable":true,"href":"https:\/\/www.europesays.com\/fr\/wp-json\/wp\/v2\/comments?post=556935"}],"version-history":[{"count":0,"href":"https:\/\/www.europesays.com\/fr\/wp-json\/wp\/v2\/posts\/556935\/revisions"}],"wp:featuredmedia":[{"embeddable":true,"href":"https:\/\/www.europesays.com\/fr\/wp-json\/wp\/v2\/media\/556936"}],"wp:attachment":[{"href":"https:\/\/www.europesays.com\/fr\/wp-json\/wp\/v2\/media?parent=556935"}],"wp:term":[{"taxonomy":"category","embeddable":true,"href":"https:\/\/www.europesays.com\/fr\/wp-json\/wp\/v2\/categories?post=556935"},{"taxonomy":"post_tag","embeddable":true,"href":"https:\/\/www.europesays.com\/fr\/wp-json\/wp\/v2\/tags?post=556935"}],"curies":[{"name":"wp","href":"https:\/\/api.w.org\/{rel}","templated":true}]}}