{"id":556943,"date":"2025-11-25T05:30:26","date_gmt":"2025-11-25T05:30:26","guid":{"rendered":"https:\/\/www.europesays.com\/fr\/556943\/"},"modified":"2025-11-25T05:30:26","modified_gmt":"2025-11-25T05:30:26","slug":"dardilly-nouvel-eldorado-immobilier-de-louest-lyonnais","status":"publish","type":"post","link":"https:\/\/www.europesays.com\/fr\/556943\/","title":{"rendered":"Dardilly, nouvel eldorado immobilier de l\u2019Ouest lyonnais"},"content":{"rendered":"<p>\u00c0 la conqu\u00eate de l\u2019Ouest lyonnais, Dardilly ressemble pour beaucoup \u00e0 une terre promise. Dans ce <a href=\"https:\/\/www.google.com\/url?sa=t&amp;rct=j&amp;q=&amp;esrc=s&amp;source=web&amp;cd=&amp;cad=rja&amp;uact=8&amp;ved=2ahUKEwiw2-_qmouRAxWWUaQEHVtNE-gQFnoECBgQAQ&amp;url=https%3A%2F%2Fwww.leprogres.fr%2Feconomie%2F2025%2F11%2F09%2Fla-presqu-ile-est-devenue-moins-attirante-dans-cet-arrondissement-de-lyon-une-inexorable-chute-des-prix&amp;usg=AOvVaw1TfXE4VE1HiEgY3pGBcYJ6&amp;opi=89978449\" target=\"_blank\" rel=\"noopener\">Far West immobilier<\/a> , o\u00f9 les demandes comme les prix s\u2019affolent \u00e0 la moindre p\u00e9pite, la ru\u00e9e vers la cit\u00e9 aux deux clochers se confirme d\u2019ann\u00e9e en ann\u00e9e. Et comme t\u00e9moin, un homme bien connu dans la commune, Christophe Lombard.<\/p>\n<p>Au c\u0153ur de Dardilly-le-Haut, il nous attend dans l\u2019ancien restaurant renomm\u00e9 du coin, \u00ab\u00a0Le Panorama\u00a0\u00bb, reconverti en r\u00e9gie \u00e9ponyme. Dardilly, il la conna\u00eet par c\u0153ur, du haut de ses 28 ans dans le milieu et quasiment autant \u00e0 travailler dans la commune. \u00ab\u00a0J\u2019ai commenc\u00e9 ici en 1997 avec mes deux parents qui \u00e9taient en reconversion professionnelle\u00a0\u00bb, explique-t-il. Depuis, Christophe Lombard a arpent\u00e9 chaque recoin bourgs et&#8230;<\/p>\n","protected":false},"excerpt":{"rendered":"\u00c0 la conqu\u00eate de l\u2019Ouest lyonnais, Dardilly ressemble pour beaucoup \u00e0 une terre promise. Dans ce Far West&hellip;\n","protected":false},"author":2,"featured_media":556944,"comment_status":"","ping_status":"","sticky":false,"template":"","format":"standard","meta":{"footnotes":""},"categories":[1889],"tags":[1111,11,2430,29359,33,3153,1777,674,1011,27,1116,2428,12,25,2429,20284],"class_list":{"0":"post-556943","1":"post","2":"type-post","3":"status-publish","4":"format-standard","5":"has-post-thumbnail","7":"category-lyon","8":"tag-actu","9":"tag-actualites","10":"tag-auvergne-rhone-alpes","11":"tag-dardilly","12":"tag-economie","13":"tag-edition-ouest-lyonnais","14":"tag-eu","15":"tag-europe","16":"tag-fr","17":"tag-france","18":"tag-immobilier","19":"tag-lyon","20":"tag-news","21":"tag-republique-francaise","22":"tag-rhone","23":"tag-tassin-la-demi-lune-bassin"},"share_on_mastodon":{"url":"https:\/\/pubeurope.com\/@fr\/115608697119120972","error":""},"_links":{"self":[{"href":"https:\/\/www.europesays.com\/fr\/wp-json\/wp\/v2\/posts\/556943","targetHints":{"allow":["GET"]}}],"collection":[{"href":"https:\/\/www.europesays.com\/fr\/wp-json\/wp\/v2\/posts"}],"about":[{"href":"https:\/\/www.europesays.com\/fr\/wp-json\/wp\/v2\/types\/post"}],"author":[{"embeddable":true,"href":"https:\/\/www.europesays.com\/fr\/wp-json\/wp\/v2\/users\/2"}],"replies":[{"embeddable":true,"href":"https:\/\/www.europesays.com\/fr\/wp-json\/wp\/v2\/comments?post=556943"}],"version-history":[{"count":0,"href":"https:\/\/www.europesays.com\/fr\/wp-json\/wp\/v2\/posts\/556943\/revisions"}],"wp:featuredmedia":[{"embeddable":true,"href":"https:\/\/www.europesays.com\/fr\/wp-json\/wp\/v2\/media\/556944"}],"wp:attachment":[{"href":"https:\/\/www.europesays.com\/fr\/wp-json\/wp\/v2\/media?parent=556943"}],"wp:term":[{"taxonomy":"category","embeddable":true,"href":"https:\/\/www.europesays.com\/fr\/wp-json\/wp\/v2\/categories?post=556943"},{"taxonomy":"post_tag","embeddable":true,"href":"https:\/\/www.europesays.com\/fr\/wp-json\/wp\/v2\/tags?post=556943"}],"curies":[{"name":"wp","href":"https:\/\/api.w.org\/{rel}","templated":true}]}}