{"id":556950,"date":"2025-11-25T05:38:17","date_gmt":"2025-11-25T05:38:17","guid":{"rendered":"https:\/\/www.europesays.com\/fr\/556950\/"},"modified":"2025-11-25T05:38:17","modified_gmt":"2025-11-25T05:38:17","slug":"sebastien-lecornu-tente-de-sortir-de-limpasse-en-ouvrant-le-debat-sur-cinq-priorites-absolues","status":"publish","type":"post","link":"https:\/\/www.europesays.com\/fr\/556950\/","title":{"rendered":"S\u00e9bastien Lecornu tente de sortir de l\u2019impasse en ouvrant le d\u00e9bat sur cinq \u00ab\u00a0priorit\u00e9s absolues\u00a0\u00bb"},"content":{"rendered":"\n<p class=\"article__paragraph  \">Trois jours apr\u00e8s le rejet, \u00e0 la quasi-unanimit\u00e9, du volet \u00ab\u00a0recettes\u00a0\u00bb du projet de loi de finances, alors que le doute s\u2019installe sur sa capacit\u00e9 \u00e0 doter la France d\u2019un budget pour 2026, S\u00e9bastien Lecornu a tent\u00e9, lundi 24\u00a0novembre, de dessiner un chemin pour sortir de l\u2019impasse.<\/p>\n<p class=\"article__paragraph  \">Prenant la parole pour la premi\u00e8re fois depuis l\u2019\u00e9chec de l\u2019examen du budget en premi\u00e8re lecture, le premier ministre a voulu d\u00e9dramatiser, jugeant tout cela \u00ab\u00a0relativement normal\u00a0\u00bb. \u00ab\u00a0Chacun cherche \u00e9videmment \u00e0 pousser ses propres convictions, \u00e0 poser son drapeau id\u00e9ologique\u00a0\u00bb, a-t-il relativis\u00e9, sur le perron de l\u2019h\u00f4tel de Matignon.<\/p>\n<p class=\"article__paragraph  \">Mais il lui faut d\u00e9sormais sortir du \u00ab\u00a0blocage politique\u00a0\u00bb. Retrouver des marges de man\u0153uvre et redonner du sens \u00e0 une discussion budg\u00e9taire particuli\u00e8rement filandreuse. Aussi le chef du gouvernement entend-il ouvrir le d\u00e9bat, \u00e0 l\u2019Assembl\u00e9e nationale, sur cinq \u00ab\u00a0priorit\u00e9s absolues\u00a0\u00bb\u00a0: le d\u00e9ficit, la r\u00e9forme de l\u2019Etat, l\u2019\u00e9nergie, l\u2019agriculture, ainsi que la s\u00e9curit\u00e9 int\u00e9rieure et ext\u00e9rieure.<\/p>\n<p>                              Lire aussi |  Article r\u00e9serv\u00e9 \u00e0 nos abonn\u00e9s  <a href=\"https:\/\/www.lemonde.fr\/politique\/article\/2025\/11\/24\/le-gouvernement-lecornu-un-gouvernement-technique-rattrape-par-la-politique_6654593_823448.html\" class=\"js-article-read-also catcher--favoris__link\" data-premium=\"1\" id=\"article-title-3447784\" target=\"_blank\" rel=\"noopener\">Le gouvernement Lecornu, un \u00ab\u00a0gouvernement technique\u00a0\u00bb rattrap\u00e9 par la politique<\/a>    <\/p>\n<p>   Lire plus tard  <\/p>\n<p class=\"article__paragraph  \">Se disant convaincu qu\u2019il peut exister \u00ab\u00a0une majorit\u00e9\u00a0\u00bb \u00e0 l\u2019Assembl\u00e9e nationale, S\u00e9bastien Lecornu recevra \u00e0 Matignon, dans les jours qui viennent, l\u2019ensemble des formations politiques ainsi que les partenaires sociaux, pour leur demander de se \u00ab\u00a0positionner\u00a0\u00bb sur ces th\u00e9matiques. En vertu de l\u2019article\u00a050.1 de la Constitution, un premier d\u00e9bat, suivi d\u2019un vote non contraignant, devrait avoir lieu lundi 1er\u00a0d\u00e9cembre sur \u00ab\u00a0la strat\u00e9gie de d\u00e9fense nationale, les moyens suppl\u00e9mentaires et les efforts \u00e0 engager\u00a0\u00bb. Un sujet sur lequel le premier ministre esp\u00e8re un large consensus. La loi de programmation militaire (LPM) 2024-2030 avait de fait \u00e9t\u00e9 adopt\u00e9e \u00e0 une large majorit\u00e9 en juin\u00a02023, seuls les \u00ab\u00a0insoumis\u00a0\u00bb et les communistes ayant vot\u00e9 contre, tandis que socialistes et \u00e9cologistes s\u2019abstenaient.<\/p>\n<p>           Rappel \u00e0 l\u2019ordre           <\/p>\n<p class=\"article__paragraph  \">Alors que le gouvernement propose pour 2026 une hausse de 6,7\u00a0milliards d\u2019euros des cr\u00e9dits pr\u00e9vus dans la LPM, les arm\u00e9es seraient les \u00ab\u00a0premi\u00e8res victimes\u00a0\u00bb d\u2019un \u00e9chec des discussions budg\u00e9taires, a soulign\u00e9 l\u2019ancien ministre des arm\u00e9es. \u00ab\u00a0Si la France veut participer au r\u00e9armement, il faut qu\u2019elle ait un budget de la d\u00e9fense vot\u00e9 dans le cadre de la loi de finances\u00a0\u00bb, mettait en garde l\u2019ancien pr\u00e9sident de la R\u00e9publique et d\u00e9put\u00e9 PS de Corr\u00e8ze Fran\u00e7ois Hollande, dans un entretien au Monde le 23\u00a0novembre, \u00e0 l\u2019unisson.<\/p>\n<p class=\"reading-mode-only \"><strong>Il vous reste 63.69% de cet article \u00e0 lire. La suite est r\u00e9serv\u00e9e aux abonn\u00e9s.<\/strong><\/p>\n","protected":false},"excerpt":{"rendered":"Trois jours apr\u00e8s le rejet, \u00e0 la quasi-unanimit\u00e9, du volet \u00ab\u00a0recettes\u00a0\u00bb du projet de loi de finances, alors&hellip;\n","protected":false},"author":2,"featured_media":556951,"comment_status":"","ping_status":"","sticky":false,"template":"","format":"standard","meta":{"footnotes":""},"categories":[1888],"tags":[1111,1928,11,1927,1777,674,1011,27,12,1926,626,1925,25],"class_list":{"0":"post-556950","1":"post","2":"type-post","3":"status-publish","4":"format-standard","5":"has-post-thumbnail","7":"category-paris","8":"tag-actu","9":"tag-actu-paris","10":"tag-actualites","11":"tag-actualites-paris","12":"tag-eu","13":"tag-europe","14":"tag-fr","15":"tag-france","16":"tag-news","17":"tag-news-paris","18":"tag-paris","19":"tag-paris-news","20":"tag-republique-francaise"},"share_on_mastodon":{"url":"","error":""},"_links":{"self":[{"href":"https:\/\/www.europesays.com\/fr\/wp-json\/wp\/v2\/posts\/556950","targetHints":{"allow":["GET"]}}],"collection":[{"href":"https:\/\/www.europesays.com\/fr\/wp-json\/wp\/v2\/posts"}],"about":[{"href":"https:\/\/www.europesays.com\/fr\/wp-json\/wp\/v2\/types\/post"}],"author":[{"embeddable":true,"href":"https:\/\/www.europesays.com\/fr\/wp-json\/wp\/v2\/users\/2"}],"replies":[{"embeddable":true,"href":"https:\/\/www.europesays.com\/fr\/wp-json\/wp\/v2\/comments?post=556950"}],"version-history":[{"count":0,"href":"https:\/\/www.europesays.com\/fr\/wp-json\/wp\/v2\/posts\/556950\/revisions"}],"wp:featuredmedia":[{"embeddable":true,"href":"https:\/\/www.europesays.com\/fr\/wp-json\/wp\/v2\/media\/556951"}],"wp:attachment":[{"href":"https:\/\/www.europesays.com\/fr\/wp-json\/wp\/v2\/media?parent=556950"}],"wp:term":[{"taxonomy":"category","embeddable":true,"href":"https:\/\/www.europesays.com\/fr\/wp-json\/wp\/v2\/categories?post=556950"},{"taxonomy":"post_tag","embeddable":true,"href":"https:\/\/www.europesays.com\/fr\/wp-json\/wp\/v2\/tags?post=556950"}],"curies":[{"name":"wp","href":"https:\/\/api.w.org\/{rel}","templated":true}]}}