{"id":556956,"date":"2025-11-25T05:43:15","date_gmt":"2025-11-25T05:43:15","guid":{"rendered":"https:\/\/www.europesays.com\/fr\/556956\/"},"modified":"2025-11-25T05:43:15","modified_gmt":"2025-11-25T05:43:15","slug":"nouvelle-nuit-dattaques-aeriennes-massives-en-ukraine-et-en-russie-actualites","status":"publish","type":"post","link":"https:\/\/www.europesays.com\/fr\/556956\/","title":{"rendered":"Nouvelle nuit d&rsquo;attaques a\u00e9riennes massives en Ukraine et en Russie : Actualit\u00e9s"},"content":{"rendered":"<p class=\"lead \">L&rsquo;Ukraine et la Russie ont toutes deux fait \u00e9tat mardi matin de frappes a\u00e9riennes \u00ab\u00a0massives\u00a0\u00bb de l&rsquo;ennemi sur leurs territoires respectifs, avec au moins trois morts recens\u00e9s dans la r\u00e9gion russe de Rostov et au moins deux c\u00f4t\u00e9 ukrainien, o\u00f9 le secteur \u00e9nerg\u00e9tique et la capitale Kiev ont encore une fois \u00e9t\u00e9 vis\u00e9s.<\/p>\n<p class=\"lead \">Ces nouvelles attaques aux missiles et aux drones interviennent alors que la Russie, qui a menac\u00e9 d&rsquo;intensifier les bombardements si Kiev n&rsquo;acceptait pas le plan en 28 points du pr\u00e9sident am\u00e9ricain Donald Trump pour mettre fin au conflit, a rejet\u00e9 lundi une contre-proposition europ\u00e9enne \u00e0 ce projet consid\u00e9r\u00e9 comme largement favorable \u00e0 ses int\u00e9r\u00eats. <\/p>\n<p class=\"lead \">Les pays de la \u00ab\u00a0Coalition des volontaires\u00a0\u00bb soutenant l&rsquo;Ukraine doivent tenir mardi une nouvelle r\u00e9union en visio-conf\u00e9rence.<\/p>\n<p class=\"lead \">En Russie, au moins trois personnes sont mortes et huit ont \u00e9t\u00e9 bless\u00e9es lors d&rsquo;une attaque ukrainienne contre la ville portuaire de Taganrog et le district voisin de Neklinovsky, au bord de la mer d&rsquo;Azov, dans la r\u00e9gion de Rostov, a annonc\u00e9 sur Telegram le gouverneur r\u00e9gional Iouri Slioussar.<\/p>\n<p class=\"lead \">Les autorit\u00e9s de la r\u00e9gion russe de Krasnodar, sur la mer Noire, ont \u00e9galement fait \u00e9tat d&rsquo;une attaque a\u00e9rienne ukrainienne d&rsquo;ampleur contre plusieurs villes.<\/p>\n<p class=\"lead \">\u00ab\u00a0Cette nuit, le territoire de Krasnodar a subi une des attaques du r\u00e9gime de Kiev les plus soutenues et les plus massives. Six habitants de la r\u00e9gion ont \u00e9t\u00e9 bless\u00e9s, et au moins 20 logements dans cinq municipalit\u00e9s ont \u00e9t\u00e9 endommag\u00e9s\u00a0\u00bb, a \u00e9crit le gouverneur r\u00e9gional Veniamine Kondratiev sur Telegram.<\/p>\n<p class=\"lead \">Le minist\u00e8re russe de la D\u00e9fense a affirm\u00e9 que 249 drones ukrainiens avaient \u00e9t\u00e9 abattus dans la nuit au-dessus du pays, un des chiffres les plus \u00e9lev\u00e9s depuis le d\u00e9but du conflit.<\/p>\n<p class=\"lead \"> En Ukraine, le minist\u00e8re de l&rsquo;Energie a de son c\u00f4t\u00e9 fait \u00e9tat d'\u00a0\u00bbune attaque massive combin\u00e9e de l&rsquo;ennemi contre les infrastructures \u00e9nerg\u00e9tiques\u00a0\u00bb.<\/p>\n<p class=\"lead \">A l&rsquo;approche de l&rsquo;hiver, la Russie attaque syst\u00e9matiquement les centrales et stations \u00e9lectriques de l&rsquo;Ukraine depuis le lancement de son invasion en f\u00e9vrier 2022, provoquant d&rsquo;incessantes coupures de courant. Cette ann\u00e9e, les frappes se sont intensifi\u00e9es et visent aussi les sites gaziers.<\/p>\n<p class=\"lead \">L&rsquo;Ukraine vise de son c\u00f4t\u00e9 r\u00e9guli\u00e8rement des d\u00e9p\u00f4ts et raffineries de p\u00e9trole et d&rsquo;autres installations en Russie.<\/p>\n<p class=\"lead \">&#8211; Eau et \u00e9lectricit\u00e9 perturb\u00e9es &#8211;<\/p>\n<p class=\"lead \">A Kiev, plusieurs s\u00e9ries d&rsquo;explosions ont retenti t\u00f4t mardi matin, selon des journalistes de l&rsquo;AFP, apr\u00e8s une alerte a\u00e9rienne d\u00e9clench\u00e9e dans tout le pays. Les autorit\u00e9s ont fait \u00e9tat d&rsquo;au moins deux morts et six bless\u00e9s dans deux immeubles d&rsquo;habitation touch\u00e9s.<\/p>\n<p class=\"lead \">Le maire de Kiev Vitali Klitschko a indiqu\u00e9 que la distribution de l&rsquo;eau et de l&rsquo;\u00e9nergie \u00e9tait perturb\u00e9e dans la capitale.<\/p>\n<p class=\"lead \">Cette nouvelle nuit d&rsquo;affrontements survient apr\u00e8s que la Russie a rejet\u00e9 lundi des propositions europ\u00e9ennes pour amender le plan Trump sur l&rsquo;Ukraine.<\/p>\n<p class=\"lead \">\u00ab\u00a0Nous avons appris l&rsquo;existence d&rsquo;un plan europ\u00e9en qui, \u00e0 premi\u00e8re vue, n&rsquo;est pas du tout constructif et ne nous convient pas\u00a0\u00bb, a d\u00e9clar\u00e9 le conseiller diplomatique du pr\u00e9sident russe Vladimir Poutine, Iouri Ouchakov, selon l&rsquo;agence officielle Tass.<\/p>\n<p class=\"lead \">Des discussions entre Ukrainiens, Am\u00e9ricains et Europ\u00e9ens avaient \u00e9t\u00e9 convoqu\u00e9es dimanche dans l&rsquo;urgence \u00e0 Gen\u00e8ve sur la base du plan pr\u00e9sent\u00e9 par le pr\u00e9sident am\u00e9ricain, bien accueilli par Moscou, qui comprend notamment la cession de territoires ukrainiens et s&rsquo;apparente \u00e0 une capitulation de Kiev.<\/p>\n<p class=\"lead \">Au cours de ces pourparlers, les Etats-Unis ont fait pression sur l&rsquo;Ukraine pour qu&rsquo;elle accepte leurs propositions, a d\u00e9clar\u00e9 \u00e0 l&rsquo;AFP un haut responsable inform\u00e9 des discussions. La porte-parole de la Maison Blanche a toutefois qualifi\u00e9 de \u00ab\u00a0compl\u00e8tement fallacieuse\u00a0\u00bb l&rsquo;id\u00e9e selon laquelle Donald Trump et son gouvernement favoriseraient la Russie.<\/p>\n<p class=\"lead \">Les pays de la \u00ab\u00a0Coalition des volontaires\u00a0\u00bb, qui r\u00e9unit les alli\u00e9s de l&rsquo;Ukraine, se r\u00e9uniront mardi en visio-conf\u00e9rence pour continuer \u00e0 discuter du plan am\u00e9ricain. \u00ab\u00a0On sait que s&rsquo;il n&rsquo;y a pas des \u00e9l\u00e9ments de la dissuasion\u00a0\u00bb dans un plan de paix pour l&rsquo;Ukraine, \u00ab\u00a0les Russes reviendront et trahiront leur promesse\u00a0\u00bb, avait averti samedi le pr\u00e9sident fran\u00e7ais Emmanuel Macron en annon\u00e7ant cette r\u00e9union.<\/p>\n<p class=\"lead \">Si le pr\u00e9sident ukrainien Volodymyr Zelensky a salu\u00e9 lundi des avanc\u00e9es, il a estim\u00e9 qu&rsquo;il fallait \u00ab\u00a0beaucoup plus\u00a0\u00bb pour parvenir \u00e0 une \u00ab\u00a0paix r\u00e9elle\u00a0\u00bb avec la Russie et mettre fin au conflit le plus meurtrier en Europe depuis la Seconde Guerre mondiale. <\/p>\n<p class=\"small font-weight-bold text-gray3 \"> publi\u00e9 le 25 novembre \u00e0 06h30, AFP<\/p>\n<p>                             Partager<\/p>\n","protected":false},"excerpt":{"rendered":"L&rsquo;Ukraine et la Russie ont toutes deux fait \u00e9tat mardi matin de frappes a\u00e9riennes \u00ab\u00a0massives\u00a0\u00bb de l&rsquo;ennemi sur&hellip;\n","protected":false},"author":2,"featured_media":556957,"comment_status":"","ping_status":"","sticky":false,"template":"","format":"standard","meta":{"footnotes":""},"categories":[1591],"tags":[14427,11,2120,1887,12,1885,1886,132,220],"class_list":{"0":"post-556956","1":"post","2":"type-post","3":"status-publish","4":"format-standard","5":"has-post-thumbnail","7":"category-russie","8":"tag-nergie","9":"tag-actualites","10":"tag-conflit","11":"tag-federation-de-russie","12":"tag-news","13":"tag-russia","14":"tag-russian-federation","15":"tag-russie","16":"tag-ukraine"},"share_on_mastodon":{"url":"https:\/\/pubeurope.com\/@fr\/115608748249270473","error":""},"_links":{"self":[{"href":"https:\/\/www.europesays.com\/fr\/wp-json\/wp\/v2\/posts\/556956","targetHints":{"allow":["GET"]}}],"collection":[{"href":"https:\/\/www.europesays.com\/fr\/wp-json\/wp\/v2\/posts"}],"about":[{"href":"https:\/\/www.europesays.com\/fr\/wp-json\/wp\/v2\/types\/post"}],"author":[{"embeddable":true,"href":"https:\/\/www.europesays.com\/fr\/wp-json\/wp\/v2\/users\/2"}],"replies":[{"embeddable":true,"href":"https:\/\/www.europesays.com\/fr\/wp-json\/wp\/v2\/comments?post=556956"}],"version-history":[{"count":0,"href":"https:\/\/www.europesays.com\/fr\/wp-json\/wp\/v2\/posts\/556956\/revisions"}],"wp:featuredmedia":[{"embeddable":true,"href":"https:\/\/www.europesays.com\/fr\/wp-json\/wp\/v2\/media\/556957"}],"wp:attachment":[{"href":"https:\/\/www.europesays.com\/fr\/wp-json\/wp\/v2\/media?parent=556956"}],"wp:term":[{"taxonomy":"category","embeddable":true,"href":"https:\/\/www.europesays.com\/fr\/wp-json\/wp\/v2\/categories?post=556956"},{"taxonomy":"post_tag","embeddable":true,"href":"https:\/\/www.europesays.com\/fr\/wp-json\/wp\/v2\/tags?post=556956"}],"curies":[{"name":"wp","href":"https:\/\/api.w.org\/{rel}","templated":true}]}}