{"id":556964,"date":"2025-11-25T05:47:12","date_gmt":"2025-11-25T05:47:12","guid":{"rendered":"https:\/\/www.europesays.com\/fr\/556964\/"},"modified":"2025-11-25T05:47:12","modified_gmt":"2025-11-25T05:47:12","slug":"allemagne-sept-antifascistes-juges-pour-violences-sur-des-extremistes-de-droite-actualites","status":"publish","type":"post","link":"https:\/\/www.europesays.com\/fr\/556964\/","title":{"rendered":"Allemagne: sept antifascistes jug\u00e9s pour violences sur des extr\u00e9mistes de droite : Actualit\u00e9s"},"content":{"rendered":"<p class=\"lead \">Sept membres pr\u00e9sum\u00e9s du groupe d&rsquo;extr\u00eame gauche Antifa Ost sont jug\u00e9s \u00e0 partir de mardi en Allemagne, accus\u00e9s d&rsquo;attaques violentes contre des personnes qu&rsquo;ils avaient identifi\u00e9es comme des extr\u00e9mistes de droite.<\/p>\n<p class=\"lead \">Ces six hommes et une femme comparaissent \u00e0 partir de 9h30 devant le tribunal de Dresde, dans l&rsquo;est du pays, pour avoir particip\u00e9, selon le parquet f\u00e9d\u00e9ral allemand, \u00e0 huit attaques en Allemagne et \u00e0 plusieurs attaques en Hongrie entre 2018 et 2023.<\/p>\n<p class=\"lead \">Dans un contexte de polarisation politique croissante, ce proc\u00e8s d\u00e9bute quelques jours apr\u00e8s l&rsquo;inscription de ce groupe, \u00e9galement connu sous le nom du \u00ab\u00a0gang du marteau\u00a0\u00bb, sur la liste des \u00ab\u00a0organisations terroristes\u00a0\u00bb des Etats-Unis, parmi d&rsquo;autres mouvements se r\u00e9clamant de l&rsquo;antifascisme en Europe.<\/p>\n<p class=\"lead \">Parmi leurs victimes pr\u00e9sum\u00e9es, le propri\u00e9taire d&rsquo;un restaurant en Thuringe (est), lieu de rencontre de sympathisants d&rsquo;extr\u00eame droite, aurait \u00e9t\u00e9 attaqu\u00e9 \u00e0 deux reprises.<\/p>\n<p class=\"lead \">Certains suspects sont soup\u00e7onn\u00e9s d&rsquo;avoir cibl\u00e9 des militants pr\u00e9sum\u00e9s d&rsquo;extr\u00eame droite avec des marteaux &#8211; d&rsquo;o\u00f9 le surnom du groupe &#8211; et gravement bless\u00e9 plusieurs d&rsquo;entre eux.<\/p>\n<p class=\"lead \">Deux des suspects, identifi\u00e9s comme Johann G. et Paul M., sont \u00e9galement accus\u00e9s d&rsquo;avoir attaqu\u00e9 et bless\u00e9 plusieurs personnes \u00e0 Budapest en f\u00e9vrier 2023.<\/p>\n<p class=\"lead \">Les faits se sont d\u00e9roul\u00e9s en marge du \u00ab\u00a0Jour de l&rsquo;Honneur\u00a0\u00bb, une comm\u00e9moration organis\u00e9e chaque ann\u00e9e par les milieux n\u00e9onazis.<\/p>\n<p class=\"lead \">L&rsquo;antifasciste allemand Maja T., qui se d\u00e9finit comme non binaire, est actuellement jug\u00e9 dans la capitale hongroise pour quatre attaques lors du m\u00eame rassemblement de f\u00e9vrier 2023.<\/p>\n<p class=\"lead \">Le parquet a d\u00e9crit Johann G. comme un meneur d&rsquo;Antifa Ost, responsable de la planification des attaques et du recrutement de complices.<\/p>\n<p class=\"lead \">Avec Paul M., il est accus\u00e9 d&rsquo;avoir organis\u00e9 des sessions d&rsquo;entra\u00eenement o\u00f9 les participants se pr\u00e9paraient au combat et \u00e0 des attaques planifi\u00e9es.<\/p>\n<p class=\"lead \">Dans des d\u00e9p\u00f4ts g\u00e9r\u00e9s par Paul M., le groupe aurait stock\u00e9 des marteaux, des sprays au poivre, des d\u00e9guisements et des t\u00e9l\u00e9phones portables.<\/p>\n<p class=\"lead \">&#8211; Offensive am\u00e9ricaine &#8211;<\/p>\n<p class=\"lead \">Bient\u00f4t quatre d\u00e9cennies apr\u00e8s la chute du Mur de Berlin, l&rsquo;ancienne Allemagne de l&rsquo;Est communiste demeure un bastion des groupuscules d&rsquo;extr\u00eame droite comme d&rsquo;extr\u00eame gauche.<\/p>\n<p class=\"lead \">A travers l&rsquo;Europe, le mouvement \u00ab\u00a0Antifa\u00a0\u00bb, pour \u00ab\u00a0antifasciste\u00a0\u00bb, s&rsquo;apparente davantage \u00e0 une mouvance qu&rsquo;\u00e0 un groupe organis\u00e9. C&rsquo;est un terme g\u00e9n\u00e9ralement associ\u00e9 \u00e0 une frange de l&rsquo;extr\u00eame gauche, souvent \u00e9voqu\u00e9 par la droite et l&rsquo;extr\u00eame droite \u00e0 propos des violences dans les manifestations.<\/p>\n<p class=\"lead \">Donald Trump a sign\u00e9 en septembre un d\u00e9cret classant comme \u00ab\u00a0organisation terroriste\u00a0\u00bb cette mouvance, au lendemain d&rsquo;une c\u00e9r\u00e9monie d&rsquo;hommage \u00e0 l&rsquo;influenceur ultraconservateur assassin\u00e9 Charlie Kirk.<\/p>\n<p class=\"lead \">Le parti d&rsquo;extr\u00eame droite Alternative pour l&rsquo;Allemagne (AfD) a salu\u00e9 la d\u00e9cision des \u00c9tats-Unis et a exhort\u00e9 Berlin \u00e0 faire de m\u00eame.<\/p>\n<p class=\"lead \">Mi-novembre, le minist\u00e8re allemand des Affaires \u00e9trang\u00e8res a simplement d\u00e9clar\u00e9 qu&rsquo;il avait \u00ab\u00a0pris note\u00a0\u00bb de la d\u00e9signation am\u00e9ricaine.<\/p>\n<p class=\"lead \">Une porte-parole du minist\u00e8re de l&rsquo;Int\u00e9rieur a, elle, soulign\u00e9 que \u00ab\u00a0le danger potentiel pos\u00e9 par le groupe\u00a0\u00bb Antifa Ost avait \u00ab\u00a0r\u00e9cemment diminu\u00e9 de mani\u00e8re significative\u00a0\u00bb.<\/p>\n<p class=\"lead \">Et ceci parce que \u00ab\u00a0les meneurs et les membres particuli\u00e8rement violents du groupe ont soit d\u00e9j\u00e0 \u00e9t\u00e9 condamn\u00e9s de mani\u00e8re d\u00e9finitive, soit sont en d\u00e9tention\u00a0\u00bb en attendant un jugement, a-t-elle expliqu\u00e9.<\/p>\n<p class=\"lead \">Le proc\u00e8s des sept pr\u00e9venus doit se tenir jusqu&rsquo;en juillet 2026.<\/p>\n<p class=\"small font-weight-bold text-gray3 \"> publi\u00e9 le 25 novembre \u00e0 06h16, AFP<\/p>\n<p>                             Partager<\/p>\n","protected":false},"excerpt":{"rendered":"Sept membres pr\u00e9sum\u00e9s du groupe d&rsquo;extr\u00eame gauche Antifa Ost sont jug\u00e9s \u00e0 partir de mardi en Allemagne, accus\u00e9s&hellip;\n","protected":false},"author":2,"featured_media":556965,"comment_status":"","ping_status":"","sticky":false,"template":"","format":"standard","meta":{"footnotes":""},"categories":[1587],"tags":[11,672,1804,1805,1803,1777,674,1801,804,2088,12,316,4780,1802],"class_list":{"0":"post-556964","1":"post","2":"type-post","3":"status-publish","4":"format-standard","5":"has-post-thumbnail","7":"category-allemagne","8":"tag-actualites","9":"tag-allemagne","10":"tag-bundesrepublik-deutschland","11":"tag-de","12":"tag-deutschland","13":"tag-eu","14":"tag-europe","15":"tag-germany","16":"tag-hongrie","17":"tag-manifestation","18":"tag-news","19":"tag-politique","20":"tag-procs","21":"tag-republique-federale-dallemagne"},"share_on_mastodon":{"url":"https:\/\/pubeurope.com\/@fr\/115608764093784979","error":""},"_links":{"self":[{"href":"https:\/\/www.europesays.com\/fr\/wp-json\/wp\/v2\/posts\/556964","targetHints":{"allow":["GET"]}}],"collection":[{"href":"https:\/\/www.europesays.com\/fr\/wp-json\/wp\/v2\/posts"}],"about":[{"href":"https:\/\/www.europesays.com\/fr\/wp-json\/wp\/v2\/types\/post"}],"author":[{"embeddable":true,"href":"https:\/\/www.europesays.com\/fr\/wp-json\/wp\/v2\/users\/2"}],"replies":[{"embeddable":true,"href":"https:\/\/www.europesays.com\/fr\/wp-json\/wp\/v2\/comments?post=556964"}],"version-history":[{"count":0,"href":"https:\/\/www.europesays.com\/fr\/wp-json\/wp\/v2\/posts\/556964\/revisions"}],"wp:featuredmedia":[{"embeddable":true,"href":"https:\/\/www.europesays.com\/fr\/wp-json\/wp\/v2\/media\/556965"}],"wp:attachment":[{"href":"https:\/\/www.europesays.com\/fr\/wp-json\/wp\/v2\/media?parent=556964"}],"wp:term":[{"taxonomy":"category","embeddable":true,"href":"https:\/\/www.europesays.com\/fr\/wp-json\/wp\/v2\/categories?post=556964"},{"taxonomy":"post_tag","embeddable":true,"href":"https:\/\/www.europesays.com\/fr\/wp-json\/wp\/v2\/tags?post=556964"}],"curies":[{"name":"wp","href":"https:\/\/api.w.org\/{rel}","templated":true}]}}