{"id":556968,"date":"2025-11-25T05:49:19","date_gmt":"2025-11-25T05:49:19","guid":{"rendered":"https:\/\/www.europesays.com\/fr\/556968\/"},"modified":"2025-11-25T05:49:19","modified_gmt":"2025-11-25T05:49:19","slug":"sommet-ue-ua-vers-un-partenariat-de-choix-entre-leurope-et-les-pays-africains-dont-la-rdc","status":"publish","type":"post","link":"https:\/\/www.europesays.com\/fr\/556968\/","title":{"rendered":"Sommet UE-UA : vers un partenariat de choix entre l\u2019Europe et les pays africains, dont la RDC"},"content":{"rendered":"<p class=\"text-align-justify\" dir=\"ltr\">Le 7\u1d49 sommet de l\u2019Union europ\u00e9enne et africaine s\u2019est ouvert ce lundi 24 novembre 2025, cette fois-ci \u00e0 Luanda, en Angola, apr\u00e8s celui de f\u00e9vrier 2022 \u00e0 Bruxelles. Un choix strat\u00e9gique pour l\u2019Union europ\u00e9enne de ramener le sommet sur le continent en vue de r\u00e9chauffer une coop\u00e9ration qui a longtemps exist\u00e9 entre les deux continents. Il se tient sous le th\u00e8me : \u00ab promouvoir la paix et la prosp\u00e9rit\u00e9 par un multilat\u00e9ralisme efficace \u00bb.<\/p>\n<p class=\"text-align-justify\" dir=\"ltr\">\u00c0 travers ce th\u00e8me, l\u2019Union europ\u00e9enne entend adopter une approche de partenariat bas\u00e9e sur le \u00ab choix \u00bb avec le continent africain, qui demeure au centre des int\u00e9r\u00eats mondiaux, mais \u00e9galement confront\u00e9 \u00e0 plusieurs d\u00e9fis li\u00e9s notamment \u00e0 la s\u00e9curit\u00e9, \u00e0 l\u2019exploitation des ressources et au renforcement de son \u00e9conomie. Pour Ursula von der Leyen, pr\u00e9sidente de la Commission europ\u00e9enne, ces d\u00e9fis ne peuvent \u00eatre relev\u00e9s que par un partenariat de choix entre les deux continents.\u00a0<\/p>\n<blockquote>\n<p class=\"text-align-justify\" dir=\"ltr\">\u00ab Je crois que nombre de r\u00e9ponses r\u00e9sident dans notre partenariat. Dans une \u00e9conomie mondiale plus conflictuelle, l\u2019Afrique et l\u2019Europe ont besoin l\u2019une de l\u2019autre plus que jamais. Et c\u2019est ce qui nous r\u00e9unit ici \u00e0 Luanda. Aujourd\u2019hui, nous pouvons revenir sur les progr\u00e8s r\u00e9alis\u00e9s depuis notre dernier Sommet. Mais surtout, nous allons nous tourner vers de nouvelles opportunit\u00e9s de travailler ensemble en vieux amis. Mais aussi en partenaires commerciaux, en partenaires d\u2019investissement, en partenaires \u00e9conomiques. Nous voulons que l\u2019Afrique et l\u2019Europe soient des partenaires de choix \u00bb, a-t-elle souhait\u00e9 lors de son discours d\u2019ouverture.<\/p>\n<\/blockquote>\n<p class=\"text-align-justify\" dir=\"ltr\">La R\u00e9publique d\u00e9mocratique du Congo demeure \u00e0 ce jour un partenaire strat\u00e9gique de l\u2019Union europ\u00e9enne, b\u00e9n\u00e9ficiant de plusieurs initiatives et accompagnements, notamment \u00e0 travers son programme Global Gateway. En octobre dernier, le pr\u00e9sident F\u00e9lix Tshisekedi exprimait, lors de sa participation \u00e0 la deuxi\u00e8me \u00e9dition du Global Gateway Forum, le souhait de voir la RDC \u00eatre \u00ab la premi\u00e8re destination strat\u00e9gique de premier plan des investissements europ\u00e9ens \u00bb \u00e0 travers ce projet.<\/p>\n<p class=\"text-align-justify\" dir=\"ltr\">Un partenariat de choix que pr\u00f4ne d\u00e9sormais l\u2019UE \u00e0 travers, notamment, son programme \u00ab Global Gateway \u00bb permet \u00e9galement d\u2019\u00e9largir son agenda, qui pr\u00e9voyait pr\u00e9alablement des infrastructures. Avec un investissement de 150 milliards d\u2019euros d\u2019ici 2027, dont 120 milliards d\u2019euros d\u00e9j\u00e0 mobilis\u00e9s, l\u2019initiative entend d\u00e9sormais \u00e9largir son assiette dans d\u2019autres secteurs. Pour Ursula von der Leyen, cet aspect distingue le partenariat europ\u00e9en de celui d\u2019autres acteurs.\u00a0<\/p>\n<blockquote>\n<p class=\"text-align-justify\" dir=\"ltr\">\u00ab Lors de notre Sommet il y a trois ans, j\u2019ai pr\u00e9sent\u00e9 notre nouvel agenda Global Gateway. Et en trois ans, vous avez toutes et tous vu ce que repr\u00e9sente Global Gateway. Ce n\u2019est pas seulement un programme de d\u00e9veloppement d\u2019infrastructures. Il investit dans l\u2019emploi local et dans les cha\u00eenes de valeur locales, et c\u2019est ce qui le rend unique dans le paysage mondial de l\u2019investissement. D\u2019autres investisseurs suivent parfois une strat\u00e9gie diff\u00e9rente. Ils construisent des usines, en Afrique ou en Europe, mais les emploient avec une main-d\u2019\u0153uvre \u00e9trang\u00e8re. Ils forent, ils exploitent et emportent les b\u00e9n\u00e9fices. Ils laissent souvent derri\u00e8re eux un h\u00e9ritage de dette insoutenable. Ce n\u2019est pas le mod\u00e8le europ\u00e9en \u00bb, a-t-elle d\u00e9clar\u00e9.\u00a0<\/p>\n<\/blockquote>\n<p class=\"text-align-justify\" dir=\"ltr\">Pour le cas de la RDC, 180 millions d\u2019euros sont d\u00e9j\u00e0 annonc\u00e9s dans le cadre de ce projet lors du dernier forum \u00e0 Bruxelles en pr\u00e9sence du pr\u00e9sident de la R\u00e9publique. Ce financement vise \u00e0 renforcer le secteur de l\u2019\u00e9nergie, des transports, de la biodiversit\u00e9 et l\u2019exploitation mini\u00e8re.\u00a0<\/p>\n<p class=\"text-align-justify\" dir=\"ltr\">Sur le plan s\u00e9curitaire, l\u2019Union europ\u00e9enne a annonc\u00e9 ce lundi une nouvelle mesure d\u2019assistance de 10 millions d\u2019euros au profit des Forces arm\u00e9es de la R\u00e9publique d\u00e9mocratique du Congo (FARDC), dans le cadre de la Facilit\u00e9 europ\u00e9enne pour la paix. Cette enveloppe vise \u00e0 fournir aux FARDC des \u00e9quipements militaires.<\/p>\n<p class=\"text-align-justify\" dir=\"ltr\">Par ailleurs, l\u2019Afrique, la RDC en particulier, demeure touch\u00e9e par un besoin \u00e9norme en \u00e9nergie pour notamment accro\u00eetre son \u00e9conomie et son bien-\u00eatre social : 600 millions de personnes sont sans \u00e9lectricit\u00e9 et quatre familles sur cinq sans solution de cuisson propre en Afrique, selon les derni\u00e8res statistiques. L\u2019Union europ\u00e9enne entend ainsi relever ce d\u00e9fi ensemble, mais aussi celui de la transition \u00e9nerg\u00e9tique.\u00a0<\/p>\n<blockquote>\n<p class=\"text-align-justify\" dir=\"ltr\">\u00ab Sur les 2 000 milliards de dollars investis dans les \u00e9nergies propres dans le monde en 2024, seulement 2 % sont all\u00e9s \u00e0 l\u2019Afrique, le continent qui poss\u00e8de 60 % du meilleur potentiel solaire mondial. Cela ne peut pas continuer. Chaque personne devrait avoir acc\u00e8s \u00e0 une \u00e9nergie propre, chaque continent devrait profiter d\u2019une \u00e9nergie bon march\u00e9 \u00bb, souligne la pr\u00e9sidente de la commission de l\u2019Union europ\u00e9enne.<\/p>\n<\/blockquote>\n<p class=\"text-align-justify\" dir=\"ltr\">Lors du sommet des chefs d\u2019\u00c9tat africains sur l\u2019\u00e9nergie \u00e0 Dar es Salaam en d\u00e9but d\u2019ann\u00e9e, le gouvernement congolais pr\u00e9voyait mobiliser 37 milliards de dollars, avec l\u2019objectif de porter le taux d\u2019acc\u00e8s \u00e0 l\u2019\u00e9lectricit\u00e9 de 21,5 % \u00e0 62 % d\u2019ici 2032. F\u00e9lix Tshisekedi en avait fait l\u2019annonce lors du 29\u1d49 Conseil des ministres.<\/p>\n<p class=\"text-align-justify\" dir=\"ltr\"><strong>Jean-Baptiste Leni, \u00e0 Luanda\u00a0<\/strong><\/p>\n<p class=\"text-align-justify\" dir=\"ltr\">\u00a0<\/p>\n","protected":false},"excerpt":{"rendered":"Le 7\u1d49 sommet de l\u2019Union europ\u00e9enne et africaine s\u2019est ouvert ce lundi 24 novembre 2025, cette fois-ci \u00e0&hellip;\n","protected":false},"author":2,"featured_media":556969,"comment_status":"","ping_status":"","sticky":false,"template":"","format":"standard","meta":{"footnotes":""},"categories":[1586],"tags":[11,1777,674,1779,1011,27,12,25,1778,364],"class_list":{"0":"post-556968","1":"post","2":"type-post","3":"status-publish","4":"format-standard","5":"has-post-thumbnail","7":"category-europe","8":"tag-actualites","9":"tag-eu","10":"tag-europe","11":"tag-european-union","12":"tag-fr","13":"tag-france","14":"tag-news","15":"tag-republique-francaise","16":"tag-ue","17":"tag-union-europeenne"},"share_on_mastodon":{"url":"https:\/\/pubeurope.com\/@fr\/115608771947422347","error":""},"_links":{"self":[{"href":"https:\/\/www.europesays.com\/fr\/wp-json\/wp\/v2\/posts\/556968","targetHints":{"allow":["GET"]}}],"collection":[{"href":"https:\/\/www.europesays.com\/fr\/wp-json\/wp\/v2\/posts"}],"about":[{"href":"https:\/\/www.europesays.com\/fr\/wp-json\/wp\/v2\/types\/post"}],"author":[{"embeddable":true,"href":"https:\/\/www.europesays.com\/fr\/wp-json\/wp\/v2\/users\/2"}],"replies":[{"embeddable":true,"href":"https:\/\/www.europesays.com\/fr\/wp-json\/wp\/v2\/comments?post=556968"}],"version-history":[{"count":0,"href":"https:\/\/www.europesays.com\/fr\/wp-json\/wp\/v2\/posts\/556968\/revisions"}],"wp:featuredmedia":[{"embeddable":true,"href":"https:\/\/www.europesays.com\/fr\/wp-json\/wp\/v2\/media\/556969"}],"wp:attachment":[{"href":"https:\/\/www.europesays.com\/fr\/wp-json\/wp\/v2\/media?parent=556968"}],"wp:term":[{"taxonomy":"category","embeddable":true,"href":"https:\/\/www.europesays.com\/fr\/wp-json\/wp\/v2\/categories?post=556968"},{"taxonomy":"post_tag","embeddable":true,"href":"https:\/\/www.europesays.com\/fr\/wp-json\/wp\/v2\/tags?post=556968"}],"curies":[{"name":"wp","href":"https:\/\/api.w.org\/{rel}","templated":true}]}}