{"id":556970,"date":"2025-11-25T05:50:17","date_gmt":"2025-11-25T05:50:17","guid":{"rendered":"https:\/\/www.europesays.com\/fr\/556970\/"},"modified":"2025-11-25T05:50:17","modified_gmt":"2025-11-25T05:50:17","slug":"le-sort-des-enfants-dune-famille-vivant-dans-le-bois-enflamme-le-gouvernement-meloni","status":"publish","type":"post","link":"https:\/\/www.europesays.com\/fr\/556970\/","title":{"rendered":"Le sort des enfants d\u2019une famille vivant dans le bois enflamme le gouvernement Meloni"},"content":{"rendered":"<p>En <a href=\"https:\/\/www.20minutes.fr\/dossier\/italie\" target=\"_blank\" class=\"c-link c-link--is-underlined\" rel=\"noopener\">Italie<\/a>, c\u2019est une affaire qui cr\u00e9e des tensions jusqu\u2019au gouvernement de <a href=\"https:\/\/www.20minutes.fr\/politique\/4180593-20251022-italie-si-secret-giorgia-meloni-apres-trois-ans-pouvoir-tout-simplement-avoir-rien-fait\" target=\"_blank\" class=\"c-link c-link--is-underlined\" rel=\"noopener\">Giorgia Meloni<\/a>. La pol\u00e9mique ne cesse d\u2019enfler sur le fait que la justice a ordonn\u00e9 le retrait de trois enfants du domicile de leur famille vivant dans les bois.<\/p>\n<p>La Premi\u00e8re ministre serait pr\u00e9occup\u00e9e par le traitement r\u00e9serv\u00e9 \u00e0 cette famille anglo-australienne vivant en autonomie depuis\u00a02021 pr\u00e8s de Chieti, dans les collines des Abruzzes \u00e0 200 kilom\u00e8tres \u00e0 l\u2019est de Rome.<\/p>\n<p>Le juge menac\u00e9 en ligne<\/p>\n<p>Jeudi, le tribunal pour mineurs de l\u2019Aquila, \u00e0 proximit\u00e9, a suspendu l\u2019autorit\u00e9 parentale du couple et ordonn\u00e9 le transfert dans un foyer des enfants avec leur m\u00e8re. Le tribunal a invoqu\u00e9 les mauvaises conditions sanitaires de la maison o\u00f9 vivent les enfants et l\u2019enseignement \u00e0 domicile non autoris\u00e9 de la fille de huit ans et des jumeaux de six ans.<\/p>\n<\/p>\n<p>Cette d\u00e9cision a suscit\u00e9 une vague de menaces en ligne contre le juge, tandis qu\u2019une p\u00e9tition pour \u00ab\u00a0sauver la famille qui vit dans les bois\u00a0\u00bb avait recueilli plus de 135.000 signatures lundi.<\/p>\n<p>Le vice-premier ministre italien et <a href=\"https:\/\/www.20minutes.fr\/monde\/italie\/4137806-20250208-italie-pourquoi-salvini-cible-plaisanteries-part-parti-meloni\" target=\"_blank\" class=\"c-link c-link--is-underlined\" rel=\"noopener\">chef de la Ligue (extr\u00eame droite) Matteo Salvini<\/a>, a d\u00e9nonc\u00e9 les d\u00e9cisions du juge comme \u00ab\u00a0indignes, inqui\u00e9tantes, dangereuses et honteuses\u00a0\u00bb, allant jusqu\u2019\u00e0 qualifier la proc\u00e9dure judiciaire d&rsquo;\u00ab\u00a0enl\u00e8vement\u00a0\u00bb de mineurs. \u00ab\u00a0Que les juges et travailleurs sociaux des Abruzzes ne nous cassent pas les pieds\u00a0\u00bb, a-t-il d\u00e9clar\u00e9, soulignant la n\u00e9cessit\u00e9 d\u2019une r\u00e9forme judiciaire.<\/p>\n<p>D\u00e9fendant un mode de vie \u00ab\u00a0sans stress\u00a0\u00bb et en harmonie avec la nature, l\u2019Australienne Catherine Birmingham et le Britannique Nathan Trevallion ont d\u00e9clar\u00e9 ce mois-ci \u00e0 la t\u00e9l\u00e9vision nationale Rai que leurs enfants \u00ab\u00a0grandissaient mieux\u00a0\u00bb dans les bois. Au cours d\u2019une visite, ils ont montr\u00e9 un po\u00eale \u00e0 bois dans une cuisine, des lits d\u2019enfants color\u00e9s couverts de peluches et des lumi\u00e8res de No\u00ebl dispers\u00e9es dans la maison. Des panneaux solaires fournissent l\u2019\u00e9lectricit\u00e9 tandis que les toilettes s\u00e8ches sont situ\u00e9es dans une cabane \u00e0 l\u2019ext\u00e9rieur. Un \u00e2ne, un cheval, des chiens, des chats, des poules et des canards errent dans une clairi\u00e8re parmi les arbres.<\/p>\n<p>Un r\u00e9f\u00e9rendum \u00e0 venir sur la justice<\/p>\n<p>Mais selon les m\u00e9dias locaux, les enfants ne sont pas vaccin\u00e9s et ne vont pas \u00e0 l\u2019\u00e9cole. Des travailleurs sociaux ont \u00e9t\u00e9 appel\u00e9s l\u2019ann\u00e9e derni\u00e8re apr\u00e8s qu\u2019un des enfants du couple a \u00e9t\u00e9 hospitalis\u00e9 pour avoir ing\u00e9r\u00e9 des champignons toxiques, selon les m\u00e9dias. Le minist\u00e8re de l\u2019Instruction et du M\u00e9rite a cependant pr\u00e9cis\u00e9 lundi que l\u2019obligation d\u2019instruction \u00e9tait respect\u00e9e \u00e0 la maison, en lien avec un \u00e9tablissement local.<\/p>\n<p><a href=\"https:\/\/www.20minutes.fr\/dossier\/italie\" target=\"_blank\" class=\"c-link c-btn c-btn--primary\" rel=\"noopener\">Notre dossier sur l&rsquo;Italie<\/a><\/p>\n<p>L\u2019affaire survient dans un contexte de d\u00e9bat sur le pouvoir des juges, alors que la r\u00e9forme phare de Giorgia Meloni sur la justice \u2013 qui pr\u00e9voit une s\u00e9paration des carri\u00e8res des juges et des procureurs \u2013 doit \u00eatre soumise \u00e0 r\u00e9f\u00e9rendum d\u00e9but\u00a02026. Les juges ont d\u00e9nonc\u00e9 les interf\u00e9rences du gouvernement dans cette r\u00e9forme, affirmant qu\u2019elle limiterait leur ind\u00e9pendance, tandis que le gouvernement accuse la magistrature de partialit\u00e9 politique.<\/p>\n","protected":false},"excerpt":{"rendered":"En Italie, c\u2019est une affaire qui cr\u00e9e des tensions jusqu\u2019au gouvernement de Giorgia Meloni. La pol\u00e9mique ne cesse&hellip;\n","protected":false},"author":2,"featured_media":556971,"comment_status":"","ping_status":"","sticky":false,"template":"","format":"standard","meta":{"footnotes":""},"categories":[2],"tags":[47,11,1011,27,3044,452,303,3999,74,12,25,133],"class_list":{"0":"post-556970","1":"post","2":"type-post","3":"status-publish","4":"format-standard","5":"has-post-thumbnail","7":"category-actualites","8":"tag-actualite","9":"tag-actualites","10":"tag-fr","11":"tag-france","12":"tag-giorgia-meloni","13":"tag-italie","14":"tag-justice","15":"tag-matteo-salvini","16":"tag-monde","17":"tag-news","18":"tag-republique-francaise","19":"tag-video"},"share_on_mastodon":{"url":"https:\/\/pubeurope.com\/@fr\/115608776048373812","error":""},"_links":{"self":[{"href":"https:\/\/www.europesays.com\/fr\/wp-json\/wp\/v2\/posts\/556970","targetHints":{"allow":["GET"]}}],"collection":[{"href":"https:\/\/www.europesays.com\/fr\/wp-json\/wp\/v2\/posts"}],"about":[{"href":"https:\/\/www.europesays.com\/fr\/wp-json\/wp\/v2\/types\/post"}],"author":[{"embeddable":true,"href":"https:\/\/www.europesays.com\/fr\/wp-json\/wp\/v2\/users\/2"}],"replies":[{"embeddable":true,"href":"https:\/\/www.europesays.com\/fr\/wp-json\/wp\/v2\/comments?post=556970"}],"version-history":[{"count":0,"href":"https:\/\/www.europesays.com\/fr\/wp-json\/wp\/v2\/posts\/556970\/revisions"}],"wp:featuredmedia":[{"embeddable":true,"href":"https:\/\/www.europesays.com\/fr\/wp-json\/wp\/v2\/media\/556971"}],"wp:attachment":[{"href":"https:\/\/www.europesays.com\/fr\/wp-json\/wp\/v2\/media?parent=556970"}],"wp:term":[{"taxonomy":"category","embeddable":true,"href":"https:\/\/www.europesays.com\/fr\/wp-json\/wp\/v2\/categories?post=556970"},{"taxonomy":"post_tag","embeddable":true,"href":"https:\/\/www.europesays.com\/fr\/wp-json\/wp\/v2\/tags?post=556970"}],"curies":[{"name":"wp","href":"https:\/\/api.w.org\/{rel}","templated":true}]}}