{"id":556984,"date":"2025-11-25T06:03:16","date_gmt":"2025-11-25T06:03:16","guid":{"rendered":"https:\/\/www.europesays.com\/fr\/556984\/"},"modified":"2025-11-25T06:03:16","modified_gmt":"2025-11-25T06:03:16","slug":"lily-rose-depp-comme-vous-ne-lavez-jamais-vue-leffrayante-transformation-de-la-fille-de-vanessa-paradis-pour-un-nouveau-film","status":"publish","type":"post","link":"https:\/\/www.europesays.com\/fr\/556984\/","title":{"rendered":"Lily-Rose Depp comme vous ne l\u2019avez jamais vue : l\u2019effrayante transformation de la fille de Vanessa Paradis pour un nouveau film"},"content":{"rendered":"<p>Loin de son image glamour, elle ne va pas endosser le r\u00f4le d\u2019une sublime jeune femme et son changement physique devrait interpeller ses fans. En effet, <a href=\"https:\/\/www.public.fr\/tag\/lily-rose-depp\" target=\"_blank\" rel=\"noopener\">Lily-Rose Depp<\/a> participe actuellement au tournage de <strong>Werwulf<\/strong>, le prochain film de Robert Eggers.<\/p>\n<p>Un long-m\u00e9trage qui ne poss\u00e8de, pour le moment, pas de synopsis officiel. N\u00e9anmoins, nos confr\u00e8res de Variety indiquent que l\u2019histoire de ce film va se d\u00e9rouler au XIIIe si\u00e8cle, en Angleterre. En plus de Lily-Rose Depp, les spectateurs retrouveront \u00e9galement Aaron Taylor-Johnson qui incarnera le loup-garou.<\/p>\n<p>Un nouveau film pour Robert Eggers, qui s&rsquo;entoure de la m\u00eame \u00e9quipe<\/p>\n<p>Un com\u00e9dien que la fille de <a href=\"https:\/\/www.public.fr\/tag\/johnny-depp\" target=\"_blank\" rel=\"noopener\">Johnny Depp<\/a> et <a href=\"https:\/\/www.public.fr\/tag\/vanessa-paradis\" target=\"_blank\" rel=\"noopener\">Vanessa Paradis<\/a> conna\u00eet bien, \u00e9tant donn\u00e9 qu\u2019elle a jou\u00e9 aux c\u00f4t\u00e9s de celui-ci il y a quelques mois, dans un autre film sign\u00e9 Robert Eggers : <strong>Nosferatu<\/strong>. Un film sorti en 2024 avec 50 millions de dollars de budget de production et 181 millions de dollars de recettes mondiales.\u00a0<\/p>\n<p>Reste \u00e0 savoir si ce nouveau projet conna\u00eetre le m\u00eame succ\u00e8s. N\u00e9anmoins, avant m\u00eame que le film ne soit diffus\u00e9 dans les salles obscures, il fait d\u00e9j\u00e0 parler de lui. La faute\/gr\u00e2ce aux clich\u00e9s de Lily-Rose Depp, captur\u00e9s par la presse am\u00e9ricaine, dans lequels <a href=\"https:\/\/www.public.fr\/lily-rose-depp-tres-mauvaise-nouvelle-pour-la-fille-de-vanessa-paradis-et-sa-carriere\" target=\"_blank\" rel=\"noopener\">la com\u00e9dienne de 26 ans <\/a><strong>appara\u00eet totalement m\u00e9tamorphos\u00e9e.<\/strong><\/p>\n<p>Exit son image glamour et place \u00e0 <strong>une jeune femme tr\u00e8s marqu\u00e9e physiquement<\/strong>. En effet, l\u2019actrice appara\u00eet avec <strong>une balafre au visage au niveau de la l\u00e8vre<\/strong>, une longue robe brune, \u00e9paisse et informe, ainsi qu\u2019un foulard bordeaux sur la t\u00eate alors qu\u2019elle tient un b\u00e9b\u00e9 dans ses bras. Le tout dans un cadre m\u00e9di\u00e9val comme indiqu\u00e9, entour\u00e9e de boue.<\/p>\n<p>Dans les clich\u00e9s d\u00e9voil\u00e9s par nos confr\u00e8res, Lily-Rose Depp appara\u00eet dans<strong> plusieurs cadres sombres et pauvres.<\/strong> Que ce soit entre les maisons, ou dans un cimeti\u00e8re dans les autres clich\u00e9s, la fille de<a href=\"https:\/\/vsd.fr\/tag\/vanessa-paradis\/\" target=\"_blank\" rel=\"noopener\"> Vanessa Paradis<\/a> et Johnny Depp d\u00e9ambule dans plusieurs d\u00e9cors sombres, marqu\u00e9s par la pauvret\u00e9, pour coller \u00e0 l\u2019ambiance et l\u2019histoire du prochain fin de Robert Eggers.<\/p>\n<p>Le r\u00e9alisateur, qui a visiblement d\u00e9cid\u00e9 de s\u2019entourer d\u2019une \u00e9quipe similaire \u00e0 celle de <strong>Nosferatu<\/strong>, avait rep\u00e9r\u00e9 Lily-Rose Depp gr\u00e2ce \u00e0 une audition tr\u00e8s remarqu\u00e9e dont la vid\u00e9o de casting avait circul\u00e9 sur les r\u00e9seaux. Suite \u00e0 cette vid\u00e9o, les internautes n\u2019avaient pas manqu\u00e9 de faire part de leur admiration et leur surprise en d\u00e9couvrant la prestation de la jeune actrice : \u00ab\u00a0La fa\u00e7on dont Lily-Rose Depp a survol\u00e9 son audition via Zoom est \u00e9tonnante. C\u2019est la preuve que le talent peut briller \u00e0 travers n\u2019importe quel support, m\u00eame virtuel\u00a0\u00bb, faisait remarquer un internaute bouche b\u00e9e par le talent de l\u2019actrice de 26 ans.<\/p>\n<blockquote class=\"twitter-tweet\">\n<p>First look at Lily-Rose on the set of Robert Eggers\u2019 upcoming movie \u2018Werwulf\u2019, located in Bourne wood near Farnham, England \ud83d\udcfd\ufe0f <a href=\"https:\/\/t.co\/bQspAnxIXt\">pic.twitter.com\/bQspAnxIXt<\/a><\/p>\n<p>\u2014 Lily-Rose Depp Updates (@UpdatesLilyRose) <a href=\"https:\/\/twitter.com\/UpdatesLilyRose\/status\/1992395218981888378?ref_src=twsrc%5Etfw\" target=\"_blank\" rel=\"noopener\">November 23, 2025<\/a><\/p><\/blockquote>\n<p>\n          Hits &amp; People en continu\n        <\/p>\n<p>\n          Public Radio\n        <\/p>\n<p>      Mentionn\u00e9s dans cet article<\/p>\n<p>      Sur le m\u00eame sujet<\/p>\n<p>  <script async src=\"https:\/\/platform.twitter.com\/widgets.js\" charset=\"utf-8\"><\/script><\/p>\n","protected":false},"excerpt":{"rendered":"Loin de son image glamour, elle ne va pas endosser le r\u00f4le d\u2019une sublime jeune femme et son&hellip;\n","protected":false},"author":2,"featured_media":556985,"comment_status":"","ping_status":"","sticky":false,"template":"","format":"standard","meta":{"footnotes":""},"categories":[1359],"tags":[67454,58,59,1011,27,10244,32402,973,6265,10245],"class_list":{"0":"post-556984","1":"post","2":"type-post","3":"status-publish","4":"format-standard","5":"has-post-thumbnail","7":"category-people","8":"tag-aaron-taylor-johnson","9":"tag-divertissement","10":"tag-entertainment","11":"tag-fr","12":"tag-france","13":"tag-johnny-depp","14":"tag-lily-rose-depp","15":"tag-people","16":"tag-tournage","17":"tag-vanessa-paradis"},"share_on_mastodon":{"url":"https:\/\/pubeurope.com\/@fr\/115608827012166202","error":""},"_links":{"self":[{"href":"https:\/\/www.europesays.com\/fr\/wp-json\/wp\/v2\/posts\/556984","targetHints":{"allow":["GET"]}}],"collection":[{"href":"https:\/\/www.europesays.com\/fr\/wp-json\/wp\/v2\/posts"}],"about":[{"href":"https:\/\/www.europesays.com\/fr\/wp-json\/wp\/v2\/types\/post"}],"author":[{"embeddable":true,"href":"https:\/\/www.europesays.com\/fr\/wp-json\/wp\/v2\/users\/2"}],"replies":[{"embeddable":true,"href":"https:\/\/www.europesays.com\/fr\/wp-json\/wp\/v2\/comments?post=556984"}],"version-history":[{"count":0,"href":"https:\/\/www.europesays.com\/fr\/wp-json\/wp\/v2\/posts\/556984\/revisions"}],"wp:featuredmedia":[{"embeddable":true,"href":"https:\/\/www.europesays.com\/fr\/wp-json\/wp\/v2\/media\/556985"}],"wp:attachment":[{"href":"https:\/\/www.europesays.com\/fr\/wp-json\/wp\/v2\/media?parent=556984"}],"wp:term":[{"taxonomy":"category","embeddable":true,"href":"https:\/\/www.europesays.com\/fr\/wp-json\/wp\/v2\/categories?post=556984"},{"taxonomy":"post_tag","embeddable":true,"href":"https:\/\/www.europesays.com\/fr\/wp-json\/wp\/v2\/tags?post=556984"}],"curies":[{"name":"wp","href":"https:\/\/api.w.org\/{rel}","templated":true}]}}