{"id":556986,"date":"2025-11-25T06:04:17","date_gmt":"2025-11-25T06:04:17","guid":{"rendered":"https:\/\/www.europesays.com\/fr\/556986\/"},"modified":"2025-11-25T06:04:17","modified_gmt":"2025-11-25T06:04:17","slug":"dans-ce-restaurant-de-landivisiau-sept-femmes-exposent-leurs-photos-de-la-ville-sur-le-theme-du-blanc","status":"publish","type":"post","link":"https:\/\/www.europesays.com\/fr\/556986\/","title":{"rendered":"Dans ce restaurant de Landivisiau, sept femmes exposent leurs photos de la ville sur le th\u00e8me du blanc"},"content":{"rendered":"<p>Jusqu\u2019au 31 janvier 2026, le blanc s\u2019invite Aux Cr\u00eapes d\u2019Alex. Elles sont sept femmes, passionn\u00e9es, \u00e0 exposer chacune deux photographies, toutes r\u00e9unies sous le titre original \u00ab\u00a0Blanc di vizio\u00a0\u00bb. Un petit clin d\u2019\u0153il \u00e0 la ville de Landivisiau, qu\u2019elles r\u00e9v\u00e8lent dans un univers de blanc.<\/p>\n<p>Symbole de paix, de puret\u00e9, d\u2019esth\u00e9tisme et de sagesse, le blanc est la couleur du possible, la page blanche sur laquelle l\u2019histoire s\u2019\u00e9crit. Alex Vallet (g\u00e9rante de la cr\u00eaperie), Sophie Abgrall, Catie Demoussis, Aurore Foucaud, Anne-Fran\u00e7oise Laurans, Gwendoline Le Gac et Julie Tayar se sont lanc\u00e9es dans l\u2019aventure d\u00e9but octobre, chacune avec son style, sa sensibilit\u00e9 et son imaginaire.<\/p>\n<p>Landivisiau se d\u00e9voile sous un autre jour<\/p>\n<p>Pour la 20e exposition \u00e0 la cr\u00eaperie, Alex Vallet voulait organiser quelque chose de sp\u00e9cial. \u00ab\u00a0J\u2019avais ce projet d\u2019expo collective en t\u00eate depuis plus d\u2019un an. Ce fut un challenge de le r\u00e9aliser en seulement un mois et demi\u00a0!\u00a0\u00bb, explique-t-elle. Exit les clich\u00e9s classiques\u00a0! Landivisiau se d\u00e9voile sous un autre jour, avec une touche d\u2019originalit\u00e9, un brin d\u2019abstrait mais surtout un flot d\u2019imagination. Fleurs, textures, d\u00e9tails, situations insolites\u2026 Tout y est pour intriguer, amuser, surprendre, apaiser.<\/p>\n<p>\u00ab\u00a0J\u2019ai vu l\u2019appel \u00e0 projet sur les r\u00e9seaux sociaux et je me suis dit pourquoi pas. C\u2019est ma premi\u00e8re exposition en dehors du club photo, c\u2019est un d\u00e9fi\u00a0! Et j\u2019ai aim\u00e9 partager cela avec d\u2019autres personnes\u00a0\u00bb, confiait Anne-Fran\u00e7oise Laurans lors du vernissage, samedi 22 novembre 2025.<\/p>\n<p>Le prix du public sera d\u00e9voil\u00e9 le 21 d\u00e9cembre<\/p>\n<p>Au-del\u00e0 de la photographie, elles ont r\u00e9ussi \u00e0 \u00ab\u00a0cr\u00e9er un fil invisible entre toutes, une \u00e9nergie, qui continue de se propager et c\u2019est tr\u00e8s agr\u00e9able\u00a0\u00bb, s\u2019enthousiasme Alex Vallet. Le prix du public sera d\u00e9voil\u00e9 le 21 d\u00e9cembre et un bulletin sera tir\u00e9 au sort. Le gagnant se verra offrir sa photo pr\u00e9f\u00e9r\u00e9e, un petit air de \u00ab\u00a0No\u00ebl Banc di vizien\u00a0\u00bb.<\/p>\n<p class=\"note\">Aux cr\u00eapes d\u2019Alex, 26 rue de la Tour d\u2019Auvergne, 29400 Landivisiau, t\u00e9l. 02\u00a098\u00a068\u00a019\u00a078.<\/p>\n","protected":false},"excerpt":{"rendered":"Jusqu\u2019au 31 janvier 2026, le blanc s\u2019invite Aux Cr\u00eapes d\u2019Alex. Elles sont sept femmes, passionn\u00e9es, \u00e0 exposer chacune&hellip;\n","protected":false},"author":2,"featured_media":556987,"comment_status":"","ping_status":"","sticky":false,"template":"","format":"standard","meta":{"footnotes":""},"categories":[1358],"tags":[1348,1384,1385,1386,58,59,1011,27,6821,67455],"class_list":{"0":"post-556986","1":"post","2":"type-post","3":"status-publish","4":"format-standard","5":"has-post-thumbnail","7":"category-arts-et-design","8":"tag-arts","9":"tag-arts-and-design","10":"tag-arts-et-design","11":"tag-design","12":"tag-divertissement","13":"tag-entertainment","14":"tag-fr","15":"tag-france","16":"tag-landivisiau","17":"tag-pays-de-morlaix"},"share_on_mastodon":{"url":"https:\/\/pubeurope.com\/@fr\/115608830801332577","error":""},"_links":{"self":[{"href":"https:\/\/www.europesays.com\/fr\/wp-json\/wp\/v2\/posts\/556986","targetHints":{"allow":["GET"]}}],"collection":[{"href":"https:\/\/www.europesays.com\/fr\/wp-json\/wp\/v2\/posts"}],"about":[{"href":"https:\/\/www.europesays.com\/fr\/wp-json\/wp\/v2\/types\/post"}],"author":[{"embeddable":true,"href":"https:\/\/www.europesays.com\/fr\/wp-json\/wp\/v2\/users\/2"}],"replies":[{"embeddable":true,"href":"https:\/\/www.europesays.com\/fr\/wp-json\/wp\/v2\/comments?post=556986"}],"version-history":[{"count":0,"href":"https:\/\/www.europesays.com\/fr\/wp-json\/wp\/v2\/posts\/556986\/revisions"}],"wp:featuredmedia":[{"embeddable":true,"href":"https:\/\/www.europesays.com\/fr\/wp-json\/wp\/v2\/media\/556987"}],"wp:attachment":[{"href":"https:\/\/www.europesays.com\/fr\/wp-json\/wp\/v2\/media?parent=556986"}],"wp:term":[{"taxonomy":"category","embeddable":true,"href":"https:\/\/www.europesays.com\/fr\/wp-json\/wp\/v2\/categories?post=556986"},{"taxonomy":"post_tag","embeddable":true,"href":"https:\/\/www.europesays.com\/fr\/wp-json\/wp\/v2\/tags?post=556986"}],"curies":[{"name":"wp","href":"https:\/\/api.w.org\/{rel}","templated":true}]}}