{"id":556988,"date":"2025-11-25T06:06:15","date_gmt":"2025-11-25T06:06:15","guid":{"rendered":"https:\/\/www.europesays.com\/fr\/556988\/"},"modified":"2025-11-25T06:06:15","modified_gmt":"2025-11-25T06:06:15","slug":"coup-denvoi-de-la-commission-denquete-sur-un-audiovisuel-public-en-pleine-tourmente-actualites","status":"publish","type":"post","link":"https:\/\/www.europesays.com\/fr\/556988\/","title":{"rendered":"Coup d&rsquo;envoi de la commission d&rsquo;enqu\u00eate sur un audiovisuel public en pleine tourmente : Actualit\u00e9s"},"content":{"rendered":"<p class=\"lead \">En pleine p\u00e9riode de turbulences pour l&rsquo;audiovisuel public, une commission d&rsquo;enqu\u00eate sur sa \u00ab\u00a0neutralit\u00e9\u00a0\u00bb, son \u00ab\u00a0fonctionnement\u00a0\u00bb et son \u00ab\u00a0financement\u00a0\u00bb s&rsquo;ouvre mardi \u00e0 l&rsquo;Assembl\u00e9e nationale avec l&rsquo;audition de Martin Ajdari, patron de l&rsquo;Arcom, le r\u00e9gulateur du secteur.<\/p>\n<p class=\"lead \">M. Ajdari sera entendu \u00e0 16H30 et donnera le coup d&rsquo;envoi d&rsquo;un programme d&rsquo;auditions tr\u00e8s dense qui s&rsquo;\u00e9talera jusqu&rsquo;\u00e0 d\u00e9but mars. La commission esp\u00e8re rendre son rapport quelques semaines plus tard.<\/p>\n<p class=\"lead \">Les patronnes de France T\u00e9l\u00e9visions et Radio France, Delphine Ernotte Cunci et Sibyle Veil, seront respectivement re\u00e7ues les 10 et 17 d\u00e9cembre.<\/p>\n<p class=\"lead \">\u00ab\u00a0C&rsquo;est la premi\u00e8re fois qu&rsquo;il y a une commission d&rsquo;enqu\u00eate sur l&rsquo;audiovisuel public \u00e0 l&rsquo;Assembl\u00e9e nationale\u00a0\u00bb, s&rsquo;est f\u00e9licit\u00e9 aupr\u00e8s de l&rsquo;AFP son rapporteur, Charles Alloncle, d\u00e9put\u00e9 du groupe UDR d&rsquo;Eric Ciotti.<\/p>\n<p class=\"lead \">C&rsquo;est ce groupe, alli\u00e9 du Rassemblement national (RN), qui a souhait\u00e9 cr\u00e9er cette commission dans la foul\u00e9e de l&rsquo;affaire Legrand-Cohen. Ces deux journalistes du service public ont \u00e9t\u00e9 accus\u00e9s de connivence avec le Parti socialiste apr\u00e8s la diffusion, d\u00e9but septembre, d&rsquo;une vid\u00e9o les montrant au restaurant avec deux de ses responsables.<\/p>\n<p class=\"lead \">M. Alloncle dit vouloir mener \u00ab\u00a0un travail de transparence au nom des Fran\u00e7ais\u00a0\u00bb pour \u00e9valuer \u00ab\u00a0l&rsquo;utilisation de leurs imp\u00f4ts\u00a0\u00bb par l&rsquo;audiovisuel public et le respect de son \u00ab\u00a0obligation de neutralit\u00e9\u00a0\u00bb, qui a selon lui connu \u00ab\u00a0des entorses\u00a0\u00bb.<\/p>\n<p class=\"lead \">A gauche, certains redoutent une \u00ab\u00a0instrumentalisation politique\u00a0\u00bb. \u00ab\u00a0C&rsquo;est une commission d&rsquo;enqu\u00eate contre l&rsquo;audiovisuel public et pas sur l&rsquo;audiovisuel public!\u00a0\u00bb, a tonn\u00e9 la d\u00e9put\u00e9e \u00e9cologiste Sophie Taill\u00e9-Polian aupr\u00e8s de la cha\u00eene de t\u00e9l\u00e9vision LCP.<\/p>\n<p class=\"lead \">Monsieur Alloncle s&rsquo;en d\u00e9fend: \u00ab\u00a0Je ne serai pas partisan\u00a0\u00bb.<\/p>\n<p class=\"lead \">Cette commission s&rsquo;ouvre dans une p\u00e9riode tendue pour le service public.<\/p>\n<p class=\"lead \">L&rsquo;affaire Legrand-Cohen a \u00e9t\u00e9 le catalyseur d&rsquo;une guerre ouverte avec les m\u00e9dias dans le giron du milliardaire conservateur Vincent Bollor\u00e9, CNews, Europe 1 et le Journal du dimanche (JDD). Ces derniers ont vu dans cette affaire un signe de partialit\u00e9 du service public en faveur de la gauche.<\/p>\n<p class=\"lead \">France T\u00e9l\u00e9visions et Radio France ont contre-attaqu\u00e9 en les poursuivant en justice pour \u00ab\u00a0d\u00e9nigrement\u00a0\u00bb. Et mi-septembre, Mme Ernotte Cunci a qualifi\u00e9 CNews de \u00ab\u00a0cha\u00eene d&rsquo;extr\u00eame droite\u00a0\u00bb dans un entretien au Monde.<\/p>\n<p class=\"lead \">Outre les critiques sur sa neutralit\u00e9, l&rsquo;audiovisuel public s&rsquo;inqui\u00e8te pour ses finances car la dotation de l&rsquo;Etat va baisser, en raison du contexte budg\u00e9taire difficile.<\/p>\n<p class=\"lead \">Fin septembre, un rapport de la Cour des comptes a conclu que France T\u00e9l\u00e9visions \u00e9tait dans une \u00ab\u00a0situation financi\u00e8re critique\u00a0\u00bb.<\/p>\n<p class=\"small font-weight-bold text-gray3 \"> publi\u00e9 le 25 novembre \u00e0 04h54, AFP<\/p>\n<p>                             Partager<\/p>\n","protected":false},"excerpt":{"rendered":"En pleine p\u00e9riode de turbulences pour l&rsquo;audiovisuel public, une commission d&rsquo;enqu\u00eate sur sa \u00ab\u00a0neutralit\u00e9\u00a0\u00bb, son \u00ab\u00a0fonctionnement\u00a0\u00bb et son&hellip;\n","protected":false},"author":2,"featured_media":556989,"comment_status":"","ping_status":"","sticky":false,"template":"","format":"standard","meta":{"footnotes":""},"categories":[1356],"tags":[58,59,1011,27,9555,1050,3848,1825,9556,252,1364],"class_list":{"0":"post-556988","1":"post","2":"type-post","3":"status-publish","4":"format-standard","5":"has-post-thumbnail","7":"category-television","8":"tag-divertissement","9":"tag-entertainment","10":"tag-fr","11":"tag-france","12":"tag-mdias","13":"tag-parlement","14":"tag-partis","15":"tag-radio","16":"tag-tlvision","17":"tag-television","18":"tag-tv"},"share_on_mastodon":{"url":"https:\/\/pubeurope.com\/@fr\/115608838758005413","error":""},"_links":{"self":[{"href":"https:\/\/www.europesays.com\/fr\/wp-json\/wp\/v2\/posts\/556988","targetHints":{"allow":["GET"]}}],"collection":[{"href":"https:\/\/www.europesays.com\/fr\/wp-json\/wp\/v2\/posts"}],"about":[{"href":"https:\/\/www.europesays.com\/fr\/wp-json\/wp\/v2\/types\/post"}],"author":[{"embeddable":true,"href":"https:\/\/www.europesays.com\/fr\/wp-json\/wp\/v2\/users\/2"}],"replies":[{"embeddable":true,"href":"https:\/\/www.europesays.com\/fr\/wp-json\/wp\/v2\/comments?post=556988"}],"version-history":[{"count":0,"href":"https:\/\/www.europesays.com\/fr\/wp-json\/wp\/v2\/posts\/556988\/revisions"}],"wp:featuredmedia":[{"embeddable":true,"href":"https:\/\/www.europesays.com\/fr\/wp-json\/wp\/v2\/media\/556989"}],"wp:attachment":[{"href":"https:\/\/www.europesays.com\/fr\/wp-json\/wp\/v2\/media?parent=556988"}],"wp:term":[{"taxonomy":"category","embeddable":true,"href":"https:\/\/www.europesays.com\/fr\/wp-json\/wp\/v2\/categories?post=556988"},{"taxonomy":"post_tag","embeddable":true,"href":"https:\/\/www.europesays.com\/fr\/wp-json\/wp\/v2\/tags?post=556988"}],"curies":[{"name":"wp","href":"https:\/\/api.w.org\/{rel}","templated":true}]}}