{"id":556992,"date":"2025-11-25T06:08:34","date_gmt":"2025-11-25T06:08:34","guid":{"rendered":"https:\/\/www.europesays.com\/fr\/556992\/"},"modified":"2025-11-25T06:08:34","modified_gmt":"2025-11-25T06:08:34","slug":"on-devrait-montrer-ce-film-dans-toutes-les-ecoles","status":"publish","type":"post","link":"https:\/\/www.europesays.com\/fr\/556992\/","title":{"rendered":"On devrait montrer ce film dans toutes les \u00e9coles"},"content":{"rendered":"<p>La NR a publi\u00e9, le 17\u00a0novembre 2025, un article dans lequel J\u00e9r\u00f4me B\u00e2cle, le directeur de la Ligue de l\u2019enseignement des Deux-S\u00e8vres, exprimait ses craintes pour l\u2019avenir de l\u2019\u00e9ducation populaire.<\/p>\n<p>Cette interview a fait r\u00e9agir Daniel Mosser\u00a0: il y a trois ans, ce r\u00e9alisateur et producteur ind\u00e9pendant (sa maison de production s\u2019appelle DNM) a consacr\u00e9 un documentaire \u00e0 cette th\u00e9matique en se penchant sur la Soci\u00e9t\u00e9 d\u2019\u00e9ducation populaire de Saivres \u00e0 l\u2019occasion de son centenaire. Dans ce film de 40 minutes, on (re) d\u00e9couvre l\u2019histoire de cette Sep lanc\u00e9e par les instituteurs de la commune, Edmond Proust et Jean Lauroua, futurs fondateurs et dirigeants de la MAIF, racont\u00e9e par ceux qui l\u2019ont v\u00e9cue.<\/p>\n<p>En regrettant que ce documentaire n\u2019ait pas encore vraiment rencontr\u00e9 l\u2019audience qu\u2019il lui esp\u00e9rait, Daniel Mosser reste convaincu qu\u2019il m\u00e9riterait d\u2019\u00eatre diffus\u00e9 dans toutes les \u00e9coles, comme le point de d\u00e9part d\u2019une discussion sur cette \u00e9ducation faite \u00ab\u00a0pour et par\u00a0\u00bb, comme un exemple de ce qui pourrait faire socle commun.<\/p>\n<p>On peut visionner son film, Pour et par, sur YouTube\u00a0: taper \u00ab\u00a0Pour &amp; par +\u00a0DNM +\u00a0\u00e9ducation populaire\u00a0\u00bb dans le moteur de recherche.<\/p>\n<p>Contacts\u00a0: Daniel Mosser au\u00a006.82.22.76.46, dnmprod@orange.fr<\/p><\/p>\n","protected":false},"excerpt":{"rendered":"La NR a publi\u00e9, le 17\u00a0novembre 2025, un article dans lequel J\u00e9r\u00f4me B\u00e2cle, le directeur de la Ligue&hellip;\n","protected":false},"author":2,"featured_media":556993,"comment_status":"","ping_status":"","sticky":false,"template":"","format":"standard","meta":{"footnotes":""},"categories":[1354],"tags":[1392,2545,58,1057,59,1346,1011,27,1360],"class_list":{"0":"post-556992","1":"post","2":"type-post","3":"status-publish","4":"format-standard","5":"has-post-thumbnail","7":"category-films","8":"tag-a-la-une-local","9":"tag-deux-sevres","10":"tag-divertissement","11":"tag-education","12":"tag-entertainment","13":"tag-films","14":"tag-fr","15":"tag-france","16":"tag-movies"},"share_on_mastodon":{"url":"https:\/\/pubeurope.com\/@fr\/115608846590601796","error":""},"_links":{"self":[{"href":"https:\/\/www.europesays.com\/fr\/wp-json\/wp\/v2\/posts\/556992","targetHints":{"allow":["GET"]}}],"collection":[{"href":"https:\/\/www.europesays.com\/fr\/wp-json\/wp\/v2\/posts"}],"about":[{"href":"https:\/\/www.europesays.com\/fr\/wp-json\/wp\/v2\/types\/post"}],"author":[{"embeddable":true,"href":"https:\/\/www.europesays.com\/fr\/wp-json\/wp\/v2\/users\/2"}],"replies":[{"embeddable":true,"href":"https:\/\/www.europesays.com\/fr\/wp-json\/wp\/v2\/comments?post=556992"}],"version-history":[{"count":0,"href":"https:\/\/www.europesays.com\/fr\/wp-json\/wp\/v2\/posts\/556992\/revisions"}],"wp:featuredmedia":[{"embeddable":true,"href":"https:\/\/www.europesays.com\/fr\/wp-json\/wp\/v2\/media\/556993"}],"wp:attachment":[{"href":"https:\/\/www.europesays.com\/fr\/wp-json\/wp\/v2\/media?parent=556992"}],"wp:term":[{"taxonomy":"category","embeddable":true,"href":"https:\/\/www.europesays.com\/fr\/wp-json\/wp\/v2\/categories?post=556992"},{"taxonomy":"post_tag","embeddable":true,"href":"https:\/\/www.europesays.com\/fr\/wp-json\/wp\/v2\/tags?post=556992"}],"curies":[{"name":"wp","href":"https:\/\/api.w.org\/{rel}","templated":true}]}}