{"id":556996,"date":"2025-11-25T06:10:19","date_gmt":"2025-11-25T06:10:19","guid":{"rendered":"https:\/\/www.europesays.com\/fr\/556996\/"},"modified":"2025-11-25T06:10:19","modified_gmt":"2025-11-25T06:10:19","slug":"superbes-nouvelles-en-vue-pour-dembele-et-doue","status":"publish","type":"post","link":"https:\/\/www.europesays.com\/fr\/556996\/","title":{"rendered":"superbes nouvelles en vue pour Demb\u00e9l\u00e9 et Dou\u00e9 ?"},"content":{"rendered":"<p>Les bonnes nouvelles pourraient bien s&rsquo;encha\u00eener au Paris Saint-Germain. Alors qu&rsquo;il est leader de Ligue 1 et toujours bien plac\u00e9 pour rallier le Top 8 du classement g\u00e9n\u00e9ral de la Ligue des champions, Ousmane Demb\u00e9l\u00e9 pourrait bien faire son retour \u00e0 l&rsquo;occasion du choc contre Tottenham mercredi soir. La prudence serait bien \u00e9videmment de mise mais il y aurait \u00ab\u00a0bon espoir\u00a0\u00bb de voir \u00ab\u00a0Dembouz\u00a0\u00bb figurer dans le groupe face aux Spurs selon <a href=\"https:\/\/www.leparisien.fr\/sports\/football\/ligue-des-champions\/psg-bon-espoir-pour-dembele-marquinhos-vers-sa-500e-pour-le-choc-contre-tottenham-en-ligue-des-champions-24-11-2025-MFJXWNT6LBDN3E6D6V3O4VR6UI.php\" target=\"_blank\" rel=\"noopener\">Le Parisien<\/a>. Autre bonne nouvelle concernant D\u00e9sir\u00e9 Dou\u00e9.<\/p>\n<p>\u00ab\u00a0Bon espoir\u00a0\u00bb pour Demb\u00e9l\u00e9 contre Tottenham, Dou\u00e9 de retour avant No\u00ebl ?<\/p>\n<p>Alors que son retour n&rsquo;\u00e9tait pas attendu avant l&rsquo;ann\u00e9e prochaine, <a href=\"https:\/\/www.leparisien.fr\/sports\/football\/psg\/psg-et-si-desire-doue-rejouait-avant-la-fin-de-lannee-24-11-2025-ISYAEWS62FH57HPQJMCVIT5OQ4.php\" target=\"_blank\" rel=\"noopener\">le m\u00e9dia francilien<\/a> assure que l&rsquo;international fran\u00e7ais n&rsquo;aurait pas fait une croix sur 2025. En interne, on le penserait capable de revenir avant No\u00ebl, lui qui devrait reprendre les exercices sur le terrain la semaine prochaine. Son objectif serait d&rsquo;\u00eatre r\u00e9tabli pour la finale de Coupe intercontinentale, pr\u00e9vue le 17 d\u00e9cembre prochain \u00e0 Doha.<\/p>\n<p>\u00a0<\/p>\n<p>   Partagez cette info avec vos amis et vos proches en cliquant ici<br \/> Pour r\u00e9sumer<\/p>\n<p>Le PSG pourrait r\u00e9cup\u00e9rer Demb\u00e9l\u00e9 pour le choc contre Tottenham, avec un \u00ab\u00a0bon espoir\u00a0\u00bb de le voir dans le groupe. Autre bonne nouvelle : D\u00e9sir\u00e9 Dou\u00e9, attendu en 2025, pourrait finalement revenir avant No\u00ebl et vise la finale intercontinentale du 17 d\u00e9cembre.<\/p>\n<p>R\u00e9dacteur<\/p>\n<p><img decoding=\"async\" width=\"76\" height=\"76\" loading=\"lazy\" src=\"https:\/\/www.europesays.com\/fr\/wp-content\/uploads\/2025\/04\/avatar-onze.webp.webp\" alt=\"Nathan Bricout\"\/><\/p>\n","protected":false},"excerpt":{"rendered":"Les bonnes nouvelles pourraient bien s&rsquo;encha\u00eener au Paris Saint-Germain. Alors qu&rsquo;il est leader de Ligue 1 et toujours&hellip;\n","protected":false},"author":2,"featured_media":556997,"comment_status":"","ping_status":"","sticky":false,"template":"","format":"standard","meta":{"footnotes":""},"categories":[9],"tags":[1011,27,66,93,60],"class_list":{"0":"post-556996","1":"post","2":"type-post","3":"status-publish","4":"format-standard","5":"has-post-thumbnail","7":"category-sports","8":"tag-fr","9":"tag-france","10":"tag-ligue-1","11":"tag-psg","12":"tag-sports"},"share_on_mastodon":{"url":"https:\/\/pubeurope.com\/@fr\/115608855584749325","error":""},"_links":{"self":[{"href":"https:\/\/www.europesays.com\/fr\/wp-json\/wp\/v2\/posts\/556996","targetHints":{"allow":["GET"]}}],"collection":[{"href":"https:\/\/www.europesays.com\/fr\/wp-json\/wp\/v2\/posts"}],"about":[{"href":"https:\/\/www.europesays.com\/fr\/wp-json\/wp\/v2\/types\/post"}],"author":[{"embeddable":true,"href":"https:\/\/www.europesays.com\/fr\/wp-json\/wp\/v2\/users\/2"}],"replies":[{"embeddable":true,"href":"https:\/\/www.europesays.com\/fr\/wp-json\/wp\/v2\/comments?post=556996"}],"version-history":[{"count":0,"href":"https:\/\/www.europesays.com\/fr\/wp-json\/wp\/v2\/posts\/556996\/revisions"}],"wp:featuredmedia":[{"embeddable":true,"href":"https:\/\/www.europesays.com\/fr\/wp-json\/wp\/v2\/media\/556997"}],"wp:attachment":[{"href":"https:\/\/www.europesays.com\/fr\/wp-json\/wp\/v2\/media?parent=556996"}],"wp:term":[{"taxonomy":"category","embeddable":true,"href":"https:\/\/www.europesays.com\/fr\/wp-json\/wp\/v2\/categories?post=556996"},{"taxonomy":"post_tag","embeddable":true,"href":"https:\/\/www.europesays.com\/fr\/wp-json\/wp\/v2\/tags?post=556996"}],"curies":[{"name":"wp","href":"https:\/\/api.w.org\/{rel}","templated":true}]}}