{"id":5570,"date":"2025-04-06T15:10:16","date_gmt":"2025-04-06T15:10:16","guid":{"rendered":"https:\/\/www.europesays.com\/fr\/5570\/"},"modified":"2025-04-06T15:10:16","modified_gmt":"2025-04-06T15:10:16","slug":"saint-gobain-recrute-200-alternants-en-ile-de-france","status":"publish","type":"post","link":"https:\/\/www.europesays.com\/fr\/5570\/","title":{"rendered":"Saint-Gobain recrute 200 alternants en \u00cele-de-France"},"content":{"rendered":"<p><img loading=\"lazy\" decoding=\"async\" alt=\"\u00a9 Shutterstock - L\u2019entreprise Saint-Gobain a annonc\u00e9 ouvrir 200 places dans ses ateliers en \u00cele-de-France.\" data-zoom-src=\"https:\/\/www.europesays.com\/fr\/wp-content\/uploads\/2025\/04\/initial-logo-de-saint-gobain.jpg\" data-zoomable=\"\" height=\"702\" src=\"https:\/\/www.europesays.com\/fr\/wp-content\/uploads\/2025\/04\/initial-logo-de-saint-gobain.jpg\" width=\"1248\"\/>  <\/p>\n<p class=\"article-desc\">\u00a9 Shutterstock &#8211; L\u2019entreprise Saint-Gobain a annonc\u00e9 ouvrir 200 places dans ses ateliers en \u00cele-de-France. <\/p>\n<p><strong>Saint-Gobain France<\/strong> renforce son engagement en faveur de <a href=\"https:\/\/mesinfos.fr\/91000-evry\/evry-courcouronnes-un-partenariat-innovant-pour-l-insertion-des-travailleurs-handicapes-213244.html\" rel=\"nofollow noopener\" target=\"_blank\">l\u2019insertion professionnelle<\/a> des jeunes en lan\u00e7ant une nouvelle vague de recrutement : 1 000 postes en alternance sont ouverts pour l\u2019ann\u00e9e 2025-2026, dont 220 en <strong>\u00cele-de-France<\/strong>. Ces opportunit\u00e9s s\u2019ajoutent aux 700 alternants d\u00e9j\u00e0 int\u00e9gr\u00e9s au sein du groupe. <\/p>\n<p>\u201cNotre ambition est de cr\u00e9er un cadre de travail motivant, o\u00f9 chacun trouve du sens dans son quotidien. Les nombreuses opportunit\u00e9s offertes aux jeunes talents constituent un v\u00e9ritable levier pour leur <strong>d\u00e9veloppement professionnel<\/strong> tout en contribuant \u00e0 une construction plus durable\u201d, souligne <strong>R\u00e9gis Blugeon<\/strong>, directeur des ressources humaines de Saint-Gobain France.<\/p>\n<p>  Une diversit\u00e9 de profils recherch\u00e9s <\/p>\n<p>L\u2019entreprise, acteur majeur du secteur de la construction et de la <strong>distribution de mat\u00e9riaux<\/strong>, propose des postes accessibles \u00e0 tous les niveaux de formation, du CAP au Master. Les alternants pourront \u00e9voluer dans des m\u00e9tiers vari\u00e9s, qu\u2019il s\u2019agisse de <strong>fonctions supports<\/strong> (marketing, digital, achats), de <strong>m\u00e9tiers op\u00e9rationnels<\/strong> (maintenance, logistique, vente) ou encore d\u2019activit\u00e9s industrielles.<\/p>\n<p>\u201cChoisir l\u2019alternance chez Saint-Gobain, c\u2019est aussi participer activement \u00e0 la transition durable du b\u00e2timent tout en b\u00e9n\u00e9ficiant d\u2019une r\u00e9elle perspective d\u2019\u00e9volution\u201d. L\u2019entreprise met en avant une approche bas\u00e9e sur l\u2019acquisition de comp\u00e9tences et la transmission du savoir, avec des r\u00e9sultats concrets : 88,8 % des alternants jugent positivement leurs <strong>perspectives professionnelles<\/strong>. Pour postuler, rendez-vous sur <a href=\"https:\/\/joinus.saint-gobain.com\/fr?f%5B0%5D=type_contrat%3A36\" rel=\"nofollow noopener\" target=\"_blank\">le site internet<\/a> de l\u2019entreprise.<\/p>\n","protected":false},"excerpt":{"rendered":"\u00a9 Shutterstock &#8211; L\u2019entreprise Saint-Gobain a annonc\u00e9 ouvrir 200 places dans ses ateliers en \u00cele-de-France. Saint-Gobain France renforce&hellip;\n","protected":false},"author":2,"featured_media":5571,"comment_status":"","ping_status":"","sticky":false,"template":"","format":"standard","meta":{"footnotes":""},"categories":[1592],"tags":[1111,11,313,1777,674,1011,27,662,12,626,25],"class_list":{"0":"post-5570","1":"post","2":"type-post","3":"status-publish","4":"format-standard","5":"has-post-thumbnail","7":"category-ile-de-france","8":"tag-actu","9":"tag-actualites","10":"tag-entreprises","11":"tag-eu","12":"tag-europe","13":"tag-fr","14":"tag-france","15":"tag-ile-de-france","16":"tag-news","17":"tag-paris","18":"tag-republique-francaise"},"share_on_mastodon":{"url":"https:\/\/pubeurope.com\/@fr\/114291659549719905","error":""},"_links":{"self":[{"href":"https:\/\/www.europesays.com\/fr\/wp-json\/wp\/v2\/posts\/5570","targetHints":{"allow":["GET"]}}],"collection":[{"href":"https:\/\/www.europesays.com\/fr\/wp-json\/wp\/v2\/posts"}],"about":[{"href":"https:\/\/www.europesays.com\/fr\/wp-json\/wp\/v2\/types\/post"}],"author":[{"embeddable":true,"href":"https:\/\/www.europesays.com\/fr\/wp-json\/wp\/v2\/users\/2"}],"replies":[{"embeddable":true,"href":"https:\/\/www.europesays.com\/fr\/wp-json\/wp\/v2\/comments?post=5570"}],"version-history":[{"count":0,"href":"https:\/\/www.europesays.com\/fr\/wp-json\/wp\/v2\/posts\/5570\/revisions"}],"wp:featuredmedia":[{"embeddable":true,"href":"https:\/\/www.europesays.com\/fr\/wp-json\/wp\/v2\/media\/5571"}],"wp:attachment":[{"href":"https:\/\/www.europesays.com\/fr\/wp-json\/wp\/v2\/media?parent=5570"}],"wp:term":[{"taxonomy":"category","embeddable":true,"href":"https:\/\/www.europesays.com\/fr\/wp-json\/wp\/v2\/categories?post=5570"},{"taxonomy":"post_tag","embeddable":true,"href":"https:\/\/www.europesays.com\/fr\/wp-json\/wp\/v2\/tags?post=5570"}],"curies":[{"name":"wp","href":"https:\/\/api.w.org\/{rel}","templated":true}]}}