{"id":557000,"date":"2025-11-25T06:12:18","date_gmt":"2025-11-25T06:12:18","guid":{"rendered":"https:\/\/www.europesays.com\/fr\/557000\/"},"modified":"2025-11-25T06:12:18","modified_gmt":"2025-11-25T06:12:18","slug":"un-seul-marchand-offre-les-meilleurs-prix-sur-liphone-17-liphone-16-et-liphone-15","status":"publish","type":"post","link":"https:\/\/www.europesays.com\/fr\/557000\/","title":{"rendered":"un seul marchand offre les meilleurs prix sur l&rsquo;iPhone 17, l&rsquo;iPhone 16\u00a0et l&rsquo;iPhone 15"},"content":{"rendered":"<p class=\"app_entry_lead\">\n<p>                    <a title=\"\u00a0\u00a9\u00a0Black Friday iPhone, Linternaute\" href=\"https:\/\/www.europesays.com\/fr\/wp-content\/uploads\/2025\/11\/83065808.jpg\" class=\"fancy\"><\/p>\n<p>                            <img loading=\"lazy\" decoding=\"async\" src=\"https:\/\/www.europesays.com\/fr\/wp-content\/uploads\/2025\/11\/83065808.jpg\" alt=\"Black Friday Apple iPhone\u00a0: un seul marchand offre les meilleurs prix sur l'iPhone 17, l'iPhone 16\u00a0et l'iPhone 15\" width=\"1500\" height=\"1000\"\/><\/p>\n<p>                    <\/a><\/p>\n<p>                BLACK FRIDAY IPHONE. Le Black Friday commence \u00e0 s\u00e9rieusement s&rsquo;attaquer aux prix des iPhone 17, iPhone Air, iPhone 16, mais aussi iPhone 15, iPhone 14\u00a0et aux g\u00e9n\u00e9rations pr\u00e9c\u00e9dentes. Consultez notre s\u00e9lection et suivez l&rsquo;\u00e9volution des prix en continu avec nous.<\/p>\n<p>Recevez nos alertes bons plans !<\/p>\n<p>&#13;<\/p>\n<p>Les meilleurs prix<\/p>\n<p>&#13;<br \/>\n&#13;<br \/>\n&#13;<\/p>\n<p>Alors que le <a href=\"https:\/\/www.linternaute.com\/hightech\/guide-high-tech\/1414746-black-friday-2025-amazon-lance-de-nouvelles-offres-completement-folles-ce-jeudi\/\" title=\"Black Friday\" target=\"_blank\" rel=\"noopener\">Black Friday<\/a> chez Apple se limitera \u00e0 ses habituelles \u00ab\u00a0Apple Gift Card\u00a0\u00bb ce vendredi 28\u00a0novembre, soit\u00a060 euros de bons d&rsquo;achat pour quelques mod\u00e8les d&rsquo;<a href=\"https:\/\/www.linternaute.fr\/hightech\/guide-high-tech\/2598229-meilleur-iphone-quel-modele-selon-votre-budget-notre-selection-complete\/\" title=\"Meilleur iPhone\" target=\"_blank\" rel=\"noopener\">iPhone<\/a>, les vraies promos sont \u00e0 chercher chez les revendeurs.\u00a0Le Black Friday a bel et bien d\u00e9but\u00e9 sur les iPhone chez Amazon, Fnac\/Darty, CDiscount, Boulanger et bien d&rsquo;autres, avec des r\u00e9ductions qui se font de plus en plus importantes depuis la fin de semaine derni\u00e8re. Et il y a un marchand qui se d\u00e9marque\u00a0: Rakuten offre actuellement les\u00a0meilleures offres\u00a0\u00e0 la fois sur les <a href=\"https:\/\/www.linternaute.com\/hightech\/guide-high-tech\/5930439-iphone-17-cet-operateur-se-lache-et-decide-de-casser-le-prix-du-smartphone\/\" title=\"IPhone 17 Pro\" target=\"_blank\" rel=\"noopener\">iPhone 17<\/a> et iPhone Air fraichement sortis, mais aussi sur l&rsquo;iPhone 16.<\/p>\n<p>L&rsquo;iPhone\u00a017 et l&rsquo;<a href=\"https:\/\/www.linternaute.com\/hightech\/guide-high-tech\/6848300-iphoneair-apple-a-cache-quelque-chose-lors-de-sa-presentation\/\" title=\"IPhone 17 Air\" target=\"_blank\" rel=\"noopener\">iPhone Air<\/a>, pourtant tout juste d\u00e9voil\u00e9s en septembre avec leurs d\u00e9clinaisons, sont d\u00e9j\u00e0 expos\u00e9s \u00e0 des baisses de plusieurs centaines d&rsquo;euros chez le cybermarchand. L&rsquo;iPhone\u00a017 en est \u00e0 quasiment 150\u00a0euros de remise, mais\u00a0l&rsquo;iPhone Air\u00a0perd\u00a0jusqu&rsquo;\u00e0 400\u00a0euros sur son prix initial. Les promos visent aussi les\u00a0<a href=\"https:\/\/www.linternaute.fr\/hightech\/guide-high-tech\/4748763-iphone-16-une-taille-record-annoncee-et-un-ecran-totalement-repense\/\" title=\"IPhone 16\" target=\"_blank\" rel=\"noopener\">iPhone 16<\/a>, iPhone 16 Plus et surtout l&rsquo;iPhone 16e, si bien\u00a0que ce dernier\u00a0approche d\u00e9sormais de la barre symbolique des 500\u00a0euros.<\/p>\n<p>Ce Black Friday 2025 pourrait aussi \u00eatre celui de l&rsquo;<a href=\"https:\/\/www.linternaute.fr\/hightech\/guide-high-tech\/2673418-iphone-15-deja-disponible-en-promotion-chez-sfr-170-eur\/\" title=\"IPhone 15 Pro\" target=\"_blank\" rel=\"noopener\">iPhone 15<\/a>, sorti il y a deux ans, d\u00e9sormais \u00e9ject\u00e9 de l&rsquo;Apple Store, et donc en d\u00e9stockage. A surveiller notamment\u00a0:\u00a0les prix de l&rsquo;iPhone 15\u00a0Pro et de l&rsquo;iPhone 15\u00a0Pro Max qui pourraient faire l&rsquo;objet de tr\u00e8s jolies remises.\u00a0Pour ce Black Friday, l&rsquo;<a href=\"https:\/\/www.linternaute.fr\/hightech\/guide-high-tech\/2572676-apple-baisse-definitivement-le-prix-de-l-iphone-14\/\" title=\"IPhone 14 Pro\" target=\"_blank\" rel=\"noopener\">iPhone 14<\/a>, mais aussi\u00a0l&rsquo;iPhone 13, qui ont \u00e9t\u00e9 un peu oubli\u00e9s ces derniers mois, restent trouvables chez les revendeurs \u00e0 petit prix, en neuf mais aussi et surtout en reconditionn\u00e9.<\/p>\n<p>Comme chaque ann\u00e9e, nous avons ressorti notre moteur qui va traquer les prix les plus bas chez les marchands pour chaque mod\u00e8le d&rsquo;iPhone. Consultez le r\u00e9guli\u00e8rement pour d\u00e9couvrir\u00a0les <a href=\"#meilleurs-prix\">meilleurs tarifs pour 12\u00a0mod\u00e8les d&rsquo;iPhone r\u00e9cents<\/a> pendant le Black Friday et d\u00e9couvrez ci-dessous les offres du moment.<\/p>\n<p>Derni\u00e8res offres en direct<\/p>\n<p>&#13;<br \/>\n&#13;<\/p>\n<p>En plus de scruter les iPhone de pr\u00e8s lors du Black Friday, nous traquons leurs prix en continu gr\u00e2ce \u00e0 notre chasseur de prix en temps r\u00e9el. Ce moteur fait remonter les prix les plus bas chez nos revendeurs partenaires, hors coupon, abonnement ou forfait. Les 4 premiers prix affich\u00e9s sont ceux de la gamme d&rsquo;iPhone 17, la derni\u00e8re en date. Les prix suivants concernent les meilleurs prix sur les g\u00e9n\u00e9rations plus anciennes. Tous ces prix sont mis \u00e0 jour automatiquement. Nous les comparons aux prix affich\u00e9s chez Apple pour les m\u00eames mod\u00e8les, \u00e0 l&rsquo;exception de l&rsquo;iPhone 15 qui n&rsquo;est plus commercialis\u00e9 sur le site officiel de la marque.<\/p>\n<p>&#13;<br \/>\n&#13;<br \/>\n&#13;<\/p>\n<p>&#13;<br \/>\n&#13;<br \/>\n&#13;<br \/>\n<a name=\"post1764050565\"\/>07:02 &#8211; L&rsquo;iPhone Air perd 400 euros avant le Black Friday<\/p>\n<p>On se r\u00e9veille et l&rsquo;iPhone Air reste au top ce mardi matin, avec toujours 400\u00a0euros de moins chez chez Rakuten et chez Rue du commerce. Le dernier n\u00e9 de la gamme, avec sa silhouette ultra-fine, semble \u00e0 ce stade le plus attaqu\u00e9 c\u00f4t\u00e9 prix. Il s&rsquo;affiche \u00e0 819\u00a0euros contre 1229 euros chez Apple.\n<\/p>\n<p>iPhone Air 256 Go<\/p>\n<p>Pour profiter du Black Friday sur les iPhone, c&rsquo;est donc bien vers les revendeurs Amazon, Fnac\/Darty, Boulanger, Rakuten et bien d&rsquo;autres qu&rsquo;il faudra se tourner, ainsi que vers les op\u00e9rateurs Orange, Sosh, SFR, Bouygues, Free, qui proposent d\u00e9sormais d&rsquo;importants rabais sur les iPhone avec ou sans forfait.\u00a0Mais pour s&rsquo;assurer que les promos valent vraiment le coup, mieux vaut se pr\u00e9parer et bien avoir en t\u00eate les prix standards des iPhone convoit\u00e9s avant l&rsquo;application des rabais.\u00a0 Pour vous y retrouver dans la jungle des prix, voici les tarifs affich\u00e9s sur l&rsquo;Apple store pour les tout derniers iPhone avant ce Black Friday 2025.<\/p>\n<p>&#13;<br \/>\n\t&#13;<\/p>\n<tr>&#13;<\/p>\n<td style=\"width: 50%; border-color: rgb(255, 255, 255);\">&#13;<\/p>\n<ul>&#13;<\/p>\n<li><strong>iPhone Air<\/strong> 256\u00a0Go\u00a0: 1229\u00a0\u20ac officiel<\/li>\n<p>&#13;<\/p>\n<li>iPhone Air 512\u00a0Go\u00a0: 1479\u00a0\u20ac\u00a0officiel<\/li>\n<p>&#13;<\/p>\n<li>iPhone Air 1 To\u00a0: 1729\u00a0\u20ac\u00a0officiel<\/li>\n<p>&#13;<\/p>\n<li><strong>iPhone 17<\/strong>\u00a0256\u00a0Go\u00a0: 969\u00a0\u20ac\u00a0officiel<\/li>\n<p>&#13;<\/p>\n<li>iPhone 17\u00a0512\u00a0Go\u00a0: 1219\u00a0\u20ac\u00a0officiel<\/li>\n<p>&#13;<\/p>\n<li><strong>iPhone 17\u00a0Pro<\/strong> 256\u00a0Go\u00a0: 1329\u00a0\u20ac\u00a0officiel<\/li>\n<p>&#13;<\/p>\n<li>iPhone 17\u00a0Pro 512\u00a0Go\u00a0: 1579\u00a0\u20ac\u00a0officiel<\/li>\n<p>&#13;<\/p>\n<li>iPhone 17\u00a0Pro 1\u00a0To\u00a0: 1829\u00a0\u20ac\u00a0officiel<\/li>\n<p>&#13;<\/p>\n<li><strong>iPhone 17\u00a0Pro Max<\/strong> 256\u00a0Go\u00a0: 1479\u00a0\u20ac\u00a0officiel<\/li>\n<p>&#13;<\/p>\n<li>iPhone 17\u00a0Pro Max 512\u00a0Go\u00a0: 1729\u00a0\u20ac\u00a0officiel<\/li>\n<p>&#13;<\/p>\n<li>iPhone 17\u00a0Pro Max 1\u00a0To\u00a0: 1979\u00a0\u20ac\u00a0officiel<\/li>\n<p>&#13;<\/p>\n<li>iPhone 17\u00a0Pro Max 2\u00a0To\u00a0: 2479\u00a0\u20ac\u00a0officiel<\/li>\n<p>&#13;<\/p>\n<li><strong>iPhone 16e<\/strong> 128\u00a0Go\u00a0: 719\u00a0\u20ac\u00a0officiel<\/li>\n<p>&#13;<\/p>\n<li>iPhone 16e 256\u00a0Go\u00a0: 849\u00a0\u20ac\u00a0officiel<\/li>\n<p>&#13;<\/p>\n<li>iPhone 16e 512\u00a0Go\u00a0: 1099\u00a0\u20ac\u00a0officiel<\/li>\n<p>&#13;\n\t\t\t<\/ul>\n<p>&#13;\n\t\t\t<\/td>\n<p>&#13;<\/p>\n<td style=\"width: 50%; border-color: rgb(255, 255, 255);\">&#13;<\/p>\n<ul>&#13;<\/p>\n<li><strong>iPhone 16<\/strong>\u00a0128\u00a0Go\u00a0: 869\u00a0\u20ac\u00a0officiel<\/li>\n<p>&#13;<\/p>\n<li>iPhone 16\u00a0256\u00a0Go\u00a0: 1099\u00a0\u20ac<\/li>\n<p>&#13;<\/p>\n<li>iPhone 16\u00a0512\u00a0Go\u00a0: 1349\u00a0\u20ac<\/li>\n<p>&#13;<\/p>\n<li><strong>iPhone 16\u00a0Plus<\/strong>\u00a0128\u00a0Go\u00a0: 1119\u00a0\u20ac<\/li>\n<p>&#13;<\/p>\n<li>iPhone 16\u00a0Plus 256\u00a0Go\u00a0: 969\u00a0\u20ac\u00a0officiel<\/li>\n<p>&#13;<\/p>\n<li>iPhone 16\u00a0Plus 512\u00a0Go\u00a0: 1499\u00a0\u20ac<\/li>\n<p>&#13;<\/p>\n<li><strong>iPhone 16\u00a0Pro<\/strong> 128\u00a0Go\u00a0: 1229\u00a0\u20ac<\/li>\n<p>&#13;<\/p>\n<li>iPhone 16\u00a0Pro 256\u00a0Go\u00a0: 1359\u00a0\u20ac<\/li>\n<p>&#13;<\/p>\n<li>iPhone 16\u00a0Pro 512\u00a0Go\u00a0: 1609\u00a0\u20ac<\/li>\n<p>&#13;<\/p>\n<li>iPhone 16\u00a0Pro 1\u00a0To\u00a0: 1859\u00a0\u20ac<\/li>\n<p>&#13;<\/p>\n<li><strong>iPhone 16\u00a0Pro Max<\/strong> 256\u00a0Go\u00a0: 1479\u00a0\u20ac<\/li>\n<p>&#13;<\/p>\n<li>iPhone 16\u00a0Pro Max 512\u00a0Go\u00a0: 1729\u00a0\u20ac<\/li>\n<p>&#13;<\/p>\n<li>iPhone 16\u00a0Pro Max 1\u00a0To\u00a0: 1979\u00a0\u20ac<\/li>\n<p>&#13;\n\t\t\t<\/ul>\n<p>&#13;\n\t\t\t<\/td>\n<p>&#13;<br \/>\n\t\t<\/tr>\n<p>&#13;<br \/>\n\t&#13;<\/p>\n<p>Depuis la keynote de septembre, seules\u00a0les gammes des iPhone 17\u00a0et des iPhone 16e sont toujours disponibles sur l&rsquo;Apple store, ainsi que les iPhone 16\u00a0(128\u00a0Go) et iPhone 16\u00a0Plus (256\u00a0Go). Les prix marqu\u00e9s comme \u00ab\u00a0officiels\u00a0\u00bb sont ceux actuellement pratiqu\u00e9s par Apple, les autres prix ont \u00e9t\u00e9 relev\u00e9s avant la sortie de l&rsquo;iPhone 17. Ces tarifs sont de bons \u00e9talons \u00e0 connaitre au moment du Black Friday.\u00a0Au-dessus de ces prix, ne vous faites pas pi\u00e9ger\u00a0! En-dessous, les offres\u00a0commencent \u00e0 devenir int\u00e9ressantes. Surveillez bien les capacit\u00e9s (128\u00a0Go, 256\u00a0Go, 512\u00a0Go ou 1\u00a0To) et la nature de l&rsquo;offre (neuf, reconditionn\u00e9, occasion), avant de vous lancer\u00a0! Voici un \u00e9tat des lieux, de l&rsquo;iPhone 17 aux mod\u00e8les les plus anciens avant le Black Friday.<\/p>\n<p>Apple a encore annonc\u00e9 cette ann\u00e9e un \u00ab\u00a0Ev\u00e9nement shopping\u00a0\u00bb pendant le Black Friday 2025, du vendredi 28\u00a0novembre au\u00a0lundi 1er\u00a0d\u00e9cembre. Les offres mises en ligne\u00a0sur son site\u00a0ne devraient pas offrir\u00a0de\u00a0r\u00e9duction\u00a0imm\u00e9diate\u00a0sur les iPhone et autres produits de la marque, mais jusqu&rsquo;\u00e0 150\u00a0euros\u00a0en \u00ab\u00a0Apple\u00a0Gift\u00a0Card\u00a0\u00bb \u00e0 l&rsquo;achat d&rsquo;un produit \u00e9ligible uniquement. Pour les iPhone, on ne pourra compter que sur 60\u00a0euros\u00a0en Apple Gift Card, et ce seulement\u00a0\u00e0 l\u2019achat d\u2019un iPhone 16 ou d\u2019un iPhone 16e. C&rsquo;est mois que l&rsquo;ann\u00e9e derni\u00e8re lors de laquelle Apple offrait\u00a075\u00a0euros\u00a0pour les iPhone 15\u00a0et iPhone 15\u00a0Plus et\u00a050\u00a0euros sur les iPhone 14\u00a0et iPhone 14\u00a0Plus, en magasin et dans l&rsquo;app Apple\u00a0Store.<\/p>\n","protected":false},"excerpt":{"rendered":"BLACK FRIDAY IPHONE. Le Black Friday commence \u00e0 s\u00e9rieusement s&rsquo;attaquer aux prix des iPhone 17, iPhone Air, iPhone&hellip;\n","protected":false},"author":2,"featured_media":557001,"comment_status":"","ping_status":"","sticky":false,"template":"","format":"standard","meta":{"footnotes":""},"categories":[7],"tags":[1011,27,43,40,41,39,42,44],"class_list":{"0":"post-557000","1":"post","2":"type-post","3":"status-publish","4":"format-standard","5":"has-post-thumbnail","7":"category-sciences-et-technologies","8":"tag-fr","9":"tag-france","10":"tag-science","11":"tag-science-and-technology","12":"tag-sciences","13":"tag-sciences-et-technologies","14":"tag-technologies","15":"tag-technology"},"share_on_mastodon":{"url":"https:\/\/pubeurope.com\/@fr\/115608862960745249","error":""},"_links":{"self":[{"href":"https:\/\/www.europesays.com\/fr\/wp-json\/wp\/v2\/posts\/557000","targetHints":{"allow":["GET"]}}],"collection":[{"href":"https:\/\/www.europesays.com\/fr\/wp-json\/wp\/v2\/posts"}],"about":[{"href":"https:\/\/www.europesays.com\/fr\/wp-json\/wp\/v2\/types\/post"}],"author":[{"embeddable":true,"href":"https:\/\/www.europesays.com\/fr\/wp-json\/wp\/v2\/users\/2"}],"replies":[{"embeddable":true,"href":"https:\/\/www.europesays.com\/fr\/wp-json\/wp\/v2\/comments?post=557000"}],"version-history":[{"count":0,"href":"https:\/\/www.europesays.com\/fr\/wp-json\/wp\/v2\/posts\/557000\/revisions"}],"wp:featuredmedia":[{"embeddable":true,"href":"https:\/\/www.europesays.com\/fr\/wp-json\/wp\/v2\/media\/557001"}],"wp:attachment":[{"href":"https:\/\/www.europesays.com\/fr\/wp-json\/wp\/v2\/media?parent=557000"}],"wp:term":[{"taxonomy":"category","embeddable":true,"href":"https:\/\/www.europesays.com\/fr\/wp-json\/wp\/v2\/categories?post=557000"},{"taxonomy":"post_tag","embeddable":true,"href":"https:\/\/www.europesays.com\/fr\/wp-json\/wp\/v2\/tags?post=557000"}],"curies":[{"name":"wp","href":"https:\/\/api.w.org\/{rel}","templated":true}]}}