{"id":557010,"date":"2025-11-25T06:18:17","date_gmt":"2025-11-25T06:18:17","guid":{"rendered":"https:\/\/www.europesays.com\/fr\/557010\/"},"modified":"2025-11-25T06:18:17","modified_gmt":"2025-11-25T06:18:17","slug":"comment-la-ville-embellit-le-cadre-de-vie","status":"publish","type":"post","link":"https:\/\/www.europesays.com\/fr\/557010\/","title":{"rendered":"comment la Ville embellit le cadre de vie"},"content":{"rendered":"<p>Les entreprises de travaux publics sp\u00e9cialis\u00e9es dans la d\u00e9molition se frottent les mains \u00e0 Saint-\u00c9tienne. Depuis plus d\u2019une d\u00e9cennie, il n\u2019y a pas une seule ann\u00e9e o\u00f9 elles ne sont pas intervenues sur\u00a0les diff\u00e9rents quartiers de la ville pour mener \u00e0 bien des op\u00e9rations de d\u00e9construction du b\u00e2ti ancien.<\/p>\n<p>Ces chantiers sont la traduction sur le terrain de la strat\u00e9gie mise en \u0153uvre par l\u2019\u00e9quipe municipale depuis 2014 pour renouveler le tissu urbain.<\/p>\n<p>Une surface d\u00e9molie \u00e9quivalente \u00e0 48 terrains de football<\/p>\n<p>\u00ab\u00a0On d\u00e9molit pour mieux reconstruire la ville, la r\u00e9g\u00e9n\u00e9rer et l\u2019a\u00e9rer. On la veut moins dense, on la renaturalise pour l\u2019adapter aux changements climatiques\u00a0\u00bb : Jean-Pierre Berger, premier adjoint en charge de l\u2019urbanisme, a le sens de la formule pour r\u00e9sumer la politique de la ville en la mati\u00e8re.<\/p>\n<p>L\u2019&amp;eacut&#8230;<\/p>\n","protected":false},"excerpt":{"rendered":"Les entreprises de travaux publics sp\u00e9cialis\u00e9es dans la d\u00e9molition se frottent les mains \u00e0 Saint-\u00c9tienne. Depuis plus d\u2019une&hellip;\n","protected":false},"author":2,"featured_media":557011,"comment_status":"","ping_status":"","sticky":false,"template":"","format":"standard","meta":{"footnotes":""},"categories":[9653],"tags":[1111,11,2430,4749,33,7539,436,1777,674,1011,27,1116,1908,3367,12,25,4001,7538,104],"class_list":{"0":"post-557010","1":"post","2":"type-post","3":"status-publish","4":"format-standard","5":"has-post-thumbnail","7":"category-saint-etienne","8":"tag-actu","9":"tag-actualites","10":"tag-auvergne-rhone-alpes","11":"tag-btp-et-chantiers","12":"tag-economie","13":"tag-edition-loire-sud","14":"tag-environnement","15":"tag-eu","16":"tag-europe","17":"tag-fr","18":"tag-france","19":"tag-immobilier","20":"tag-logement","21":"tag-loire","22":"tag-news","23":"tag-republique-francaise","24":"tag-saint-etienne","25":"tag-saint-etienne-ville","26":"tag-societe"},"share_on_mastodon":{"url":"https:\/\/pubeurope.com\/@fr\/115608885946976803","error":""},"_links":{"self":[{"href":"https:\/\/www.europesays.com\/fr\/wp-json\/wp\/v2\/posts\/557010","targetHints":{"allow":["GET"]}}],"collection":[{"href":"https:\/\/www.europesays.com\/fr\/wp-json\/wp\/v2\/posts"}],"about":[{"href":"https:\/\/www.europesays.com\/fr\/wp-json\/wp\/v2\/types\/post"}],"author":[{"embeddable":true,"href":"https:\/\/www.europesays.com\/fr\/wp-json\/wp\/v2\/users\/2"}],"replies":[{"embeddable":true,"href":"https:\/\/www.europesays.com\/fr\/wp-json\/wp\/v2\/comments?post=557010"}],"version-history":[{"count":0,"href":"https:\/\/www.europesays.com\/fr\/wp-json\/wp\/v2\/posts\/557010\/revisions"}],"wp:featuredmedia":[{"embeddable":true,"href":"https:\/\/www.europesays.com\/fr\/wp-json\/wp\/v2\/media\/557011"}],"wp:attachment":[{"href":"https:\/\/www.europesays.com\/fr\/wp-json\/wp\/v2\/media?parent=557010"}],"wp:term":[{"taxonomy":"category","embeddable":true,"href":"https:\/\/www.europesays.com\/fr\/wp-json\/wp\/v2\/categories?post=557010"},{"taxonomy":"post_tag","embeddable":true,"href":"https:\/\/www.europesays.com\/fr\/wp-json\/wp\/v2\/tags?post=557010"}],"curies":[{"name":"wp","href":"https:\/\/api.w.org\/{rel}","templated":true}]}}