{"id":557031,"date":"2025-11-25T06:37:18","date_gmt":"2025-11-25T06:37:18","guid":{"rendered":"https:\/\/www.europesays.com\/fr\/557031\/"},"modified":"2025-11-25T06:37:18","modified_gmt":"2025-11-25T06:37:18","slug":"la-petite-maelyne-est-polyhandicapee-sa-maman-appelle-a-la-solidarite","status":"publish","type":"post","link":"https:\/\/www.europesays.com\/fr\/557031\/","title":{"rendered":"la petite Ma\u00eblyne est polyhandicap\u00e9e, sa maman appelle \u00e0 la solidarit\u00e9"},"content":{"rendered":"<p>                    Par<br \/>\n        <strong><br \/>\n            <a href=\"https:\/\/actu.fr\/auteur\/matheo-girard\" title=\"Consulter tous les articles de Matheo Girard\" target=\"_blank\" rel=\"noopener\">Matheo Girard<\/a><br \/>\n                    <\/strong><\/p>\n<p>        Publi\u00e9 le<\/p>\n<p>            25 nov. 2025 \u00e0 6h36        <\/p>\n<p>Le quotidien de <b>la petite Ma\u00eblyne, 9\u00a0ans,<\/b> et de sa famille est difficile. <a href=\"https:\/\/actu.fr\/bretagne\/retiers_35239\/ille-et-vilaine-l-appel-a-l-aide-de-la-maman-de-maelyne-atteinte-d-une-maladie-tres-rare_37277707.html\" target=\"_blank\" rel=\"noopener\">En 2020, nous vous racontions <b>le combat de sa maman G\u00e9raldine<\/b><\/a> qui se bat pour sa fille, dont <b>la maladie c\u00e9r\u00e9brale<\/b> \u00e9tait alors d\u00e9crite comme \u00ab\u2009une \u00e9nigme pour les m\u00e9decins\u2009\u00bb.<\/p>\n<p class=\" wall-content\"><a href=\"https:\/\/actu.fr\/bretagne\/retiers_35239\/ille-et-vilaine-la-maman-de-maelyne-continue-son-combat-pour-sa-fille_60956461.html\" target=\"_blank\" rel=\"noopener\"><b>Une association de soutien<\/b> a ainsi \u00e9t\u00e9 cr\u00e9\u00e9e<\/a> pour permettre de <b>soulager la vie de Ma\u00eblyne<\/b> et de ses aidants, et d\u2019accompagner financi\u00e8rement sa famille, puisque sa maman \u00e9l\u00e8ve seule cinq enfants.<\/p>\n<p>\u00ab\u2009En grande d\u00e9tresse\u2009\u00bb<\/p>\n<p class=\" wall-content\">\u00ab\u2009Aujourd\u2019hui, je suis en d\u00e9pression, en burn-out et <b>en grande d\u00e9tresse,<\/b> psychologique, morale, sociale et familiale\u2009\u00bb, fait-elle savoir, ce dimanche 23\u00a0novembre 2025.<\/p>\n<p class=\" wall-content\">G\u00e9raldine renouvelle son appel \u00e0 la solidarit\u00e9, pour subvenir \u00e0 <b>des besoins \u00ab\u2009urgents\u2009\u00bb<\/b> pour sa fille.<\/p>\n<p class=\" wall-content\">Il s\u2019agit de transports en taxi pour personnes \u00e0 mobilit\u00e9 r\u00e9duite (TPMR) qui ne sont pas rembours\u00e9s par la S\u00e9curit\u00e9 sociale, le financement de couches de protection, d\u2019al\u00e8ses, de probiotiques et de cr\u00e8mes sp\u00e9cifiques n\u00e9cessaires au confort et \u00e0 la sant\u00e9 de la jeune fille.<\/p>\n<p>Vid\u00e9os : en ce moment sur Actu<\/p>\n<p class=\" wall-content\">Le r\u00e8glement des frais de son auxiliaire de vie est \u00e9galement une priorit\u00e9.<\/p>\n<p class=\" wall-content\">\u00ab<b>\u2009Polyhandicap\u00e9e<\/b>, n\u00e9cessitant des soins r\u00e9guliers et sp\u00e9cifiques, Ma\u00eblyne b\u00e9n\u00e9ficie d\u2019un accompagnement quotidien. Cependant, les aides accord\u00e9es par les pouvoirs publics restent insuffisantes pour couvrir l\u2019ensemble des frais indispensables \u00e0 son bien-\u00eatre\u2009\u00bb, communique son association de soutien.<\/p>\n<p>Votre r\u00e9gion, votre actu !<\/p>\n<p>Recevez chaque jour les infos qui comptent pour vous.<\/p>\n<p>\t<a href=\"https:\/\/actu.fr\/newsletter\" class=\"ac-btn ac-btn--corner ac-btn--medium ac-btn--blue800\" target=\"_blank\" rel=\"noopener\">S&rsquo;incrire<\/a><br \/>\nPlus de liquidit\u00e9 pour acheter de l\u2019eau<\/p>\n<p class=\" wall-content\"><b>La cagnotte<\/b> intitul\u00e9e <a href=\"https:\/\/www.leetchi.com\/fr\/c\/association-de-maelyne\" target=\"_blank\" rel=\"noopener\">Un combat une vie la sienne<\/a> mise en ligne sur la plateforme Leetchi est toujours active. <b>Plus de 220 participations<\/b> ont d\u00e9j\u00e0 \u00e9t\u00e9 enregistr\u00e9es depuis sa cr\u00e9ation.<\/p>\n<p class=\" wall-content\">\u00ab\u2009Aujourd\u2019hui, l\u2019\u00e9quilibre financier de cette famille est toujours pr\u00e9caire. Son AJPP (Allocation journali\u00e8re de pr\u00e9sence parentale) est arriv\u00e9e en fin de droits et G\u00e9raldine ne dispose plus d\u2019aucune\u00a0liquidit\u00e9, m\u00eame pour <b>acheter de l\u2019eau pour sa fille<\/b>. Elle attend d\u2019acc\u00e9der \u00e0 l\u2019\u00e9picerie sociale.\u2009\u00bb<\/p>\n<p class=\" wall-content\">L\u2019association qui \u0153uvre en soutien de la petite Ma\u00eblyne pr\u00e9cise accueillir positivement toute initiative de collectifs, associations, ou commer\u00e7ants locaux dans l\u2019organisation d\u2019\u00e9v\u00e9nements solidaires.<\/p>\n<p class=\" wall-content\">Personnalisez votre actualit\u00e9 en ajoutant vos villes et m\u00e9dias en favori avec <a href=\"https:\/\/moncompte.actu.fr\" title=\"D\u00e9couvez Mon Actu\" rel=\"nofollow noopener\" data-trk=\"{&quot;cta&quot;:{&quot;action&quot;:&quot;https:\\\/\\\/moncompte.actu.fr&quot;,&quot;category&quot;:&quot;mon compte&quot;,&quot;from&quot;:&quot;article footer&quot;,&quot;name&quot;:&quot;Mon actu&quot;,&quot;type&quot;:&quot;cta&quot;}}\" target=\"_blank\">Mon Actu<\/a>.<\/p>\n","protected":false},"excerpt":{"rendered":"Par Matheo Girard Publi\u00e9 le 25 nov. 2025 \u00e0 6h36 Le quotidien de la petite Ma\u00eblyne, 9\u00a0ans, et&hellip;\n","protected":false},"author":2,"featured_media":557032,"comment_status":"","ping_status":"","sticky":false,"template":"","format":"standard","meta":{"footnotes":""},"categories":[2821],"tags":[1111,11,829,1777,674,1011,27,1943,12,584,25,104,3400],"class_list":{"0":"post-557031","1":"post","2":"type-post","3":"status-publish","4":"format-standard","5":"has-post-thumbnail","7":"category-rennes","8":"tag-actu","9":"tag-actualites","10":"tag-bretagne","11":"tag-eu","12":"tag-europe","13":"tag-fr","14":"tag-france","15":"tag-handicap","16":"tag-news","17":"tag-rennes","18":"tag-republique-francaise","19":"tag-societe","20":"tag-solidarite"},"share_on_mastodon":{"url":"https:\/\/pubeurope.com\/@fr\/115608960712972197","error":""},"_links":{"self":[{"href":"https:\/\/www.europesays.com\/fr\/wp-json\/wp\/v2\/posts\/557031","targetHints":{"allow":["GET"]}}],"collection":[{"href":"https:\/\/www.europesays.com\/fr\/wp-json\/wp\/v2\/posts"}],"about":[{"href":"https:\/\/www.europesays.com\/fr\/wp-json\/wp\/v2\/types\/post"}],"author":[{"embeddable":true,"href":"https:\/\/www.europesays.com\/fr\/wp-json\/wp\/v2\/users\/2"}],"replies":[{"embeddable":true,"href":"https:\/\/www.europesays.com\/fr\/wp-json\/wp\/v2\/comments?post=557031"}],"version-history":[{"count":0,"href":"https:\/\/www.europesays.com\/fr\/wp-json\/wp\/v2\/posts\/557031\/revisions"}],"wp:featuredmedia":[{"embeddable":true,"href":"https:\/\/www.europesays.com\/fr\/wp-json\/wp\/v2\/media\/557032"}],"wp:attachment":[{"href":"https:\/\/www.europesays.com\/fr\/wp-json\/wp\/v2\/media?parent=557031"}],"wp:term":[{"taxonomy":"category","embeddable":true,"href":"https:\/\/www.europesays.com\/fr\/wp-json\/wp\/v2\/categories?post=557031"},{"taxonomy":"post_tag","embeddable":true,"href":"https:\/\/www.europesays.com\/fr\/wp-json\/wp\/v2\/tags?post=557031"}],"curies":[{"name":"wp","href":"https:\/\/api.w.org\/{rel}","templated":true}]}}