{"id":557033,"date":"2025-11-25T06:38:12","date_gmt":"2025-11-25T06:38:12","guid":{"rendered":"https:\/\/www.europesays.com\/fr\/557033\/"},"modified":"2025-11-25T06:38:12","modified_gmt":"2025-11-25T06:38:12","slug":"saverne-chef-de-pole-a-licans-georges-noel-donnera-une-conference-sur-limmunotherapie","status":"publish","type":"post","link":"https:\/\/www.europesays.com\/fr\/557033\/","title":{"rendered":"Saverne. Chef de p\u00f4le \u00e0 l&rsquo;Icans,\u00a0Georges No\u00ebl donnera une conf\u00e9rence sur l\u2019immunoth\u00e9rapie"},"content":{"rendered":"<p>La radioth\u00e9rapie dans le traitement des cancers avait fait l\u2019objet d\u2019une conf\u00e9rence en 2018, organis\u00e9e par le Lions club de Saverne et anim\u00e9e par le professeur Georges No\u00ebl, actuel chef de p\u00f4le oncologue radioth\u00e9rapeute de <a href=\"https:\/\/www.dna.fr\/sante\/2025\/11\/20\/dissolution-de-l-icans-ce-qui-va-changer-pour-les-patients-et-les-soignants\" target=\"_blank\" rel=\"noopener\">l\u2019Institut de canc\u00e9rologie Strasbourg Europe<\/a> (Icans).<\/p>\n<p>\u00ab\u00a0Nous souhaitons poursuivre la r\u00e9flexion avec ce sp\u00e9cialiste, au vu du succ\u00e8s rencontr\u00e9 il y a sept ans, et pr\u00e9senter ses nouveaut\u00e9s\u00a0\u00bb, indique Jean North, charg\u00e9 de l\u2019organisation de la nouvelle conf\u00e9rence. Elle aura lieu jeudi 27\u00a0novembre \u00e0 20\u00a0h, \u00e0 la salle Marie-Antoinette du ch\u00e2teau des Rohan. Le professeur Georges No\u00ebl expliquera que l\u2019immunoth\u00e9rapie r\u00e9volutionne la lutte contre le cancer. L\u2019entr\u00e9e est libre, panier au profit de la recherche sur la protonth\u00e9rapie.<\/p>\n<p>\u00ab\u00a0Longtemps cantonn\u00e9e aux laboratoires de recherche, l\u2019immunoth\u00e9rapie s\u2019impose aujourd\u2019hui comme l\u2019une des armes les plus prometteuses contre le cancer. Des \u00e9tapes cl\u00e9s retracent les progr\u00e8s fulgurants d\u2019une approche qui consiste \u00e0 mobiliser les d\u00e9fenses naturelles du patient contre la tumeur elle-m\u00eame\u00a0\u00bb, explique le professeur Georges No\u00ebl en amont de sa conf\u00e9rence.<\/p>\n<p>  Un lien entre inflammation et cancer pressenti d\u00e8s 1863<\/p>\n<p>\u00ab L\u2019id\u00e9e que le syst\u00e8me immunitaire puisse d\u00e9tecter et \u00e9liminer les <a href=\"https:\/\/www.dna.fr\/sante\/2025\/04\/22\/des-chercheurs-identifient-une-nouvelle-piste-pour-lutter-contre-la-formation-des-metastases\" target=\"_blank\" rel=\"noopener\">cellules canc\u00e9reuses<\/a> n\u2019est pas nouvelle. D\u00e8s 1863, le m\u00e9decin allemand Rudolf Virchow pressentait un lien entre inflammation et cancer. Mais il a fallu attendre les avanc\u00e9es r\u00e9centes de la biologie mol\u00e9culaire pour comprendre comment les tumeurs \u00e9chappaient \u00e0 cette surveillance. Les cellules canc\u00e9reuses r\u00e9sistent en r\u00e9duisant l\u2019expression de leurs antig\u00e8nes de surface, en recrutant des cellules qui freinent l\u2019immunit\u00e9 ou en activant des v\u00e9ritables verrous mol\u00e9culaires qui paralysent les cellules immunitaires. Les chercheurs distinguent aujourd\u2019hui deux types de cancers\u00a0: les tumeurs froides, qui \u00e9chappent totalement \u00e0 la r\u00e9ponse immunitaire, et les tumeurs chaudes, plus r\u00e9ceptives aux traitements. L\u2019un des d\u00e9fis de la recherche est de transformer les premi\u00e8res en secondes, afin que le syst\u00e8me immunitaire reconnaisse et d\u00e9truise la tumeur.\u00a0Contrairement \u00e0 une id\u00e9e r\u00e9pandue, l\u2019immunoth\u00e9rapie ne remplace pas la chimioth\u00e9rapie ou la radioth\u00e9rapie. L\u2019avenir, c\u2019est la combinaison. La radioth\u00e9rapie peut, paradoxalement, renforcer la r\u00e9ponse immunitaire en cr\u00e9ant de nouveaux antig\u00e8nes, tandis que certaines chimioth\u00e9rapies stimulent indirectement les d\u00e9fenses de l\u2019organisme. L\u2019avenir s\u2019annonce encore plus int\u00e9gr\u00e9. L\u2019intelligence artificielle permet d\u00e9j\u00e0 de croiser les donn\u00e9es de patients, de pr\u00e9dire leur r\u00e9ponse au traitement et de concevoir de nouvelles strat\u00e9gies th\u00e9rapeutiques. Le microbiote intestinal, lui aussi, se r\u00e9v\u00e8le \u00eatre un acteur cl\u00e9\u00a0: il influence la mani\u00e8re dont le corps r\u00e9agit \u00e0 l\u2019immunoth\u00e9rapie\u2026\u00a0\u00bb<\/p>\n","protected":false},"excerpt":{"rendered":"La radioth\u00e9rapie dans le traitement des cancers avait fait l\u2019objet d\u2019une conf\u00e9rence en 2018, organis\u00e9e par le Lions&hellip;\n","protected":false},"author":2,"featured_media":557034,"comment_status":"","ping_status":"","sticky":false,"template":"","format":"standard","meta":{"footnotes":""},"categories":[2820],"tags":[1111,11,6211,1687,5644,1777,674,107,1011,27,775,12,5486,25,71,45554,40770,640],"class_list":{"0":"post-557033","1":"post","2":"type-post","3":"status-publish","4":"format-standard","5":"has-post-thumbnail","7":"category-strasbourg","8":"tag-actu","9":"tag-actualites","10":"tag-conference","11":"tag-culture-loisirs","12":"tag-edition-saverne-sarre-union","13":"tag-eu","14":"tag-europe","15":"tag-fil-info","16":"tag-fr","17":"tag-france","18":"tag-grand-est","19":"tag-news","20":"tag-rencontre","21":"tag-republique-francaise","22":"tag-sante","23":"tag-saverne","24":"tag-secteur-de-saverne","25":"tag-strasbourg"},"share_on_mastodon":{"url":"https:\/\/pubeurope.com\/@fr\/115608964640231095","error":""},"_links":{"self":[{"href":"https:\/\/www.europesays.com\/fr\/wp-json\/wp\/v2\/posts\/557033","targetHints":{"allow":["GET"]}}],"collection":[{"href":"https:\/\/www.europesays.com\/fr\/wp-json\/wp\/v2\/posts"}],"about":[{"href":"https:\/\/www.europesays.com\/fr\/wp-json\/wp\/v2\/types\/post"}],"author":[{"embeddable":true,"href":"https:\/\/www.europesays.com\/fr\/wp-json\/wp\/v2\/users\/2"}],"replies":[{"embeddable":true,"href":"https:\/\/www.europesays.com\/fr\/wp-json\/wp\/v2\/comments?post=557033"}],"version-history":[{"count":0,"href":"https:\/\/www.europesays.com\/fr\/wp-json\/wp\/v2\/posts\/557033\/revisions"}],"wp:featuredmedia":[{"embeddable":true,"href":"https:\/\/www.europesays.com\/fr\/wp-json\/wp\/v2\/media\/557034"}],"wp:attachment":[{"href":"https:\/\/www.europesays.com\/fr\/wp-json\/wp\/v2\/media?parent=557033"}],"wp:term":[{"taxonomy":"category","embeddable":true,"href":"https:\/\/www.europesays.com\/fr\/wp-json\/wp\/v2\/categories?post=557033"},{"taxonomy":"post_tag","embeddable":true,"href":"https:\/\/www.europesays.com\/fr\/wp-json\/wp\/v2\/tags?post=557033"}],"curies":[{"name":"wp","href":"https:\/\/api.w.org\/{rel}","templated":true}]}}