{"id":557035,"date":"2025-11-25T06:39:14","date_gmt":"2025-11-25T06:39:14","guid":{"rendered":"https:\/\/www.europesays.com\/fr\/557035\/"},"modified":"2025-11-25T06:39:14","modified_gmt":"2025-11-25T06:39:14","slug":"voici-a-partir-de-quelle-heure-le-grand-sapin-sera-illumine-mercredi","status":"publish","type":"post","link":"https:\/\/www.europesays.com\/fr\/557035\/","title":{"rendered":"voici \u00e0 partir de quelle heure le grand sapin sera illumin\u00e9 mercredi"},"content":{"rendered":"<p>                    Par<br \/>\n        <strong><br \/>\n            <a href=\"https:\/\/actu.fr\/auteur\/ivan-capecchi\" title=\"Consulter tous les articles de Ivan CAPECCHI\" target=\"_blank\" rel=\"noopener\">Ivan CAPECCHI<\/a><br \/>\n                    <\/strong><\/p>\n<p>        Publi\u00e9 le<\/p>\n<p>            25 nov. 2025 \u00e0 7h02        <\/p>\n<p>L\u2019\u00e9dition <a href=\"https:\/\/actu.fr\/grand-est\/strasbourg_67482\/strasbourg-les-dates-du-marche-de-noel-2025-sont-connues_62710676.html\" target=\"_blank\" rel=\"noopener\">2025 du march\u00e9 de No\u00ebl de Strasbourg<\/a> d\u00e9marre ce mercredi 26 novembre 2025. Alors que les <a href=\"https:\/\/actu.fr\/grand-est\/strasbourg_67482\/marche-de-noel-de-strasbourg-cette-annee-les-illuminations-demarreront-plus-tot-voici-pourquoi_63376802.html\" target=\"_blank\" rel=\"noopener\">illuminations des rues commer\u00e7antes<\/a> ont \u00e9t\u00e9 d\u00e9clench\u00e9es il y a quelques jours d\u00e9j\u00e0, qu\u2019en est-il du <a href=\"https:\/\/actu.fr\/grand-est\/strasbourg_67482\/marche-de-noel-de-strasbourg-voici-quand-vous-pourrez-admirer-le-grand-sapin-de-la-place-kleber_63284761.html\" target=\"_blank\" rel=\"noopener\">grand sapin de la place Kl\u00e9ber<\/a> ?<\/p>\n<p>Le grand sapin illumin\u00e9 \u00e0 partir de 16h<\/p>\n<p class=\" wall-content\">D\u2019apr\u00e8s la Ville, contact\u00e9e par nos soins, le grand sapin de la place Kl\u00e9ber sera <strong>illumin\u00e9 \u00e0 partir de 16h, mercredi<\/strong>.\u00a0<\/p>\n<p class=\" wall-content\">Le grand sapin restera illumin\u00e9 <strong>jusqu\u2019au 5 janvier 2026<\/strong>, alors que le march\u00e9 de No\u00ebl prendra fin le 24 d\u00e9cembre 2025.<\/p>\n<p class=\" wall-content\">\u00ab\u00a0Rendez-vous tous les jours, \u00e0 chaque heure <strong>entre 16h et 21h<\/strong>, pour d\u00e9couvrir<strong> l\u2019\u00e9veil lumineux en musique<\/strong> du grand sapin\u00a0\u00bb, invite la Ville dans un communiqu\u00e9. \u00ab\u00a0\u00c9veil lumineux uniquement : tous les jours, \u00e0 chaque heure entre 22h et 00h\u00a0\u00bb, pr\u00e9cise-t-elle.<\/p>\n<p>Des animations pour les enfants sur le square Louise Weiss<\/p>\n<p class=\" wall-content\">Lors de cette m\u00eame journ\u00e9e de mercredi, des <a href=\"https:\/\/actu.fr\/tag\/animations\" target=\"_blank\" rel=\"noopener\">animations<\/a> seront propos\u00e9es au niveau du <strong>\u00ab\u00a0Village de l\u2019Avent\u00a0\u00bb<\/strong> sur le <strong>square Louise Weiss<\/strong>.\u00a0<\/p>\n<p class=\" wall-content\">\u00ab\u00a0Les <a href=\"https:\/\/actu.fr\/tag\/enfants\" target=\"_blank\" rel=\"noopener\">enfants<\/a> seront invit\u00e9s \u00e0 <strong>d\u00e9corer les sapins du Village<\/strong> autour d\u2019animations musicales, gustatives et festives !\u00a0\u00bb, indique la Ville.\u00a0<\/p>\n<p class=\" wall-content\">Personnalisez votre actualit\u00e9 en ajoutant vos villes et m\u00e9dias en favori avec <a href=\"https:\/\/moncompte.actu.fr\" title=\"D\u00e9couvez Mon Actu\" rel=\"nofollow noopener\" data-trk=\"{&quot;cta&quot;:{&quot;action&quot;:&quot;https:\\\/\\\/moncompte.actu.fr&quot;,&quot;category&quot;:&quot;mon compte&quot;,&quot;from&quot;:&quot;article footer&quot;,&quot;name&quot;:&quot;Mon actu&quot;,&quot;type&quot;:&quot;cta&quot;}}\" target=\"_blank\">Mon Actu<\/a>.<\/p>\n","protected":false},"excerpt":{"rendered":"Par Ivan CAPECCHI Publi\u00e9 le 25 nov. 2025 \u00e0 7h02 L\u2019\u00e9dition 2025 du march\u00e9 de No\u00ebl de Strasbourg&hellip;\n","protected":false},"author":2,"featured_media":452877,"comment_status":"","ping_status":"","sticky":false,"template":"","format":"standard","meta":{"footnotes":""},"categories":[2820],"tags":[1111,11,1777,674,1011,27,775,1652,56596,12,25,640],"class_list":{"0":"post-557035","1":"post","2":"type-post","3":"status-publish","4":"format-standard","5":"has-post-thumbnail","7":"category-strasbourg","8":"tag-actu","9":"tag-actualites","10":"tag-eu","11":"tag-europe","12":"tag-fr","13":"tag-france","14":"tag-grand-est","15":"tag-loisirs-culture","16":"tag-marche-de-noel-de-strasbourg","17":"tag-news","18":"tag-republique-francaise","19":"tag-strasbourg"},"share_on_mastodon":{"url":"https:\/\/pubeurope.com\/@fr\/115608968541361965","error":""},"_links":{"self":[{"href":"https:\/\/www.europesays.com\/fr\/wp-json\/wp\/v2\/posts\/557035","targetHints":{"allow":["GET"]}}],"collection":[{"href":"https:\/\/www.europesays.com\/fr\/wp-json\/wp\/v2\/posts"}],"about":[{"href":"https:\/\/www.europesays.com\/fr\/wp-json\/wp\/v2\/types\/post"}],"author":[{"embeddable":true,"href":"https:\/\/www.europesays.com\/fr\/wp-json\/wp\/v2\/users\/2"}],"replies":[{"embeddable":true,"href":"https:\/\/www.europesays.com\/fr\/wp-json\/wp\/v2\/comments?post=557035"}],"version-history":[{"count":0,"href":"https:\/\/www.europesays.com\/fr\/wp-json\/wp\/v2\/posts\/557035\/revisions"}],"wp:featuredmedia":[{"embeddable":true,"href":"https:\/\/www.europesays.com\/fr\/wp-json\/wp\/v2\/media\/452877"}],"wp:attachment":[{"href":"https:\/\/www.europesays.com\/fr\/wp-json\/wp\/v2\/media?parent=557035"}],"wp:term":[{"taxonomy":"category","embeddable":true,"href":"https:\/\/www.europesays.com\/fr\/wp-json\/wp\/v2\/categories?post=557035"},{"taxonomy":"post_tag","embeddable":true,"href":"https:\/\/www.europesays.com\/fr\/wp-json\/wp\/v2\/tags?post=557035"}],"curies":[{"name":"wp","href":"https:\/\/api.w.org\/{rel}","templated":true}]}}