{"id":557036,"date":"2025-11-25T06:40:12","date_gmt":"2025-11-25T06:40:12","guid":{"rendered":"https:\/\/www.europesays.com\/fr\/557036\/"},"modified":"2025-11-25T06:40:12","modified_gmt":"2025-11-25T06:40:12","slug":"elle-legue-sa-villa-de-cagnes-sur-mer-a-une-association-de-defense-des-animaux-100-chats-abandonnes-ou-maltraites-investissent-les-lieux","status":"publish","type":"post","link":"https:\/\/www.europesays.com\/fr\/557036\/","title":{"rendered":"Elle l\u00e8gue sa villa de Cagnes-sur-Mer \u00e0 une association de d\u00e9fense des animaux, 100 chats abandonn\u00e9s ou maltrait\u00e9s investissent les lieux"},"content":{"rendered":"<p class=\"fs-5 \">Plus qu\u2019une maison, encore mieux qu\u2019un refuge : \u00ab Ici, c\u2019est un lieu de paix. \u00bb Anne-Marie David, r\u00e9alise \u00e0 peine le coup de patte de velours dont l\u2019Univers a gratifi\u00e9 l\u2019association de d\u00e9fense animali\u00e8re, qu\u2019elle conduit entre Nice et Cagnes-sur-Mer.<\/p>\n<p class=\"fs-5 \">Le 15 novembre dernier, la directrice de l\u2019Arpa, son pr\u00e9sident Jacques Leboucher et toute l\u2019\u00e9quipe de cette Alliance pour le respect et la protection des animaux, ont inaugur\u00e9 la villa Elphy, dans le quartier r\u00e9sidentiel Saint-V\u00e9ran, \u00e0 Cagnes-sur-Mer.<\/p>\n<p class=\"fs-5 \">Toulouse, Nala, Thelma, Picsou&#8230; les 100 f\u00e9lins affal\u00e9s yeux mi-clos au creux de coussins moelleux dans chaque pi\u00e8ce chauff\u00e9e de la maison, Copain, le cochon rose batifolant sur la pelouse, les 6 chiens espi\u00e8gles, 2 rongeurs, la tourterelle, profitent de ce paradis hallucinant, plant\u00e9 d\u2019agrumes et de fleurs, qui leur est enti\u00e8rement d\u00e9di\u00e9.<\/p>\n<p class=\"fs-5 \">Ont-ils conscience qu\u2019ils occupent 1.600 m2, dont 300 pour la villa, qu\u2019une bienfaitrice leur a l\u00e9gu\u00e9s ? Sylviane Rava, l\u2019ex-propri\u00e9taire de cette b\u00e2tisse proven\u00e7ale ocre p\u00e2le, a fait fort : \u00ab \u00c0 son d\u00e9c\u00e8s, il y a 5 ans, nous avons appris que l\u2019Arpa \u00e9tait sa l\u00e9gataire universelle. Nous ne connaissions pas cette dame, mais elle avait entendu parler de nos actions. Elle avait pos\u00e9 3 conditions \u00e0 cet h\u00e9ritage : prendre en charge son chat, qui malheureusement \u00e9tait d\u00e9j\u00e0 mort, entretenir sa tombe \u00e0 Caucade, ce que nous faisons, et surtout que cette demeure devienne maison d\u2019accueil pour animaux. \u00bb<\/p>\n<p>                                                                                Une r\u00e9compense<\/p>\n<p class=\"fs-5 \">Un cadeau du ciel incroyable, qu\u2019Anne-Marie David vit \u00ab comme une r\u00e9compense de tout ce qu\u2019on a v\u00e9cu \u00bb.<\/p>\n<p class=\"fs-5 \">Les abandons (plus de 80 chats recueillis seulement pour juillet-ao\u00fbt), les maltraitances, les descentes dans des appartements pourris, o\u00f9 s\u2019entassent d\u00e9tritus et animaux fam\u00e9liques, malades, livr\u00e9s \u00e0 eux-m\u00eames&#8230; Des \u00e2mes en peine, des caboss\u00e9s de la vie, des souffre-douleur d\u2019humains qui n\u2019en sont pas.<\/p>\n<p class=\"fs-5 \">Et qui, d\u00e9sormais, se reconstruisent dans un domaine paisible, loin du tumulte, des dangers et de la cruaut\u00e9.<\/p>\n<p class=\"fs-5 \">Une seconde vie \u00e0 bord d\u2019une arche de No\u00e9 fixe, qu\u2019il a fallu sc\u00e9nariser durant 5 ans. Gr\u00e2ce au coaching d\u2019un architecte, apr\u00e8s avoir demand\u00e9 toutes les autorisations n\u00e9cessaires, rassur\u00e9 le voisinage, \u00ab avec lequel les relations sont excellentes \u00bb.<\/p>\n<p>                                                                                Pas d\u2019univers carc\u00e9ral<\/p>\n<p class=\"fs-5 \">L\u2019id\u00e9e ? Faire de la villa \u00ab une maison d\u2019accueil, y compris pour les dizaines de chats que nous gardions comme on pouvait au si\u00e8ge peu adapt\u00e9 de l\u2019Arpa, rue Sorgentino, \u00e0 Nice. Ici, c\u2019est un refuge, bien s\u00fbr, mais pas au sens d\u2019univers carc\u00e9ral \u00bb.<\/p>\n<p class=\"fs-5 \">Si ext\u00e9rieurement, la villa paraissait solide, \u00e0 l\u2019int\u00e9rieur, tout a d\u00fb \u00eatre repens\u00e9 et en mode chats. On a abattu des cloisons, pos\u00e9 un escalier int\u00e9rieur reliant les 2 niveaux, fait de chaque pi\u00e8ce, une chambre douillette.<\/p>\n<p class=\"fs-5 \">\u00ab Pour obtenir une ambiance appartement. \u00bb Climatisation l\u2019\u00e9t\u00e9, chauffage l\u2019hiver, carrelage jusqu\u2019en haut des murs pour un entretien facile, lits, fauteuils, banquettes, arbres \u00e0 chats, jouets, gamelles, liti\u00e8res composent une atmosph\u00e8re valid\u00e9e par la gent f\u00e9line.<\/p>\n<p class=\"fs-5 \">Pour les vieux chats totalisant entre 18 et 20 ans, on a con\u00e7u \u00ab 2 pi\u00e8ces Ehpad. On a choisi les plus claires et les plus ensoleill\u00e9es \u00bb.<\/p>\n<p class=\"fs-5 \">Toutes les portes sont en m\u00e9tal brun ajour\u00e9 \u00ab pour que les animaux se respirent mutuellement \u00bb.<\/p>\n<p>                                                                                Aux petits soins<\/p>\n<p class=\"fs-5 \">Au rez-de-chauss\u00e9e, un cabinet v\u00e9t\u00e9rinaire est en cours d\u2019am\u00e9nagement, \u00ab mais uniquement pour les animaux de la maison et les premiers soins ou petites interventions \u00bb.<\/p>\n<p class=\"fs-5 \">A l\u2019\u00e9tage, une cuisine compl\u00e8te permet de pr\u00e9parer les pitances.<\/p>\n<p class=\"fs-5 \">On a aussi pens\u00e9 aux 5 employ\u00e9s : toilettes ind\u00e9pendantes, vestiaires avec douche et, sous les combles, un appartement am\u00e9nag\u00e9 pour St\u00e9phane, responsable de la villa, qu\u2019il occupe en permanence, nuit et jour : \u00ab Les animaux ne sont jamais seuls. \u00bb<\/p>\n<p class=\"fs-5 \">A l\u2019ext\u00e9rieur, un enclos de 75 m2, lui aussi climatis\u00e9 ou chauff\u00e9 selon les saisons, abrite un groupe de chats, qui peuvent aller roupiller dans un autre appartement install\u00e9 dans le garage, gr\u00e2ce \u00e0 un tunnel d\u2019acc\u00e8s. Un second enclos similaire est en construction tout \u00e0 c\u00f4t\u00e9.<\/p>\n<p class=\"fs-5 \">Voil\u00e0 donc ce nouveau royaume pour minous. \u00ab O\u00f9 on respecte la vie et o\u00f9 on condamne l\u2019euthanasie de convenance. \u00bb Un domaine, auquel on a donn\u00e9 le nom d\u2019Elphy \u00ab en souvenir d\u2019une petite chatte de 18 ans, morte de d\u00e9sespoir et abandonn\u00e9e \u00bb&#8230;<\/p>\n<p>                                                                                Solidarit\u00e9 de tout poil<\/p>\n<p class=\"fs-5 \">Le chantier pour transformer cette villa en chatterie hors norme, a demand\u00e9 un investissement de 400.000 euros.<\/p>\n<p class=\"fs-5 \">\u00ab Financ\u00e9s en partie par le Fonds de dotation Mesnage-Augier-Negresco, un autre legs, un don de Royal Canin et d\u2019autres dons des adh\u00e9rents. \u00bb<\/p>\n<p class=\"fs-5 \">La solidarit\u00e9 pour l\u2019Arpa est toujours la bienvenue. Le 21 d\u00e9cembre, \u00e0 partir de 14h, une journ\u00e9e portes ouvertes, en pr\u00e9sence du journaliste d\u00e9fenseur des animaux Henry-Jean Servat, sera organis\u00e9e pour favoriser les adoptions et permettre \u00e0 cette association de continuer son projet.<\/p>\n<p class=\"fs-5 \">L\u2019Arpa est joignable au 04.93.26.29.70 et sur son compte Facebook (Arpa Nice), o\u00f9 il est possible de faire un don en ligne.<\/p>\n","protected":false},"excerpt":{"rendered":"Plus qu\u2019une maison, encore mieux qu\u2019un refuge : \u00ab Ici, c\u2019est un lieu de paix. \u00bb Anne-Marie David,&hellip;\n","protected":false},"author":2,"featured_media":557037,"comment_status":"","ping_status":"","sticky":false,"template":"","format":"standard","meta":{"footnotes":""},"categories":[2819],"tags":[1111,11,1777,674,1011,27,12,2401,882,25],"class_list":{"0":"post-557036","1":"post","2":"type-post","3":"status-publish","4":"format-standard","5":"has-post-thumbnail","7":"category-nice","8":"tag-actu","9":"tag-actualites","10":"tag-eu","11":"tag-europe","12":"tag-fr","13":"tag-france","14":"tag-news","15":"tag-nice","16":"tag-provence-alpes-cote-dazur","17":"tag-republique-francaise"},"share_on_mastodon":{"url":"https:\/\/pubeurope.com\/@fr\/115608972563491066","error":""},"_links":{"self":[{"href":"https:\/\/www.europesays.com\/fr\/wp-json\/wp\/v2\/posts\/557036","targetHints":{"allow":["GET"]}}],"collection":[{"href":"https:\/\/www.europesays.com\/fr\/wp-json\/wp\/v2\/posts"}],"about":[{"href":"https:\/\/www.europesays.com\/fr\/wp-json\/wp\/v2\/types\/post"}],"author":[{"embeddable":true,"href":"https:\/\/www.europesays.com\/fr\/wp-json\/wp\/v2\/users\/2"}],"replies":[{"embeddable":true,"href":"https:\/\/www.europesays.com\/fr\/wp-json\/wp\/v2\/comments?post=557036"}],"version-history":[{"count":0,"href":"https:\/\/www.europesays.com\/fr\/wp-json\/wp\/v2\/posts\/557036\/revisions"}],"wp:featuredmedia":[{"embeddable":true,"href":"https:\/\/www.europesays.com\/fr\/wp-json\/wp\/v2\/media\/557037"}],"wp:attachment":[{"href":"https:\/\/www.europesays.com\/fr\/wp-json\/wp\/v2\/media?parent=557036"}],"wp:term":[{"taxonomy":"category","embeddable":true,"href":"https:\/\/www.europesays.com\/fr\/wp-json\/wp\/v2\/categories?post=557036"},{"taxonomy":"post_tag","embeddable":true,"href":"https:\/\/www.europesays.com\/fr\/wp-json\/wp\/v2\/tags?post=557036"}],"curies":[{"name":"wp","href":"https:\/\/api.w.org\/{rel}","templated":true}]}}