{"id":557038,"date":"2025-11-25T06:41:11","date_gmt":"2025-11-25T06:41:11","guid":{"rendered":"https:\/\/www.europesays.com\/fr\/557038\/"},"modified":"2025-11-25T06:41:11","modified_gmt":"2025-11-25T06:41:11","slug":"pres-de-nice-cette-station-de-ski-en-danger-avec-le-manque-de-neige-un-pari-tente","status":"publish","type":"post","link":"https:\/\/www.europesays.com\/fr\/557038\/","title":{"rendered":"Pr\u00e8s de Nice. Cette station de ski en danger avec le manque de neige ? Un pari tent\u00e9"},"content":{"rendered":"<p>                    Par<br \/>\n        <strong><br \/>\n            <a href=\"https:\/\/actu.fr\/auteur\/ugo-maillard\" title=\"Consulter tous les articles de Ugo Maillard\" target=\"_blank\" rel=\"noopener\">Ugo Maillard<\/a><br \/>\n                    <\/strong><\/p>\n<p>        Publi\u00e9 le<\/p>\n<p>            25 nov. 2025 \u00e0 7h26        <\/p>\n<p>En 2024, une modification qui va au-del\u00e0 du symbole est effectu\u00e9e par le conseil municipal. Gr\u00e9oli\u00e8res-les-Neiges (<a href=\"https:\/\/actu.fr\/provence-alpes-cote-d-azur\/alpes-maritimes_06\" target=\"_blank\" rel=\"noopener\">Alpes-Maritimes<\/a>) est devenue Gr\u00e9oli\u00e8res 1400. La raison\u2009? \u00ab\u2009Si on garde le nom et qu\u2019on n\u2019a plus de neige, on aura l\u2019air fin\u2009\u00bb, <a href=\"https:\/\/actu.fr\/provence-alpes-cote-d-azur\/greolieres_06070\/pres-de-nice-cette-station-de-ski-n-a-plus-de-neige-et-decide-de-changer-de-nom_60674141.html\" target=\"_blank\" rel=\"noopener\">expliquait alors le maire<\/a> de la commune, Marc Malfatto. Un changement de nom qui vient illustrer une r\u00e9alit\u00e9 nouvelle dans cette <strong>station de sk<\/strong>i situ\u00e9e en moyenne altitude. Si cette modification a fait grand bruit, c\u2019est toute une \u00e9conomie qui doit op\u00e9rer une transition pour survivre aux chutes de neige de moins en moins fr\u00e9quentes.<\/p>\n<p class=\" wall-content\">Pour autant, du c\u00f4t\u00e9 de <strong>Gr\u00e9oli\u00e8res<\/strong>, l\u2019optimisme est de rigueur.\u00a0Damien Matteoli, en charge de la station \u00e0 l\u2019office du tourisme du pays de Grasse livre les ambitions du domaine pour l\u2019hiver 2025-2026 \u00e0 <a href=\"https:\/\/actu.fr\/nice\/\" target=\"_blank\" rel=\"noopener\">actu Nice<\/a>.<\/p>\n<p>Une \u00ab\u2009ouverture le 20\u00a0d\u00e9cembre\u2009\u00bb<\/p>\n<p class=\" wall-content\">C\u2019est avec une joie non dissimul\u00e9e que Damien Matteoli annonce \u00e0 notre r\u00e9daction que la station de Gr\u00e9oli\u00e8res <strong>ouvrira le 20\u00a0d\u00e9cembre<\/strong> 2025. \u00ab\u2009Tous nos services seront mis en route \u00e0 cette date, comme le t\u00e9l\u00e9si\u00e8ge. Si les conditions, notamment d\u2019enneigement, le permettent, nous ouvrirons avant\u2009\u00bb, se r\u00e9jouit le charg\u00e9 de communication.<\/p>\n<blockquote class=\"ac-article-quote wall-content\">\n<p>Si nous avons de grosses chutes de neige, on lancera la saison en avance. En 72h, on peut ouvrir, le personnel est d\u00e9j\u00e0 pr\u00eat.<\/p>\n<p>    <strong>Damien Matteoli<\/strong><br \/>\n        Charg\u00e9 de communication pour la station de Gr\u00e9oli\u00e8res    <\/p><\/blockquote>\n<p class=\" wall-content\">L\u2019ouverture de la station de ski sera sans interruption jusqu\u2019\u00e0 sa fermeture. Pour ce qui est de la date de cl\u00f4ture de la saison hivernale, elle n\u2019est pas arr\u00eat\u00e9e et sera soumise \u00e0 l\u2019enneigement des pistes.<\/p>\n<p>\u00ab\u2009Pas uniquement pour le ski\u2009\u00bb<\/p>\n<p class=\" wall-content\">Les r\u00e9cents \u00e9pisodes neigeux n\u2019ont pas suffi \u00e0 garnir les pistes de la station de Gr\u00e9oli\u00e8res, et ce, malgr\u00e9 la neige de culture. Situ\u00e9 \u00e0 1\u2009h\u200930 de Nice, le domaine skiable acc\u00e9l\u00e8re sa transition pour proposer un mod\u00e8le quatre saisons.<\/p>\n<p>    <a href=\"https:\/\/www.google.com\/maps\/embed?pb=!1m18!1m12!1m3!1d379491.13979154854!2d7.2168868088630385!3d43.785869032584806!2m3!1f0!2f0!3f0!3m2!1i1024!2i768!4f13.1!3m3!1m2!1s0x12cc30afacc4d139%3A0x40819a5fd979b90!2zMDY2MjAgR3LDqW9sacOocmVz!5e0!3m2!1sfr!2sfr!4v1764002908909!5m2!1sfr!2sfr\" title=\"Ouvrie le lien\" target=\"_blank\" rel=\"noopener\">Cliquez ici pour visualiser le contenu<\/a><\/p>\n<p>Votre r\u00e9gion, votre actu !<\/p>\n<p>Recevez chaque jour les infos qui comptent pour vous.<\/p>\n<p>\t<a href=\"https:\/\/actu.fr\/newsletter\" class=\"ac-btn ac-btn--corner ac-btn--medium ac-btn--blue800\" target=\"_blank\" rel=\"noopener\">S&rsquo;incrire<\/a><\/p>\n<p class=\" wall-content\">\u00ab\u2009Le but est d\u2019attirer les azur\u00e9ens toute l\u2019ann\u00e9e. Il y a \u00e9videmment le lancement de notre <a href=\"https:\/\/actu.fr\/provence-alpes-cote-d-azur\/greolieres_06070\/pres-de-nice-ce-village-va-inaugurer-une-attraction-en-plein-air-tres-en-vogue_63010020.html\" target=\"_blank\" rel=\"noopener\">luge<\/a> <a href=\"https:\/\/actu.fr\/provence-alpes-cote-d-azur\/greolieres_06070\/pres-de-nice-ce-village-va-inaugurer-une-attraction-en-plein-air-tres-en-vogue_63010020.html\" target=\"_blank\" rel=\"noopener\">quatre saisons<\/a>, mais nous avons \u00e9norm\u00e9ment d\u2019offres pour que les clients ne montent pas uniquement pour le ski. M\u00eame en hiver\u2009\u00bb, assure Damien Matteoli. De nombreuses activit\u00e9s sont propos\u00e9es p\u00e9riode estivale : le parapente, l\u2019accrobranche, l\u2019escalade, le trampoline, le VTT, le canyoning et bien s\u00fbr la randonn\u00e9e.<\/p>\n<p class=\" wall-content\">La station qui repose quasi exclusivement sur une client\u00e8le locale, 50\u2009% de Maralpins et 50\u2009% de Varois, d\u00e9veloppe depuis plusieurs ann\u00e9es des activit\u00e9s au printemps et en \u00e9t\u00e9 pour continuer de faire vivre le tissu \u00e9conomique local.<\/p>\n<blockquote class=\"ac-article-quote wall-content\">\n<p>La transition vers un mod\u00e8le quatre saisons est \u00e9vidente et elle n&rsquo;est pas nouvelle \u00e0 Gr\u00e9oli\u00e8res. En 1963, ann\u00e9e de sa cr\u00e9ation, elle est nomm\u00e9e &lsquo;station \u00e9t\u00e9\/hiver&rsquo;.\n<\/p>\n<p>    <strong>Damien Matteoli<\/strong>\n            <\/p><\/blockquote>\n<p>\u00ab\u2009Optimiste pour l\u2019avenir\u2009\u00bb<\/p>\n<p class=\" wall-content\">Si le Syndicat Mixte de Gr\u00e9oli\u00e8res l\u2019Audibergue, en charge de l\u2019exploitation de la station, compte bien profiter du ski, il place aussi ses billes ailleurs pour <strong>anticiper l\u2019avenir<\/strong>.<\/p>\n<p class=\" wall-content\">\u00ab\u2009On prend tant que \u00e7a vient, si on peut ouvrir, on gardera l\u2019activit\u00e9 ski. On sait qu\u2019on ne remplacera pas le ski. Mais cela ne nous emp\u00eache pas d\u2019innover dans de nouvelles offres et de nouveaux produits\u2009\u00bb, assure Damien Matteoli.<\/p>\n<p class=\" wall-content\">Du c\u00f4t\u00e9 de Gr\u00e9oli\u00e8res 1400, le but est d\u2019attirer sur le long terme avec une transition qui s\u2019op\u00e9rera sur plusieurs ann\u00e9es. Avec ou sans neige, la petite station de moyenne montagne veut rester une destination pour les Azur\u00e9ens.<\/p>\n<p class=\" wall-content\">Personnalisez votre actualit\u00e9 en ajoutant vos villes et m\u00e9dias en favori avec <a href=\"https:\/\/moncompte.actu.fr\" title=\"D\u00e9couvez Mon Actu\" rel=\"nofollow noopener\" data-trk=\"{&quot;cta&quot;:{&quot;action&quot;:&quot;https:\\\/\\\/moncompte.actu.fr&quot;,&quot;category&quot;:&quot;mon compte&quot;,&quot;from&quot;:&quot;article footer&quot;,&quot;name&quot;:&quot;Mon actu&quot;,&quot;type&quot;:&quot;cta&quot;}}\" target=\"_blank\">Mon Actu<\/a>.<\/p>\n","protected":false},"excerpt":{"rendered":"Par Ugo Maillard Publi\u00e9 le 25 nov. 2025 \u00e0 7h26 En 2024, une modification qui va au-del\u00e0 du&hellip;\n","protected":false},"author":2,"featured_media":557039,"comment_status":"","ping_status":"","sticky":false,"template":"","format":"standard","meta":{"footnotes":""},"categories":[2819],"tags":[1111,11,1777,674,1011,27,1305,5324,12,2401,882,25,4129],"class_list":{"0":"post-557038","1":"post","2":"type-post","3":"status-publish","4":"format-standard","5":"has-post-thumbnail","7":"category-nice","8":"tag-actu","9":"tag-actualites","10":"tag-eu","11":"tag-europe","12":"tag-fr","13":"tag-france","14":"tag-lifestyle","15":"tag-montagne","16":"tag-news","17":"tag-nice","18":"tag-provence-alpes-cote-dazur","19":"tag-republique-francaise","20":"tag-ski"},"share_on_mastodon":{"url":"https:\/\/pubeurope.com\/@fr\/115608976541584286","error":""},"_links":{"self":[{"href":"https:\/\/www.europesays.com\/fr\/wp-json\/wp\/v2\/posts\/557038","targetHints":{"allow":["GET"]}}],"collection":[{"href":"https:\/\/www.europesays.com\/fr\/wp-json\/wp\/v2\/posts"}],"about":[{"href":"https:\/\/www.europesays.com\/fr\/wp-json\/wp\/v2\/types\/post"}],"author":[{"embeddable":true,"href":"https:\/\/www.europesays.com\/fr\/wp-json\/wp\/v2\/users\/2"}],"replies":[{"embeddable":true,"href":"https:\/\/www.europesays.com\/fr\/wp-json\/wp\/v2\/comments?post=557038"}],"version-history":[{"count":0,"href":"https:\/\/www.europesays.com\/fr\/wp-json\/wp\/v2\/posts\/557038\/revisions"}],"wp:featuredmedia":[{"embeddable":true,"href":"https:\/\/www.europesays.com\/fr\/wp-json\/wp\/v2\/media\/557039"}],"wp:attachment":[{"href":"https:\/\/www.europesays.com\/fr\/wp-json\/wp\/v2\/media?parent=557038"}],"wp:term":[{"taxonomy":"category","embeddable":true,"href":"https:\/\/www.europesays.com\/fr\/wp-json\/wp\/v2\/categories?post=557038"},{"taxonomy":"post_tag","embeddable":true,"href":"https:\/\/www.europesays.com\/fr\/wp-json\/wp\/v2\/tags?post=557038"}],"curies":[{"name":"wp","href":"https:\/\/api.w.org\/{rel}","templated":true}]}}