{"id":557040,"date":"2025-11-25T06:42:34","date_gmt":"2025-11-25T06:42:34","guid":{"rendered":"https:\/\/www.europesays.com\/fr\/557040\/"},"modified":"2025-11-25T06:42:34","modified_gmt":"2025-11-25T06:42:34","slug":"espagne-hongrie-egypte-easyjet-a-ouvert-17-nouvelles-lignes-depuis-la-france","status":"publish","type":"post","link":"https:\/\/www.europesays.com\/fr\/557040\/","title":{"rendered":"Espagne, Hongrie, \u00c9gypte\u2026 EasyJet a ouvert 17\u00a0nouvelles lignes depuis la France"},"content":{"rendered":"<p>La compagnie a\u00e9rienne EasyJet a ouvert 17\u00a0nouvelles lignes sur le territoire fran\u00e7ais, pour cet hiver 2025-2026. Une partie de ces nouvelles liaisons permettra\u00a0de relier la France\u00a0\u00e0 plusieurs destinations europ\u00e9ennes, rapporte  <a href=\"https:\/\/www.air-journal.fr\/2025-11-04-hiver-2025-2026-easyjet-deploie-17-nouvelles-lignes-au-depart-de-la-france-5267006.html\" target=\"_blank\" rel=\"noopener\">Air Journal<\/a> .<\/p>\n<p>Deux nouvelles lignes depuis Rennes<\/p>\n<p>Parmi les nouvelles liaisons, huit sont op\u00e9r\u00e9es en exclusivit\u00e9. Il s\u2019agit de Nantes &#8211; Budapest (Hongrie),\u00a0Bordeaux &#8211; Budapest,\u00a0Lyon &#8211; Charm el-Cheikh (\u00c9gypte), Paris-CDG &#8211; Louxor (\u00c9gypte),\u00a0Lyon &#8211;\u00a0Pristina (Kosovo), <a href=\"https:\/\/rennes.maville.com\/actu\/actudet_-l-aeroport-de-rennes-s-envole-vers-trois-nouvelles-destinations-on-a-confiance-dans-l-avenir-_7-6881834_actu.Htm\" target=\"_self\" rel=\"noopener\">Rennes &#8211; Barcelone (Espagne), Rennes &#8211; Gen\u00e8ve (Suisse)<\/a> et Toulouse &#8211; Londres Gatwick (Royaume-Uni).<\/p>\n<p><strong>Lire aussi\u00a0: <\/strong> <a href=\"https:\/\/maubeuge.maville.com\/actu\/actudet_-easyjet-va-bientot-relier-ces-deux-grandes-villes-francaises-a-marrakech-_53066-7027293_actu.Htm\" target=\"_self\" rel=\"noopener\">EasyJet va bient\u00f4t relier ces deux grandes villes fran\u00e7aises \u00e0 Marrakech<\/a><\/p>\n<p><strong>\u00ab\u00a0Ces nouvelles routes refl\u00e8tent notre volont\u00e9 d\u2019accompagner les voyageurs fran\u00e7ais vers des destinations ensoleill\u00e9es ou culturelles tout en d\u00e9veloppant les connexions r\u00e9gionales\u00a0\u00bb<\/strong>, indique Bertrand Godinot, directeur g\u00e9n\u00e9ral d\u2019EasyJet pour la France et les Pays-Bas.<\/p>\n<p>\u00c0 partir de 35\u00a0\u20ac l\u2019aller simple<\/p>\n<p>Les lignes ont ouvert \u00e0 partir du 26\u00a0octobre 2025, avec une fr\u00e9quence de deux ou trois vols hebdomadaires. Le prix de d\u00e9part a \u00e9t\u00e9 fix\u00e9 \u00e0 35\u00a0\u20ac l\u2019aller simple avec bagages et services additionnels en suppl\u00e9ment. Avec ces vols, EasyJet cherche \u00e0 r\u00e9pondre \u00e0 deux types de demandes\u00a0: les voyageurs souhaitant r\u00e9aliser de\u00a0courts s\u00e9jours \u00e0 l\u2019\u00e9tranger (S\u00e9ville, Budapest\u2026) et les personnes <a href=\"https:\/\/rennes.maville.com\/actu\/actudet_-pas-cher-ou-au-soleil-5-destinations-en-europe-ou-partir-en-janvier-_54135-7052502_actu.Htm\" target=\"_self\" rel=\"noopener\">r\u00eavant de soleil pour les vacances d\u2019hiver<\/a> (Gran Canaria ou encore Louxor).\u00a0<\/p>\n<p>\u00a0<\/p>\n","protected":false},"excerpt":{"rendered":"La compagnie a\u00e9rienne EasyJet a ouvert 17\u00a0nouvelles lignes sur le territoire fran\u00e7ais, pour cet hiver 2025-2026. Une partie&hellip;\n","protected":false},"author":2,"featured_media":557041,"comment_status":"","ping_status":"","sticky":false,"template":"","format":"standard","meta":{"footnotes":""},"categories":[2818],"tags":[9273,1111,11,661,4303,123,1777,674,1011,27,804,8391,766,12,1113,15316,2636,25],"class_list":{"0":"post-557040","1":"post","2":"type-post","3":"status-publish","4":"format-standard","5":"has-post-thumbnail","7":"category-nantes","8":"tag-9273","9":"tag-actu","10":"tag-actualites","11":"tag-easyjet","12":"tag-egypte","13":"tag-espagne","14":"tag-eu","15":"tag-europe","16":"tag-fr","17":"tag-france","18":"tag-hongrie","19":"tag-lignes","20":"tag-nantes","21":"tag-news","22":"tag-nouvelles","23":"tag-ouvert","24":"tag-pays-de-la-loire","25":"tag-republique-francaise"},"share_on_mastodon":{"url":"https:\/\/pubeurope.com\/@fr\/115608980355750480","error":""},"_links":{"self":[{"href":"https:\/\/www.europesays.com\/fr\/wp-json\/wp\/v2\/posts\/557040","targetHints":{"allow":["GET"]}}],"collection":[{"href":"https:\/\/www.europesays.com\/fr\/wp-json\/wp\/v2\/posts"}],"about":[{"href":"https:\/\/www.europesays.com\/fr\/wp-json\/wp\/v2\/types\/post"}],"author":[{"embeddable":true,"href":"https:\/\/www.europesays.com\/fr\/wp-json\/wp\/v2\/users\/2"}],"replies":[{"embeddable":true,"href":"https:\/\/www.europesays.com\/fr\/wp-json\/wp\/v2\/comments?post=557040"}],"version-history":[{"count":0,"href":"https:\/\/www.europesays.com\/fr\/wp-json\/wp\/v2\/posts\/557040\/revisions"}],"wp:featuredmedia":[{"embeddable":true,"href":"https:\/\/www.europesays.com\/fr\/wp-json\/wp\/v2\/media\/557041"}],"wp:attachment":[{"href":"https:\/\/www.europesays.com\/fr\/wp-json\/wp\/v2\/media?parent=557040"}],"wp:term":[{"taxonomy":"category","embeddable":true,"href":"https:\/\/www.europesays.com\/fr\/wp-json\/wp\/v2\/categories?post=557040"},{"taxonomy":"post_tag","embeddable":true,"href":"https:\/\/www.europesays.com\/fr\/wp-json\/wp\/v2\/tags?post=557040"}],"curies":[{"name":"wp","href":"https:\/\/api.w.org\/{rel}","templated":true}]}}