{"id":557042,"date":"2025-11-25T06:43:19","date_gmt":"2025-11-25T06:43:19","guid":{"rendered":"https:\/\/www.europesays.com\/fr\/557042\/"},"modified":"2025-11-25T06:43:19","modified_gmt":"2025-11-25T06:43:19","slug":"nantes-acte-deja-un-forfait-pour-le-deplacement-contre-lol","status":"publish","type":"post","link":"https:\/\/www.europesays.com\/fr\/557042\/","title":{"rendered":"Nantes acte d\u00e9j\u00e0 un forfait pour le d\u00e9placement contre l\u2019OL"},"content":{"rendered":"<p>                            <img width=\"770\" height=\"433\" src=\"https:\/\/www.europesays.com\/fr\/wp-content\/uploads\/2025\/11\/MjAyNTAzYzk1NTExZGIyZWEwMGJjZWJmNmE1YzdiMjEyNTUxM2I-770x433.jpeg\" class=\"attachment-article size-article wp-post-image\" alt=\"Louis Leroux, milieu du FC Nantes\" decoding=\"async\" fetchpriority=\"high\"  \/><\/p>\n<p>Louis Leroux, milieu du FC Nantes (Photo by FRED TANNEAU \/ AFP)<\/p>\n<p>Pour le compte de la 14e journ\u00e9e, l\u2019OL re\u00e7oit le FC Nantes \u00e0 D\u00e9cines. Le club nantais se pr\u00e9sentera sans Louis Leroux, touch\u00e9 durant la tr\u00eave internationale.<\/p>\n<p>Dimanche, l\u2019<strong>OL<\/strong> aurait bien aim\u00e9 repartir d&rsquo;Auxerre avec les trois points. Pour cela, il aurait fallu en faire un peu plus que le visage montr\u00e9 pendant 90 minutes \u00e0 l&rsquo;Abb\u00e9-Deschamps. Sur ses quatre matchs jug\u00e9s abordables, la formation lyonnaise a d\u00e9j\u00e0 grill\u00e9 un premier joker. Il va falloir relever vite la t\u00eate avec un match \u00e0 la maison pour la prochaine journ\u00e9e. Le dimanche 30 novembre, le club lyonnais <a href=\"https:\/\/www.olympique-et-lyonnais.com\/lol-celebrera-ses-75-ans-contre-nantes-le-30-novembre,383159.html\" target=\"_blank\" rel=\"noopener\">f\u00eatera ses 75 ans<\/a> face au <strong>FC Nantes<\/strong>. Cela marquera aussi le retour d\u2019Anthony <strong>Lopes<\/strong> au Parc OL. Pour ce match de la 14e journ\u00e9e de Ligue 1, les Canaris savent d\u00e9j\u00e0 qu\u2019ils devront faire sans un joueur majeur de leur premi\u00e8re partie de saison.<\/p>\n<p>Un mois d&rsquo;absence<\/p>\n<p>La tr\u00eave internationale a fait de la casse dans les rangs nantais, comme l\u2019a confirm\u00e9 Luis <strong>Castro<\/strong> avant le match contre Lorient ce dimanche (17h15). Retenu avec les Espoirs fran\u00e7ais, Louis <strong>Leroux<\/strong> a d\u00fb quitter le rassemblement \u00e0 cause d\u2019une blessure. Le polyvalent joueur nantais souffre d\u2019une l\u00e9sion du quadriceps gauche et sera \u00e9loign\u00e9 des terrains jusqu\u2019\u00e0 la fin de l\u2019ann\u00e9e civile. Pas de d\u00e9placement \u00e0 D\u00e9cines donc pour Leroux et un coup dur pour le <strong>FC Nantes<\/strong>.<\/p>\n<p>\t\t\t\t\t<a href=\"https:\/\/www.olympique-et-lyonnais.com\/lol-a-touche-ses-limites-a-auxerre-les-jeunes-lances-trop-tot,385315.html\" title=\"L\u2019OL a touch\u00e9 ses limites \u00e0 Auxerre, les jeunes lanc\u00e9s trop t\u00f4t ?\" target=\"_blank\" rel=\"noopener\"><img loading=\"lazy\" width=\"580\" height=\"326\" src=\"https:\/\/www.europesays.com\/fr\/wp-content\/uploads\/2025\/11\/Miniature-24-11-2025-580x326.jpg\" class=\"attachment-actularge size-actularge wp-post-image\" alt=\"Vignette TKYDG 24 11 2025\" decoding=\"async\"  \/>\t\t\t\t\t<\/a><\/p>\n","protected":false},"excerpt":{"rendered":"Louis Leroux, milieu du FC Nantes (Photo by FRED TANNEAU \/ AFP) Pour le compte de la 14e&hellip;\n","protected":false},"author":2,"featured_media":557043,"comment_status":"","ping_status":"","sticky":false,"template":"","format":"standard","meta":{"footnotes":""},"categories":[2818],"tags":[1111,11,1777,674,1011,27,66,766,12,241,978,2636,25],"class_list":{"0":"post-557042","1":"post","2":"type-post","3":"status-publish","4":"format-standard","5":"has-post-thumbnail","7":"category-nantes","8":"tag-actu","9":"tag-actualites","10":"tag-eu","11":"tag-europe","12":"tag-fr","13":"tag-france","14":"tag-ligue-1","15":"tag-nantes","16":"tag-news","17":"tag-ol","18":"tag-olympique-lyonnais","19":"tag-pays-de-la-loire","20":"tag-republique-francaise"},"share_on_mastodon":{"url":"https:\/\/pubeurope.com\/@fr\/115608985991225990","error":""},"_links":{"self":[{"href":"https:\/\/www.europesays.com\/fr\/wp-json\/wp\/v2\/posts\/557042","targetHints":{"allow":["GET"]}}],"collection":[{"href":"https:\/\/www.europesays.com\/fr\/wp-json\/wp\/v2\/posts"}],"about":[{"href":"https:\/\/www.europesays.com\/fr\/wp-json\/wp\/v2\/types\/post"}],"author":[{"embeddable":true,"href":"https:\/\/www.europesays.com\/fr\/wp-json\/wp\/v2\/users\/2"}],"replies":[{"embeddable":true,"href":"https:\/\/www.europesays.com\/fr\/wp-json\/wp\/v2\/comments?post=557042"}],"version-history":[{"count":0,"href":"https:\/\/www.europesays.com\/fr\/wp-json\/wp\/v2\/posts\/557042\/revisions"}],"wp:featuredmedia":[{"embeddable":true,"href":"https:\/\/www.europesays.com\/fr\/wp-json\/wp\/v2\/media\/557043"}],"wp:attachment":[{"href":"https:\/\/www.europesays.com\/fr\/wp-json\/wp\/v2\/media?parent=557042"}],"wp:term":[{"taxonomy":"category","embeddable":true,"href":"https:\/\/www.europesays.com\/fr\/wp-json\/wp\/v2\/categories?post=557042"},{"taxonomy":"post_tag","embeddable":true,"href":"https:\/\/www.europesays.com\/fr\/wp-json\/wp\/v2\/tags?post=557042"}],"curies":[{"name":"wp","href":"https:\/\/api.w.org\/{rel}","templated":true}]}}