{"id":557044,"date":"2025-11-25T06:44:11","date_gmt":"2025-11-25T06:44:11","guid":{"rendered":"https:\/\/www.europesays.com\/fr\/557044\/"},"modified":"2025-11-25T06:44:11","modified_gmt":"2025-11-25T06:44:11","slug":"a-bordeaux-cet-evenement-finance-par-un-milliardaire-dextreme-droite-suscite-plaintes-et-menaces","status":"publish","type":"post","link":"https:\/\/www.europesays.com\/fr\/557044\/","title":{"rendered":"\u00c0 Bordeaux, cet \u00e9v\u00e9nement financ\u00e9 par un milliardaire d&rsquo;extr\u00eame droite suscite plaintes et menaces"},"content":{"rendered":"<p>                    Par<br \/>\n        <strong><br \/>\n            <a href=\"https:\/\/actu.fr\/auteur\/julian-doubax\" title=\"Consulter tous les articles de Julian Doubax\" target=\"_blank\" rel=\"noopener\">Julian Doubax<\/a><br \/>\n                    <\/strong><\/p>\n<p>        Publi\u00e9 le<\/p>\n<p>            25 nov. 2025 \u00e0 6h32        <\/p>\n<p>Partout o\u00f9 cet \u00e9v\u00e8nement passe, les tensions sont <strong>maximales<\/strong>. Le mercredi 10\u00a0d\u00e9cembre 2025, la cinqui\u00e8me \u00e9dition de la <strong>Nuit du bien commun<\/strong> doit se d\u00e9rouler au Palais de la Bourse \u00e0 Bordeaux. Cet <a href=\"https:\/\/actu.fr\/bordeaux\/evenements\" target=\"_blank\" rel=\"noopener\">\u00e9v\u00e8nement<\/a> caritatif vise \u00e0 collecter des financements aupr\u00e8s d\u2019entreprises et particuliers pour les <strong>reverser<\/strong> \u00e0 des <a href=\"https:\/\/actu.fr\/nouvelle-aquitaine\/bordeaux_33063\/financee-par-des-fonds-publics-cette-association-de-bordeaux-epinglee-pour-ses-depenses-faramineuses_63350704.html\" target=\"_blank\" rel=\"noopener\">associations<\/a>. Organis\u00e9 dans plusieurs grandes villes de l\u2019Hexagone, il a \u00e9t\u00e9 cofond\u00e9 par <strong>Pierre-\u00c9douard St\u00e9rin<\/strong>, milliardaire et soutien de l\u2019extr\u00eame droite fortement controvers\u00e9 ces derniers mois. \u00c0 l\u2019approche de cette grande soir\u00e9e de lev\u00e9e de dons, <strong>des voix s\u2019\u00e9l\u00e8vent pour r\u00e9clamer son annulation<\/strong>.<\/p>\n<p>\u00ab\u2009Banaliser des id\u00e9ologies d\u2019extr\u00eame droite\u2009\u00bb<\/p>\n<p class=\" wall-content\">D\u00e8s le 5\u00a0novembre dernier, une <a href=\"https:\/\/www.change.org\/p\/non-%C3%A0-la-nuit-du-bien-commun-%C3%A0-bordeaux\" target=\"_blank\" rel=\"noopener\">p\u00e9tition en ligne<\/a> a \u00e9t\u00e9 lanc\u00e9e <strong>contre la tenue<\/strong> de cette grande soir\u00e9e. Pour ses signataires, la Nuit du bien commun participe \u00e0 \u00ab\u2009renforcer les liens entre les personnalit\u00e9s associatives et le milieu entrepreneurial\u2009\u00bb tout en \u00ab\u2009banalisant des <strong>id\u00e9ologies d\u2019extr\u00eame droite<\/strong> et ultra-conservatrices\u2009\u00bb. Une r\u00e9f\u00e9rence \u00e0 son co-fondateur, Pierre-\u00c9douard St\u00e9rin. Le quinquag\u00e9naire est \u00e9pingl\u00e9 pour ses convictions politiques et les r\u00e9v\u00e9lations sur son <a href=\"https:\/\/actu.fr\/politique\/le-milliardaire-pierre-edouard-sterin-refuse-une-nouvelle-convocation-a-l-assemblee-voici-ce-qu-il-risque_62659903.html\" target=\"_blank\" rel=\"noopener\">projet P\u00e9ricl\u00e8s<\/a>, destin\u00e9 \u00e0 faire progresser les id\u00e9es d\u2019ultradroite dans la soci\u00e9t\u00e9 fran\u00e7aise.<\/p>\n<p class=\" wall-content\">\u00ab\u2009Nous nous <strong>inqui\u00e9tons du danger<\/strong> pour notre tissu associatif local\u2009\u00bb, expliquent les p\u00e9titionnaires. \u00ab\u2009La Nuit du bien commun s\u00e8me la controverse dans les associations, tentant d\u2019infuser <strong>des valeurs identitaires et conservatrices<\/strong> contraires \u00e0 l\u2019id\u00e9al humaniste et progressiste qu\u2019elles d\u00e9fendent.\u2009\u00bb Pourtant, d\u2019apr\u00e8s une enqu\u00eate de <a href=\"https:\/\/www.politis.fr\/articles\/2025\/06\/enquete-lombre-du-tres-droitier-milliardaire-sterin-plane-sur-les-nuits-du-bien-commun\/\" target=\"_blank\" rel=\"noopener\">Politis<\/a>, le milliardaire ne fait plus partie de la gouvernance de ce rendez-vous. Par contre, le gala b\u00e9n\u00e9ficie encore des liens cr\u00e9\u00e9s par Pierre-\u00c9douard St\u00e9rin, de son argent et de son r\u00e9seau.<\/p>\n<p>Le Parti socialiste s\u2019insurge<\/p>\n<p class=\" wall-content\">D\u00e9sormais, c\u2019est le <strong>Parti socialiste de Gironde<\/strong> qui est pass\u00e9 \u00e0 l\u2019offensive. Dans un communiqu\u00e9 publi\u00e9 le 21\u00a0novembre, il appelle toutes les associations, entreprises et institutions invit\u00e9es \u00e0 \u00ab\u2009ne pas se laisser instrumentaliser\u2009\u00bb par cet \u00e9v\u00e8nement. \u00ab\u2009Prendre part \u00e0 la Nuit du bien commun, <strong>c\u2019est offrir une caution \u00e0 une entreprise id\u00e9ologique<\/strong> qui cherche \u00e0 banaliser l\u2019extr\u00eame droite et \u00e0 fracturer notre soci\u00e9t\u00e9\u2009\u00bb, estime le groupe politique. Pourtant, l\u2019\u00e9v\u00e8nement se d\u00e9crit comme un \u00ab\u2009rendez-vous f\u00e9d\u00e9rateur, aconfessionnel et apolitique\u2009\u00bb sur son site internet.<\/p>\n<p>    <a href=\"https:\/\/www.facebook.com\/plugins\/post.php?href=https%3A%2F%2Fwww.facebook.com%2FPartiSocialisteGironde%2Fposts%2Fpfbid02RdbLFUyg2759W45XKUYJc8ghZMNKxkxKuLM2Pfpczy71CLoiTwXvUPzgJdHibsbVl&amp;show_text=true&amp;width=350\" title=\"Ouvrie le lien\" target=\"_blank\" rel=\"noopener\">Cliquez ici pour visualiser le contenu<\/a><\/p>\n<p>La mairie de Bordeaux ne soutient pas l\u2019\u00e9v\u00e8nement<\/p>\n<p class=\" wall-content\">Ces derniers mois, la tenue du gala a suscit\u00e9 de <strong>vives r\u00e9actions<\/strong> dans d\u2019autres m\u00e9tropoles de France. En 2024, la Ville de Marseille a d\u00e9cid\u00e9 de ne plus participer au projet alors qu\u2019elle \u00e9tait partenaire depuis 2022. R\u00e9cemment, c\u2019est de <a href=\"https:\/\/actu.fr\/bretagne\/rennes_35238\/a-rennes-plus-d-une-centaine-de-manifestants-mobilises-contre-la-nuit-du-bien-commun_63461184.html\" target=\"_blank\" rel=\"noopener\">Rennes<\/a> et de Dijon que la gronde est venue.<\/p>\n<p class=\" wall-content\">Dans la pr\u00e9fecture d\u2019Ille-et-Vilaine, des <strong>manifestants<\/strong> se sont rassembl\u00e9s le 19 novembre pour montrer leur opposition \u00e0 cet \u00e9v\u00e8nement. Des \u00e9lus \u00e9cologistes se sont \u00e9galement manifest\u00e9s pour emp\u00eacher son d\u00e9roulement dans un \u00e9tablissement appartenant \u00e0 la municipalit\u00e9.<\/p>\n<p>Votre r\u00e9gion, votre actu !<\/p>\n<p>Recevez chaque jour les infos qui comptent pour vous.<\/p>\n<p>\t<a href=\"https:\/\/actu.fr\/newsletter\" class=\"ac-btn ac-btn--corner ac-btn--medium ac-btn--blue800\" target=\"_blank\" rel=\"noopener\">S&rsquo;incrire<\/a><\/p>\n<p class=\" wall-content\">\u00c0 Bordeaux, les choses sont diff\u00e9rentes. La soir\u00e9e se tient au Palais de la Bourse, b\u00e2timent appartenant \u00e0 la soci\u00e9t\u00e9 de la Chambre de commerce et d\u2019industrie. Contact\u00e9e par <a href=\"https:\/\/actu.fr\/bordeaux\/\" target=\"_blank\" rel=\"noopener\">actu Bordeaux<\/a>, la direction indique qu\u2019aucune annulation n\u2019est \u00e0 l\u2019ordre du jour. Elle \u00e9voque \u00e9galement qu\u2019un <strong>d\u00e9p\u00f4t de plainte<\/strong> va \u00eatre r\u00e9alis\u00e9 apr\u00e8s des <strong>menaces<\/strong> re\u00e7ues aupr\u00e8s des \u00e9lus de la CCI \u00e0 propos de la tenue de ce gala.<\/p>\n<p class=\" wall-content\">De son c\u00f4t\u00e9<strong>, la mairie de Bordeaux a affirm\u00e9 sa position. <\/strong>\u00ab\u2009La Ville de Bordeaux <strong>ne soutient pas l\u2019organisation<\/strong> de la Nuit du bien commun et elle ne le subventionne pas. Contrairement aux villes cit\u00e9es dans la p\u00e9tition, l\u2019\u00e9v\u00e9nement n\u2019est pas programm\u00e9 dans un b\u00e2timent municipal, mais dans un b\u00e2timent priv\u00e9. Les modalit\u00e9sne d\u00e9pendent pas de la municipalit\u00e9.\u2009\u00bb Tout en rappelant que Pierre Hurmic et sept autres maires de gauche ont <strong>sign\u00e9 une tribune<\/strong> au printemps dernier dans <a href=\"https:\/\/www.lemonde.fr\/idees\/article\/2025\/05\/18\/face-au-projet-reactionnaire-de-pierre-edouard-sterin-notre-bien-commun-restera-l-egalite_6606926_3232.html\" target=\"_blank\" rel=\"noopener\">Le Monde<\/a> pour alerter sur l\u2019id\u00e9ologie de son co-fondateur.<\/p>\n<p class=\" wall-content\">Personnalisez votre actualit\u00e9 en ajoutant vos villes et m\u00e9dias en favori avec <a href=\"https:\/\/moncompte.actu.fr\" title=\"D\u00e9couvez Mon Actu\" rel=\"nofollow noopener\" data-trk=\"{&quot;cta&quot;:{&quot;action&quot;:&quot;https:\\\/\\\/moncompte.actu.fr&quot;,&quot;category&quot;:&quot;mon compte&quot;,&quot;from&quot;:&quot;article footer&quot;,&quot;name&quot;:&quot;Mon actu&quot;,&quot;type&quot;:&quot;cta&quot;}}\" target=\"_blank\">Mon Actu<\/a>.<\/p>\n","protected":false},"excerpt":{"rendered":"Par Julian Doubax Publi\u00e9 le 25 nov. 2025 \u00e0 6h32 Partout o\u00f9 cet \u00e9v\u00e8nement passe, les tensions sont&hellip;\n","protected":false},"author":2,"featured_media":557045,"comment_status":"","ping_status":"","sticky":false,"template":"","format":"standard","meta":{"footnotes":""},"categories":[2817],"tags":[1111,11,1997,1777,674,1076,1011,27,12,2219,25,104],"class_list":{"0":"post-557044","1":"post","2":"type-post","3":"status-publish","4":"format-standard","5":"has-post-thumbnail","7":"category-bordeaux","8":"tag-actu","9":"tag-actualites","10":"tag-bordeaux","11":"tag-eu","12":"tag-europe","13":"tag-extreme-droite","14":"tag-fr","15":"tag-france","16":"tag-news","17":"tag-nouvelle-aquitaine","18":"tag-republique-francaise","19":"tag-societe"},"share_on_mastodon":{"url":"https:\/\/pubeurope.com\/@fr\/115608988214530635","error":""},"_links":{"self":[{"href":"https:\/\/www.europesays.com\/fr\/wp-json\/wp\/v2\/posts\/557044","targetHints":{"allow":["GET"]}}],"collection":[{"href":"https:\/\/www.europesays.com\/fr\/wp-json\/wp\/v2\/posts"}],"about":[{"href":"https:\/\/www.europesays.com\/fr\/wp-json\/wp\/v2\/types\/post"}],"author":[{"embeddable":true,"href":"https:\/\/www.europesays.com\/fr\/wp-json\/wp\/v2\/users\/2"}],"replies":[{"embeddable":true,"href":"https:\/\/www.europesays.com\/fr\/wp-json\/wp\/v2\/comments?post=557044"}],"version-history":[{"count":0,"href":"https:\/\/www.europesays.com\/fr\/wp-json\/wp\/v2\/posts\/557044\/revisions"}],"wp:featuredmedia":[{"embeddable":true,"href":"https:\/\/www.europesays.com\/fr\/wp-json\/wp\/v2\/media\/557045"}],"wp:attachment":[{"href":"https:\/\/www.europesays.com\/fr\/wp-json\/wp\/v2\/media?parent=557044"}],"wp:term":[{"taxonomy":"category","embeddable":true,"href":"https:\/\/www.europesays.com\/fr\/wp-json\/wp\/v2\/categories?post=557044"},{"taxonomy":"post_tag","embeddable":true,"href":"https:\/\/www.europesays.com\/fr\/wp-json\/wp\/v2\/tags?post=557044"}],"curies":[{"name":"wp","href":"https:\/\/api.w.org\/{rel}","templated":true}]}}