{"id":557046,"date":"2025-11-25T06:45:16","date_gmt":"2025-11-25T06:45:16","guid":{"rendered":"https:\/\/www.europesays.com\/fr\/557046\/"},"modified":"2025-11-25T06:45:16","modified_gmt":"2025-11-25T06:45:16","slug":"la-cheese-and-wine-night-revient-a-paris-et-bordeaux-pour-sa-deuxieme-edition","status":"publish","type":"post","link":"https:\/\/www.europesays.com\/fr\/557046\/","title":{"rendered":"La \u00abCheese and Wine Night\u00bb revient \u00e0 Paris et Bordeaux pour sa deuxi\u00e8me \u00e9dition"},"content":{"rendered":"<p>    La soir\u00e9e Cheese and Wine est de retour \u00e0 Paris et Bordeaux les 26 et 28 novembre.<br \/>\n                AdobeStock<\/p>\n<p>\n    Le vin et le fromage seront \u00e0 l\u2019honneur \u00e0 l\u2019occasion de la \u00abCheese and Wine Night\u00bb\u00a0: deux soir\u00e9es auront lieu le 26 novembre \u00e0 Paris et le 28 novembre \u00e0 Bordeaux.<\/p>\n<p class=\"fig-paragraph\">\u00abJ\u2019ai voulu cr\u00e9er un moment festif o\u00f9 les gens se retrouvent autour de ces deux piliers de la France\u00bb, dit Jean-Fran\u00e7ois Hesse, le fondateur de la Cheese and Wine Week. Cela fait d\u00e9sormais deux ans que cette manifestation, cr\u00e9\u00e9e en 2016, joue les prolongations. \u00c0 l\u2019image de cette semaine durant laquelle vin, fromages et rencontres sont \u00e0 l\u2019honneur, la Cheese and Wine Night est l\u2019occasion d\u2019une soir\u00e9e pour continuer d\u2019explorer cet accord mets-vin par excellence.<\/p>\n<p class=\"fig-paragraph\">Mais cette ann\u00e9e, Jean-Fran\u00e7ois Hesse n\u2019a pas voulu faire les choses \u00e0 moiti\u00e9\u00a0: s\u2019il n\u2019existait qu\u2019une seule soir\u00e9e cantonn\u00e9e \u00e0 la capitale l\u2019ann\u00e9e pass\u00e9e, l\u2019\u00e9v\u00e9nement s\u2019\u00e9tend d\u00e9sormais \u00e0 Bordeaux. \u00abIls en ont plus que besoin en ce moment\u00bb, justifie l\u2019organisateur en faisant r\u00e9f\u00e9rence \u00e0 la crise que traversent actuellement les vignerons<a href=\"https:\/\/avis-vin.lefigaro.fr\/connaitre-deguster\/tout-savoir-sur-le-vin\/guide-des-regions-et-des-appellations\/bordeaux\" target=\"_blank\" rel=\"sponsored noopener\" data-gtm-custom-categorie=\"navigation\" data-gtm-custom-action=\"crossclick\" data-gtm-custom-label=\"Contextuel\" data-gtm-event=\"customEventSPE\">\u00a0bordelais<\/a>.<\/p>\n<p>                                    <a class=\"fig-a11y-skip a11y-hidden\" href=\"#fig-a11y-skip-main-inarticle\"><br \/>\n        Passer la publicit\u00e9<br \/>\n    <\/a><\/p>\n<p>Des vins internationaux propos\u00e9s<\/p>\n<p class=\"fig-paragraph\">Cette soir\u00e9e fera \u00e9galement la part belle au vignoble fran\u00e7ais dans toute sa diversit\u00e9\u00a0: plus de 80 vins seront \u00e0 d\u00e9guster, parmi lesquels des\u00a0<a href=\"https:\/\/avis-vin.lefigaro.fr\/connaitre-deguster\/tout-savoir-sur-le-vin\/guide-des-regions-et-des-appellations\/bourgogne\/chablis-et-yonne\/appellation-chablis\" target=\"_blank\" rel=\"sponsored noopener\" data-gtm-custom-categorie=\"navigation\" data-gtm-custom-action=\"crossclick\" data-gtm-custom-label=\"Contextuel\" data-gtm-event=\"customEventSPE\">chablis<\/a>, des\u00a0<a href=\"https:\/\/avis-vin.lefigaro.fr\/connaitre-deguster\/tout-savoir-sur-le-vin\/guide-des-regions-et-des-appellations\/vallee-du-rhone\/sud-meridional\/appellation-chateauneuf-du-pape\" target=\"_blank\" rel=\"sponsored noopener\" data-gtm-custom-categorie=\"navigation\" data-gtm-custom-action=\"crossclick\" data-gtm-custom-label=\"Contextuel\" data-gtm-event=\"customEventSPE\">Ch\u00e2teauneuf-du-Pape<\/a>, mais aussi quelques\u00a0<a href=\"https:\/\/avis-vin.lefigaro.fr\/connaitre-deguster\/tout-savoir-sur-le-vin\/guide-des-regions-et-des-appellations\/champagne\/appellation-champagne\" target=\"_blank\" rel=\"sponsored noopener\" data-gtm-custom-categorie=\"navigation\" data-gtm-custom-action=\"crossclick\" data-gtm-custom-label=\"Contextuel\" data-gtm-event=\"customEventSPE\">champagnes<\/a>,\u00a0<a href=\"https:\/\/avis-vin.lefigaro.fr\/connaitre-deguster\/tout-savoir-sur-le-vin\/guide-des-regions-et-des-appellations\/bourgogne\" target=\"_blank\" rel=\"sponsored noopener\" data-gtm-custom-categorie=\"navigation\" data-gtm-custom-action=\"crossclick\" data-gtm-custom-label=\"Contextuel\" data-gtm-event=\"customEventSPE\">bourgognes<\/a>,\u00a0<a href=\"https:\/\/avis-vin.lefigaro.fr\/connaitre-deguster\/tout-savoir-sur-le-vin\/guide-des-regions-et-des-appellations\/roussillon\" target=\"_blank\" rel=\"sponsored noopener\" data-gtm-custom-categorie=\"navigation\" data-gtm-custom-action=\"crossclick\" data-gtm-custom-label=\"Contextuel\" data-gtm-event=\"customEventSPE\">roussillons<\/a>\u00a0ou encore des vins de\u00a0<a href=\"https:\/\/avis-vin.lefigaro.fr\/connaitre-deguster\/tout-savoir-sur-le-vin\/guide-des-regions-et-des-appellations\/vallee-de-la-loire\" target=\"_blank\" rel=\"sponsored noopener\" data-gtm-custom-categorie=\"navigation\" data-gtm-custom-action=\"crossclick\" data-gtm-custom-label=\"Contextuel\" data-gtm-event=\"customEventSPE\">Loire<\/a>, le tout accompagn\u00e9 d\u2019une fine s\u00e9lection de fromages. Comme lors de la pr\u00e9c\u00e9dente \u00e9dition, Jean-Fran\u00e7ois Hesse, s\u2019associe notamment \u00e0 la Ferme du Tremblaye et \u00e0 la Ferme du Plessis, \u00abdes producteurs de fromages avec lesquels j\u2019ai l\u2019habitude de travailler\u00bb, nous explique cet habitu\u00e9 de la communication dans les secteurs du vin et de la gastronomie.<\/p>\n<p class=\"fig-body-link\">\n            \u00c0 lire aussi<br \/>\n        <a class=\"fig-body-link__link\" href=\"http:\/\/avis-vin.lefigaro.fr\/agenda\/cheese-wine-week-ces-250-lieux-qui-rassemblent-les-fans-de-vins-et-de-fromage-a-travers-la-france-20241020\" target=\"_blank\" data-fig-type=\"Article\" rel=\"noopener\" data-gtm-custom-categorie=\"navigation\" data-gtm-custom-action=\"crossclick\" data-gtm-custom-label=\"Contextuel\" data-gtm-event=\"customEventSPE\" data-fig-domain=\"AVIS_VIN\"><\/p>\n<p>        Cheese &amp; Wine Week\u00a0: ces 250 lieux qui rassemblent les fans de vins et de fromage \u00e0 travers la France<br \/>\n    <\/a>\n<\/p>\n<p class=\"fig-paragraph\">Mais la grande nouveaut\u00e9 de cette ann\u00e9e reste l\u2019inclusion de domaines \u00e9trangers parmi les exposants. Les visiteurs pourront retrouver l\u2019Italie avec des domaines toscans et pi\u00e9montais (Rocca delle Macie, Giovanni Rosso), mais aussi de grands vins argentins (Bodega del Desierto, Agust\u00edn Lan\u00fas Wines), n\u00e9o-z\u00e9landais (Catalina Sounds, Nanny Goat Vineyard) et australiens (Tar &amp; Roses, Hewitson Wines).<\/p>\n<p class=\"fig-paragraph\">Cette s\u00e9lection a \u00e9t\u00e9 r\u00e9alis\u00e9e en collaboration avec le nouveau partenaire de l\u2019\u00e9v\u00e9nement\u00a0: le caviste en ligne Vinodelice. \u00abCe sont des domaines que l\u2019on conna\u00eet et que l\u2019on aime\u00bb, lance simplement Jean-Fran\u00e7ois Hesse. Comme ce dernier l\u2019explique, ce partenariat avec Vinodelice r\u00e9pond quant \u00e0 lui \u00e0 une simplification des achats\u00a0: \u00abApr\u00e8s d\u00e9gustation, les vins s\u2019ach\u00e8tent directement en ligne sur leur site et sont livr\u00e9s par la suite. Au moins on ne se fait pas un tour de rein en repartant avec ses caisses.\u00bb<\/p>\n<p>Infos pratiques<\/p>\n","protected":false},"excerpt":{"rendered":"La soir\u00e9e Cheese and Wine est de retour \u00e0 Paris et Bordeaux les 26 et 28 novembre. AdobeStock&hellip;\n","protected":false},"author":2,"featured_media":557047,"comment_status":"","ping_status":"","sticky":false,"template":"","format":"standard","meta":{"footnotes":""},"categories":[2817],"tags":[1111,11,1997,1777,674,2087,1011,27,23319,12,2219,25,1662],"class_list":{"0":"post-557046","1":"post","2":"type-post","3":"status-publish","4":"format-standard","5":"has-post-thumbnail","7":"category-bordeaux","8":"tag-actu","9":"tag-actualites","10":"tag-bordeaux","11":"tag-eu","12":"tag-europe","13":"tag-evenement","14":"tag-fr","15":"tag-france","16":"tag-fromage","17":"tag-news","18":"tag-nouvelle-aquitaine","19":"tag-republique-francaise","20":"tag-vin"},"share_on_mastodon":{"url":"https:\/\/pubeurope.com\/@fr\/115608992120926191","error":""},"_links":{"self":[{"href":"https:\/\/www.europesays.com\/fr\/wp-json\/wp\/v2\/posts\/557046","targetHints":{"allow":["GET"]}}],"collection":[{"href":"https:\/\/www.europesays.com\/fr\/wp-json\/wp\/v2\/posts"}],"about":[{"href":"https:\/\/www.europesays.com\/fr\/wp-json\/wp\/v2\/types\/post"}],"author":[{"embeddable":true,"href":"https:\/\/www.europesays.com\/fr\/wp-json\/wp\/v2\/users\/2"}],"replies":[{"embeddable":true,"href":"https:\/\/www.europesays.com\/fr\/wp-json\/wp\/v2\/comments?post=557046"}],"version-history":[{"count":0,"href":"https:\/\/www.europesays.com\/fr\/wp-json\/wp\/v2\/posts\/557046\/revisions"}],"wp:featuredmedia":[{"embeddable":true,"href":"https:\/\/www.europesays.com\/fr\/wp-json\/wp\/v2\/media\/557047"}],"wp:attachment":[{"href":"https:\/\/www.europesays.com\/fr\/wp-json\/wp\/v2\/media?parent=557046"}],"wp:term":[{"taxonomy":"category","embeddable":true,"href":"https:\/\/www.europesays.com\/fr\/wp-json\/wp\/v2\/categories?post=557046"},{"taxonomy":"post_tag","embeddable":true,"href":"https:\/\/www.europesays.com\/fr\/wp-json\/wp\/v2\/tags?post=557046"}],"curies":[{"name":"wp","href":"https:\/\/api.w.org\/{rel}","templated":true}]}}