{"id":557056,"date":"2025-11-25T06:50:12","date_gmt":"2025-11-25T06:50:12","guid":{"rendered":"https:\/\/www.europesays.com\/fr\/557056\/"},"modified":"2025-11-25T06:50:12","modified_gmt":"2025-11-25T06:50:12","slug":"sculptures-fresques-balade-dans-les-lieux-dart-de-nos-quartiers-a-marseille","status":"publish","type":"post","link":"https:\/\/www.europesays.com\/fr\/557056\/","title":{"rendered":"Sculptures, fresques&#8230; balade dans les lieux d&rsquo;art de nos quartiers \u00e0 Marseille"},"content":{"rendered":"<p>La Provence vous propose une s\u00e9lection artistique dans les galeries \u00e0 Marseille.<\/p>\n<p>Maximilien Pellet \u00e0 la Double V Gallery (6e)<\/p>\n<p>L\u2019artiste parisien Maximilien Pellet, dipl\u00f4m\u00e9 de l\u2019\u00c9cole nationale sup\u00e9rieure des arts d\u00e9coratifs en\u00a02014, est expos\u00e9 \u00e0 l\u2019international. Ses fresques sont aussi visibles dans des h\u00f4tels ou des espaces publics \u00e0 Paris, New York, sur la presqu\u2019\u00eele de Giens (h\u00f4tel Le Proven\u00e7al) ou encore aux Seychelles. Son riche travail sur la c\u00e9ramique est pr\u00e9sent\u00e9 \u00e0 la <a href=\"https:\/\/www.laprovence.com\/article\/culture-loisirs\/1809182314577714\/printemps-de-l-art-contemporain-ode-a-l-eau-et-personnages-imaginaires-a-decouvrir-dans-les-galeries-marseillaises\" target=\"_blank\" rel=\"noopener\">Double V Gallery<\/a> apr\u00e8s sa r\u00e9sidence \u00e0 l\u2019<a href=\"https:\/\/www.laprovence.com\/article\/france-monde\/3049720186249414\/900-ans-dalienor-daquitaine-labbaye-de-fontevraud-reinvente-son-decor-passe\" target=\"_blank\" rel=\"noopener\">Abbaye royale de Fontevraud<\/a>.<\/p>\n<p>Ses compositions en volume s\u2019inspirent de ces lieux et du vocabulaire m\u00e9di\u00e9val (les blasons, les boucliers, les \u00e9cussons), m\u00ealant Histoire et pop culture. Comme un puzzle ou un assemblage de carreaux, les dessins de l\u2019artiste prennent vie dans la mati\u00e8re. Du f\u00e9lin myst\u00e9rieux aux mains o\u00f9 se nichent des oiseaux aux courbes design, en passant par l\u2019hommage au couple De Noailles, propri\u00e9taires de la c\u00e9l\u00e8bre villa, repr\u00e9sent\u00e9 dans une alc\u00f4ve.<\/p>\n<p><strong>Jusqu\u2019au 10\u00a0janvier\u00a02026. 28, rue Saint-Jacques (6e). Du jeudi au samedi de 11\u00a0h \u00e0 18\u00a0h. Entr\u00e9e libre.<\/strong>&#13;\n<\/p>\n<p>Anne Rohr \u00e0 la galerie Patrick Reygade (6e)<\/p>\n<p>Un univers particulier habite actuellement la galerie <a href=\"https:\/\/www.laprovence.com\/article\/culture-loisirs\/38931548496768\/balade-dans-les-galeries-d-art-de-nos-quartiers-de-marseille\" target=\"_blank\" rel=\"noopener\">Patrick R<\/a>&#8230;<\/p>\n","protected":false},"excerpt":{"rendered":"La Provence vous propose une s\u00e9lection artistique dans les galeries \u00e0 Marseille. Maximilien Pellet \u00e0 la Double V&hellip;\n","protected":false},"author":2,"featured_media":557057,"comment_status":"","ping_status":"","sticky":false,"template":"","format":"standard","meta":{"footnotes":""},"categories":[2814],"tags":[17,1111,11,7552,251,44113,1446,1777,674,1011,27,21351,151,9692,884,12,882,25,10709],"class_list":{"0":"post-557056","1":"post","2":"type-post","3":"status-publish","4":"format-standard","5":"has-post-thumbnail","7":"category-marseille","8":"tag-17","9":"tag-actu","10":"tag-actualites","11":"tag-balade","12":"tag-culture","13":"tag-dart","14":"tag-dans","15":"tag-eu","16":"tag-europe","17":"tag-fr","18":"tag-france","19":"tag-fresques","20":"tag-les","21":"tag-lieux","22":"tag-marseille","23":"tag-news","24":"tag-provence-alpes-cote-dazur","25":"tag-republique-francaise","26":"tag-sculptures"},"share_on_mastodon":{"url":"https:\/\/pubeurope.com\/@fr\/115609011751496156","error":""},"_links":{"self":[{"href":"https:\/\/www.europesays.com\/fr\/wp-json\/wp\/v2\/posts\/557056","targetHints":{"allow":["GET"]}}],"collection":[{"href":"https:\/\/www.europesays.com\/fr\/wp-json\/wp\/v2\/posts"}],"about":[{"href":"https:\/\/www.europesays.com\/fr\/wp-json\/wp\/v2\/types\/post"}],"author":[{"embeddable":true,"href":"https:\/\/www.europesays.com\/fr\/wp-json\/wp\/v2\/users\/2"}],"replies":[{"embeddable":true,"href":"https:\/\/www.europesays.com\/fr\/wp-json\/wp\/v2\/comments?post=557056"}],"version-history":[{"count":0,"href":"https:\/\/www.europesays.com\/fr\/wp-json\/wp\/v2\/posts\/557056\/revisions"}],"wp:featuredmedia":[{"embeddable":true,"href":"https:\/\/www.europesays.com\/fr\/wp-json\/wp\/v2\/media\/557057"}],"wp:attachment":[{"href":"https:\/\/www.europesays.com\/fr\/wp-json\/wp\/v2\/media?parent=557056"}],"wp:term":[{"taxonomy":"category","embeddable":true,"href":"https:\/\/www.europesays.com\/fr\/wp-json\/wp\/v2\/categories?post=557056"},{"taxonomy":"post_tag","embeddable":true,"href":"https:\/\/www.europesays.com\/fr\/wp-json\/wp\/v2\/tags?post=557056"}],"curies":[{"name":"wp","href":"https:\/\/api.w.org\/{rel}","templated":true}]}}