{"id":557058,"date":"2025-11-25T06:51:26","date_gmt":"2025-11-25T06:51:26","guid":{"rendered":"https:\/\/www.europesays.com\/fr\/557058\/"},"modified":"2025-11-25T06:51:26","modified_gmt":"2025-11-25T06:51:26","slug":"fiona-cosson-autrice-de-tarpin-moins-le-guide-pour-reduire-ses-dechets-a-marseille","status":"publish","type":"post","link":"https:\/\/www.europesays.com\/fr\/557058\/","title":{"rendered":"Fiona Cosson, autrice de \u00ab\u00a0Tarpin moins- Le guide pour r\u00e9duire ses d\u00e9chets \u00e0 Marseille\u00a0\u00bb"},"content":{"rendered":"<p>Comment r\u00e9duire ses d\u00e9chets \u00e0 Marseille\u00a0? Vaste sujet, d\u00e9velopp\u00e9 par Fiona Cosson dans son ouvrage \u00ab\u00a0Tarpin moins- Le guide pour r\u00e9duire ses d\u00e9chets \u00e0 Marseille\u00a0\u00bb, publi\u00e9 ce mercredi 26 novembre. Elle est invit\u00e9e sur ICI Provence.<\/p>\n<p>Les d\u00e9chets \u00e0 Marseille&#8230; Toute une histoire qui d\u00e9fraie bien souvent l&rsquo;actualit\u00e9. Quel est le constat\u00a0? Comment faire quand on veut agir pour sa production de d\u00e9chets \u00e0 Marseille mais sans savoir comment faire\u00a0?<\/p>\n<p>A l&rsquo;occasion de la semaine europ\u00e9enne pour la r\u00e9duction des d\u00e9chets, Fiona Cosson publie ce mercredi 26 novembre son ouvrage\u00a0:\u00a0\u00ab\u00a0Tarpin moins- Le guide pour r\u00e9duire ses d\u00e9chets \u00e0 Marseille\u00a0\u00bb\/<\/p>\n<p>Son constat\u00a0: \u00e0 Marseille, on paye une\u00a0Taxe d&rsquo;Enl\u00e8vement des Ordures M\u00e9nag\u00e8res (TEOM)\u00a0parmi les\u00a0plus \u00e9lev\u00e9es de France, et pourtant le service n&rsquo;est pas \u00e0 la hauteur de la d\u00e9pense. Le citoyen se sent d\u00e9poss\u00e9d\u00e9 du sujet, sans savoir vers qui se tourner et par o\u00f9 commencer.<\/p>\n<p><strong>\u25baFiona Cosson<\/strong>,\u00a0fondatrice de l&rsquo;association\u00a0<strong>Zero Waste Marseille<\/strong>, est invit\u00e9e sur ICI Provence.<\/p>\n<p>Son ouvrage dresse un constat et apporte des solutions aux Marseillais, avec notamment une liste de 200 adresses engag\u00e9es dans le \u00ab\u00a0z\u00e9ro d\u00e9chet et des recettes de cuisine, de produits cosm\u00e9tiques ou d&rsquo;entretien.<\/p>\n<p><strong>\u25ba<\/strong>Soir\u00e9e de lancement du livre\u00a0 le mercredi 26 novembre \u00e0 partir de 18H30 \u00e0 la Fabulerie, 10 boulevard Garibaldi, Marseille (1er).<\/p>\n<p>\u25baLe livre\u00a0\u00ab\u00a0Tarpin moins- Le guide pour r\u00e9duire ses d\u00e9chets \u00e0 Marseille\u00a0\u00bb (ed. Zero Waste Marseille) est disponible\u00a0<a target=\"_blank\" rel=\"nofollow noopener noreferrer\" class=\"IciLink ici-link IciArticleLink g-ici-body-regular-1 underline brand svelte-1chfe2s\" href=\"https:\/\/urldefense.com\/v3\/__https:\/\/u11714644.ct.sendgrid.net\/ls\/click?upn=u001.8gmJa7-2F5vFnNURntQ-2B2MWxb9v6z07HlgZa9FTZ-2BLWHsxcBOGdGidmyTd-2FyE5rJ-2FVNQgvzC-2F9rLkpBuvhKwlidMQ3AAS8mLy0nDtXo4VcmLBr3FZgxElHd27e-2BUkZSzAEt9r3_IkpiVwG5dIfV-2FvP1-2Br-2BMN3C4BlGwT10bKblwfYh69j0rFltozB7XK34EjyQxSI7fM1FtzGItDD-2BwYQdl-2BDxxUK8NHPOpqtzOo1rgbCbVvLN4NyTBPVeEAQSHE57NGkz-2FfMVtOVy392FXC6kltj9XQ3wB-2BUiTb3UqhL-2BjS7hduKlyTAHzoBsCcIfffsCaREcNTZmugCn5aQN5eTJotPgbNXyEhdEfwXDr2U8nd-2FE0Ds1tl-2B9ZkRQbD-2FhgETIM2nvJenGZQueVcWaEc9YQSauBgKC8ov-2Fq7o7cYygIKygwynsaPaxlYqTE5JgCNR1aT-2BR76qExsr1nGdNnvY0jzsSCzn7iHVa2oViQiglIB0xlZqQ-3D__;!!B6IQPYr2rLEU!UWpPL2wSQlbYdnsO-ggnAg84XqMdnjriWi10zi13YBB5ujVli-MgPiXDxuoGqjo1OM_JMdCk6-QuQJ2dRY_Gw5p4bnBtbg$\"><strong>en pr\u00e9vente sur la boutique en ligne de Zero Waste Marseille<\/strong><\/a>\u00a0, et en point de vente physique\u00a0:<\/p>\n<ul>\n<li>Chez Okjo, 106 Corniche Kennedy, 13007<\/li>\n<li>M&rsquo;ton vrac, 5 rue Granoux, 13004<\/li>\n<li>Au Super Cafoutch, 16 rue du Chevalier Roze, 13002<\/li>\n<li>Chez les Flamants Verts, 6 rue Marengo, 13006<\/li>\n<\/ul>\n","protected":false},"excerpt":{"rendered":"Comment r\u00e9duire ses d\u00e9chets \u00e0 Marseille\u00a0? Vaste sujet, d\u00e9velopp\u00e9 par Fiona Cosson dans son ouvrage \u00ab\u00a0Tarpin moins- Le&hellip;\n","protected":false},"author":2,"featured_media":557059,"comment_status":"","ping_status":"","sticky":false,"template":"","format":"standard","meta":{"footnotes":""},"categories":[2814],"tags":[1111,11,1777,674,1011,27,884,12,882,25],"class_list":{"0":"post-557058","1":"post","2":"type-post","3":"status-publish","4":"format-standard","5":"has-post-thumbnail","7":"category-marseille","8":"tag-actu","9":"tag-actualites","10":"tag-eu","11":"tag-europe","12":"tag-fr","13":"tag-france","14":"tag-marseille","15":"tag-news","16":"tag-provence-alpes-cote-dazur","17":"tag-republique-francaise"},"share_on_mastodon":{"url":"https:\/\/pubeurope.com\/@fr\/115609015664694301","error":""},"_links":{"self":[{"href":"https:\/\/www.europesays.com\/fr\/wp-json\/wp\/v2\/posts\/557058","targetHints":{"allow":["GET"]}}],"collection":[{"href":"https:\/\/www.europesays.com\/fr\/wp-json\/wp\/v2\/posts"}],"about":[{"href":"https:\/\/www.europesays.com\/fr\/wp-json\/wp\/v2\/types\/post"}],"author":[{"embeddable":true,"href":"https:\/\/www.europesays.com\/fr\/wp-json\/wp\/v2\/users\/2"}],"replies":[{"embeddable":true,"href":"https:\/\/www.europesays.com\/fr\/wp-json\/wp\/v2\/comments?post=557058"}],"version-history":[{"count":0,"href":"https:\/\/www.europesays.com\/fr\/wp-json\/wp\/v2\/posts\/557058\/revisions"}],"wp:featuredmedia":[{"embeddable":true,"href":"https:\/\/www.europesays.com\/fr\/wp-json\/wp\/v2\/media\/557059"}],"wp:attachment":[{"href":"https:\/\/www.europesays.com\/fr\/wp-json\/wp\/v2\/media?parent=557058"}],"wp:term":[{"taxonomy":"category","embeddable":true,"href":"https:\/\/www.europesays.com\/fr\/wp-json\/wp\/v2\/categories?post=557058"},{"taxonomy":"post_tag","embeddable":true,"href":"https:\/\/www.europesays.com\/fr\/wp-json\/wp\/v2\/tags?post=557058"}],"curies":[{"name":"wp","href":"https:\/\/api.w.org\/{rel}","templated":true}]}}