{"id":557060,"date":"2025-11-25T06:52:10","date_gmt":"2025-11-25T06:52:10","guid":{"rendered":"https:\/\/www.europesays.com\/fr\/557060\/"},"modified":"2025-11-25T06:52:10","modified_gmt":"2025-11-25T06:52:10","slug":"poignarde-par-un-sdf-avec-une-fourchette-a-barbecue-il-ne-survit-pas-a-sa-blessure","status":"publish","type":"post","link":"https:\/\/www.europesays.com\/fr\/557060\/","title":{"rendered":"poignard\u00e9 par un SDF avec une fourchette \u00e0 barbecue, il ne survit pas \u00e0 sa blessure"},"content":{"rendered":"<p itemprop=\"description\"><strong>Apr\u00e8s deux semaines d&rsquo;hospitalisation, un homme \u00e2g\u00e9 de 56 ans est d\u00e9c\u00e9d\u00e9 \u00e0 l&rsquo;h\u00f4pital.<\/strong><\/p>\n<p>Il avait \u00e9t\u00e9, le 14 novembre dernier, poignard\u00e9 \u00e0 l&rsquo;aide d&rsquo;une fourchette \u00e0 barbecue sous l&rsquo;\u00e9changeur de Perrache \u00e0 proximit\u00e9 de la station de tramway.<\/p>\n<p>Connue pour frayer avec les SDF, la victime avait \u00e9t\u00e9 attaqu\u00e9 pour une raison inconnue par l&rsquo;un d&rsquo;entre eux. Identifi\u00e9 et retrouv\u00e9 gr\u00e2ce \u00e0 la vid\u00e9oprotection, le suspect \u00e2g\u00e9 de 32 ans avait \u00e9t\u00e9 hospitalis\u00e9 d&rsquo;office, souffrant de troubles psychiatriques.<\/p>\n<p>Mais le d\u00e9c\u00e8s du quinquag\u00e9naire relance l&rsquo;enqu\u00eate. Selon le Progr\u00e8s, le SDF intern\u00e9 a \u00e9t\u00e9 de nouveau plac\u00e9 en garde \u00e0 vue ce lundi.<\/p>\n<p>Les enqu\u00eateurs, s&rsquo;ils ignorent encore s&rsquo;il pourra \u00eatre jug\u00e9 ou non, comptaient faire davantage la lumi\u00e8re sur cette altercation qui s&rsquo;est r\u00e9v\u00e9l\u00e9e \u00eatre mortelle pour l&rsquo;un des deux protagonistes.<\/p>\n","protected":false},"excerpt":{"rendered":"Apr\u00e8s deux semaines d&rsquo;hospitalisation, un homme \u00e2g\u00e9 de 56 ans est d\u00e9c\u00e9d\u00e9 \u00e0 l&rsquo;h\u00f4pital. Il avait \u00e9t\u00e9, le&hellip;\n","protected":false},"author":2,"featured_media":557061,"comment_status":"","ping_status":"","sticky":false,"template":"","format":"standard","meta":{"footnotes":""},"categories":[1889],"tags":[1111,11,2813,2190,2430,1109,251,1112,2811,1777,674,118,1011,27,1922,1110,1114,2428,2810,12,241,316,25,2812,517,800],"class_list":{"0":"post-557060","1":"post","2":"type-post","3":"status-publish","4":"format-standard","5":"has-post-thumbnail","7":"category-lyon","8":"tag-actu","9":"tag-actualites","10":"tag-article","11":"tag-asvel","12":"tag-auvergne-rhone-alpes","13":"tag-breves","14":"tag-culture","15":"tag-depeches","16":"tag-economique","17":"tag-eu","18":"tag-europe","19":"tag-faits-divers","20":"tag-fr","21":"tag-france","22":"tag-info","23":"tag-informations","24":"tag-infos","25":"tag-lyon","26":"tag-lyonmag","27":"tag-news","28":"tag-ol","29":"tag-politique","30":"tag-republique-francaise","31":"tag-sociale","32":"tag-sport","33":"tag-transports"},"share_on_mastodon":{"url":"https:\/\/pubeurope.com\/@fr\/115609019683005340","error":""},"_links":{"self":[{"href":"https:\/\/www.europesays.com\/fr\/wp-json\/wp\/v2\/posts\/557060","targetHints":{"allow":["GET"]}}],"collection":[{"href":"https:\/\/www.europesays.com\/fr\/wp-json\/wp\/v2\/posts"}],"about":[{"href":"https:\/\/www.europesays.com\/fr\/wp-json\/wp\/v2\/types\/post"}],"author":[{"embeddable":true,"href":"https:\/\/www.europesays.com\/fr\/wp-json\/wp\/v2\/users\/2"}],"replies":[{"embeddable":true,"href":"https:\/\/www.europesays.com\/fr\/wp-json\/wp\/v2\/comments?post=557060"}],"version-history":[{"count":0,"href":"https:\/\/www.europesays.com\/fr\/wp-json\/wp\/v2\/posts\/557060\/revisions"}],"wp:featuredmedia":[{"embeddable":true,"href":"https:\/\/www.europesays.com\/fr\/wp-json\/wp\/v2\/media\/557061"}],"wp:attachment":[{"href":"https:\/\/www.europesays.com\/fr\/wp-json\/wp\/v2\/media?parent=557060"}],"wp:term":[{"taxonomy":"category","embeddable":true,"href":"https:\/\/www.europesays.com\/fr\/wp-json\/wp\/v2\/categories?post=557060"},{"taxonomy":"post_tag","embeddable":true,"href":"https:\/\/www.europesays.com\/fr\/wp-json\/wp\/v2\/tags?post=557060"}],"curies":[{"name":"wp","href":"https:\/\/api.w.org\/{rel}","templated":true}]}}