{"id":557064,"date":"2025-11-25T06:55:40","date_gmt":"2025-11-25T06:55:40","guid":{"rendered":"https:\/\/www.europesays.com\/fr\/557064\/"},"modified":"2025-11-25T06:55:40","modified_gmt":"2025-11-25T06:55:40","slug":"bus-transdev-une-semaine-pour-participer-au-challenge-validation-et-gagner-jusqua-300-euros","status":"publish","type":"post","link":"https:\/\/www.europesays.com\/fr\/557064\/","title":{"rendered":"Bus Transdev : une semaine pour participer au \u00ab challenge validation \u00bb et gagner jusqu\u2019\u00e0 300 euros"},"content":{"rendered":"<p class=\"paragraph text_align_left lp-f-body-02\">Jusqu\u2019\u00e0 ce dimanche 30 novembre, les usagers de certains r\u00e9seaux de bus desservant la Grand-Couronne ont deux bonnes raisons de valider leur titre de transport \u00e0 chaque mont\u00e9e \u00e0 bord. D\u2019abord, parce que ce petit geste est obligatoire (sous peine d\u2019une amende de 122 euros pour les voyageurs sans billet et de 35 euros pour ceux qui \u00ab oublient \u00bb de le valider). Mais aussi, parce qu\u2019il leur vaudra, peut-\u00eatre, de gagner des cadeaux.<\/p>\n<p class=\"paragraph text_align_left lp-f-body-02\">\u00cele-de-France Mobilit\u00e9s (IDFM, l\u2019autorit\u00e9 organisatrice des transports r\u00e9gionaux) a en effet donn\u00e9, d\u00e9but novembre, le coup d\u2019envoi de la 3e \u00e9dition de son \u00ab Challenge Validation \u00bb. Il est ouvert, cette fois, \u00e0 tous les habitu\u00e9s des lignes de bus op\u00e9r\u00e9es par Transdev sur 15 r\u00e9seaux r\u00e9partis dans les quatre d\u00e9partements de grande couronne ainsi qu\u2019en Seine-Saint-Denis et dans le Val-de-Marne.<\/p>\n<p class=\"paragraph text_align_left lp-f-body-02\">Les voyageurs concern\u00e9s ont jusqu\u2019au dernier jour du challenge pour s\u2019inscrire sur <a href=\"https:\/\/challenge-validation.iledefrance-mobilites.fr\/\" target=\"_self\" rel=\"noopener\">la page Internet d\u00e9di\u00e9e<\/a>. Puis ils devront faire attention \u00e0 bien valider leur titre de transport \u00e0 chaque mont\u00e9e. Comme c\u2019est la r\u00e8gle, challenge ou pas !<\/p>\n<p class=\"paragraph text_align_left lp-f-body-02\">Pas d\u2019autre obligation pour les participants ! Le challenge \u00ab collectif \u00bb sera remport\u00e9 si un seuil de validations minimum fix\u00e9 par IDFM (mais non communiqu\u00e9) pour chacun des 15 r\u00e9seaux concern\u00e9s est atteint ou d\u00e9pass\u00e9 \u00e0 la fin du mois. Dans ce cas, les gagnants seront tir\u00e9s au sort pour chaque r\u00e9seau et remporteront des bons d\u2019achat de 100, 200 ou 300 euros.<\/p>\n<p>8 % des voyageurs sont sans titre de transport<\/p>\n<p class=\"paragraph text_align_left lp-f-body-02\">L\u2019op\u00e9ration, avant tout incitative, a \u00e9galement un but p\u00e9dagogique. La page d\u2019inscription au challenge s\u2019ouvre sur un quiz en forme de le\u00e7on de bonnes pratiques o\u00f9 l\u2019on apprend, par exemple, que la validation est n\u00e9cessaire pour \u00e9viter les amendes bien s\u00fbr, mais aussi pour permettre aux op\u00e9rateurs de conna\u00eetre avec pr\u00e9cision la fr\u00e9quentation de leurs r\u00e9seaux et pour adapter l\u2019offre \u00e0 la demande.<\/p>\n<p class=\"paragraph text_align_left lp-f-body-02\">Plut\u00f4t tourn\u00e9 vers la communication, ce concours fait partie de l\u2019ensemble de mesures qu\u2019IDFM renforce depuis le d\u00e9but de l\u2019ann\u00e9e pour <a href=\"https:\/\/www.leparisien.fr\/info-paris-ile-de-france-oise\/transports\/valerie-pecresse-lance-son-plan-anti-fraude-dans-les-transports-franciliens-13-02-2025-YGC4G45UWNAT5CQ4I27S7VKIPI.php\" target=\"_self\" rel=\"noopener\">r\u00e9duire de moiti\u00e9 le taux de fraude<\/a> dans les transports. Selon les donn\u00e9es de l\u2019autorit\u00e9 organisatrice, le taux de voyageurs sans titre de transport (ou avec un titre\u2026 non valid\u00e9) s\u2019\u00e9l\u00e8ve \u00e0 environ 8 %, tous r\u00e9seaux confondus.<\/p>\n<p class=\"paragraph text_align_left lp-f-body-02\">Mais<a href=\"https:\/\/www.leparisien.fr\/info-paris-ile-de-france-oise\/transports\/dans-les-bus-du-grand-paris-plus-dun-usager-sur-six-voyage-sans-payer-27-11-2024-77HSZK52YFE4VLTTPVO2DJWZY4.php\" target=\"_self\" rel=\"noopener\"> ce taux d\u2019impay\u00e9 est beaucoup plus \u00e9lev\u00e9 <\/a>si l\u2019on se limite aux transports dits \u00ab de surface \u00bb (bus et tram) accessibles sans passage au portillon. Au d\u00e9but de cette ann\u00e9e, il \u00e9tait estim\u00e9 \u00e0 11,5 % dans les bus de Grand-Couronne et \u00e0 pr\u00e8s de\u2026 16 % sur le r\u00e9seau de bus de Paris Petite Couronne.<\/p>\n<p class=\"paragraph text_align_left lp-f-body-02\">Dans la foul\u00e9e des mesures d\u2019IDFM pour combattre ce fl\u00e9au,<a href=\"https:\/\/www.leparisien.fr\/info-paris-ile-de-france-oise\/transports\/multiplications-des-controles-hausse-du-montant-des-amendes-la-ratp-muscle-son-plan-de-lutte-antifraude-28-03-2025-L2KEX6W7T5DTBM3Q5UUHFTZADQ.php\" target=\"_self\" rel=\"noopener\"> la RATP a relev\u00e9 le montant de ses amendes <\/a>l\u2019\u00e9t\u00e9 dernier et notamment celle qui sanctionne l\u2019absence de validation qui est pass\u00e9e de 5 \u00e0 15 euros. Sur les r\u00e9seaux de bus Transdev, cette infraction est passible d\u2019une amende \u00e0 35 euros, ramen\u00e9e \u00e0 5 euros en cas de paiement imm\u00e9diat.<\/p>\n","protected":false},"excerpt":{"rendered":"Jusqu\u2019\u00e0 ce dimanche 30 novembre, les usagers de certains r\u00e9seaux de bus desservant la Grand-Couronne ont deux bonnes&hellip;\n","protected":false},"author":2,"featured_media":557065,"comment_status":"","ping_status":"","sticky":false,"template":"","format":"standard","meta":{"footnotes":""},"categories":[1592],"tags":[1111,11,1777,674,1011,27,662,1944,12,626,25,2382],"class_list":{"0":"post-557064","1":"post","2":"type-post","3":"status-publish","4":"format-standard","5":"has-post-thumbnail","7":"category-ile-de-france","8":"tag-actu","9":"tag-actualites","10":"tag-eu","11":"tag-europe","12":"tag-fr","13":"tag-france","14":"tag-ile-de-france","15":"tag-ma-ville","16":"tag-news","17":"tag-paris","18":"tag-republique-francaise","19":"tag-transport-idf-oise"},"share_on_mastodon":{"url":"https:\/\/pubeurope.com\/@fr\/115609031525763496","error":""},"_links":{"self":[{"href":"https:\/\/www.europesays.com\/fr\/wp-json\/wp\/v2\/posts\/557064","targetHints":{"allow":["GET"]}}],"collection":[{"href":"https:\/\/www.europesays.com\/fr\/wp-json\/wp\/v2\/posts"}],"about":[{"href":"https:\/\/www.europesays.com\/fr\/wp-json\/wp\/v2\/types\/post"}],"author":[{"embeddable":true,"href":"https:\/\/www.europesays.com\/fr\/wp-json\/wp\/v2\/users\/2"}],"replies":[{"embeddable":true,"href":"https:\/\/www.europesays.com\/fr\/wp-json\/wp\/v2\/comments?post=557064"}],"version-history":[{"count":0,"href":"https:\/\/www.europesays.com\/fr\/wp-json\/wp\/v2\/posts\/557064\/revisions"}],"wp:featuredmedia":[{"embeddable":true,"href":"https:\/\/www.europesays.com\/fr\/wp-json\/wp\/v2\/media\/557065"}],"wp:attachment":[{"href":"https:\/\/www.europesays.com\/fr\/wp-json\/wp\/v2\/media?parent=557064"}],"wp:term":[{"taxonomy":"category","embeddable":true,"href":"https:\/\/www.europesays.com\/fr\/wp-json\/wp\/v2\/categories?post=557064"},{"taxonomy":"post_tag","embeddable":true,"href":"https:\/\/www.europesays.com\/fr\/wp-json\/wp\/v2\/tags?post=557064"}],"curies":[{"name":"wp","href":"https:\/\/api.w.org\/{rel}","templated":true}]}}