{"id":557066,"date":"2025-11-25T06:56:12","date_gmt":"2025-11-25T06:56:12","guid":{"rendered":"https:\/\/www.europesays.com\/fr\/557066\/"},"modified":"2025-11-25T06:56:12","modified_gmt":"2025-11-25T06:56:12","slug":"presidentielle-2027-jordan-bardella-donne-gagnant-au-second-tour-quel-que-soit-ladversaire-selon-un-nouveau-sondage","status":"publish","type":"post","link":"https:\/\/www.europesays.com\/fr\/557066\/","title":{"rendered":"Pr\u00e9sidentielle 2027\u00a0: Jordan Bardella donn\u00e9 gagnant au second tour quel que soit l\u2019adversaire, selon un nouveau sondage"},"content":{"rendered":"<p class=\"paragraph text_align_left lp-f-body-02\">La route est-elle toute trac\u00e9e pour lui, <a href=\"https:\/\/www.leparisien.fr\/politique\/proces-du-rn-marine-le-pen-et-ses-coprevenus-condamnes-a-lineligibilite-avec-execution-immediate-31-03-2025-SJB6ALEFUZALRL544XXBG7RUJA.php\" target=\"_blank\" rel=\"noreferrer noopener\">si l\u2019in\u00e9ligibilit\u00e9 de Marine Le\u00a0Pen \u00e9tait confirm\u00e9e<\/a>\u00a0? <a href=\"https:\/\/www.leparisien.fr\/elections\/presidentielle\/election-presidentielle-2027-chute-de-philippe-glucksmann-ou-melenchon-face-a-bardella-au-second-tour-selon-un-sondage-02-11-2025-NGRTRYEBHJHHRII4GXI7VFQWVU.php\" target=\"_blank\" rel=\"noreferrer noopener\">Jordan Bardella serait \u00e9lu pr\u00e9sident de la R\u00e9publique<\/a> si le scrutin avait lieu dimanche prochain, l\u2019emportant au second tour dans tous les cas de figure test\u00e9s, selon un sondage Odoxa-Mascaret publi\u00e9 ce mardi et r\u00e9alis\u00e9 pour <a href=\"https:\/\/www.publicsenat.fr\/actualites\/politique\/sondage-jordan-bardella-remporterait-la-presidentielle-2027-quel-que-soit-son-adversaire\" target=\"_blank\" rel=\"noreferrer noopener\">Public S\u00e9nat<\/a> et la presse r\u00e9gionale.<\/p>\n<p class=\"paragraph text_align_left lp-f-body-02\">Jordan Bardella dominerait largement le premier tour dans les deux configurations retenues\u00a0: la premi\u00e8re avec \u00c9douard Philippe (17\u00a0%) en candidat du bloc central, qui serait qualifi\u00e9 pour le second tour face \u00e0 un pr\u00e9sident du Rassemblement national \u00e0 35\u00a0%. La seconde avec Gabriel Attal (11\u00a0%) en candidat du bloc central avec un Jordan Bardella \u00e0 36\u00a0%.<\/p>\n<p>53\u00a0% contre Philippe, 47\u00a0% contre Attal<\/p>\n<p class=\"paragraph text_align_left lp-f-body-02\">Gabriel Attal serait alors devanc\u00e9 par Rapha\u00ebl Glucksmann (14,5\u00a0%) et par Jean-Luc M\u00e9lenchon (12\u00a0%). Au second tour, Jordan Bardella l\u2019emporterait face \u00e0 \u00c9douard Philippe par 53\u00a0% contre 47\u00a0%, alors que l\u2019ancien Premier ministre devan\u00e7ait le pr\u00e9sident du RN dans ce m\u00eame barom\u00e8tre en avril (54\u00a0% contre 46\u00a0%), selon Odoxa. Jordan Bardella l\u2019emporterait face \u00e0 Rapha\u00ebl Glucksmann par 58\u00a0% contre 42\u00a0%.<\/p>\n<p class=\"paragraph text_align_left lp-f-body-02\">L\u2019institut a par ailleurs test\u00e9 les hypoth\u00e8ses de second tour entre Jordan Bardella et Jean-Luc M\u00e9lenchon et entre Jordan Bardella et Gabriel Attal, compte tenu \u00ab\u00a0des marges d\u2019erreurs statistiques\u00a0\u00bb dans les configurations test\u00e9es au premier tour. Jordan Bardella l\u2019emporterait par 74\u00a0% contre 26\u00a0% pour le leader de la France insoumise et par 56\u00a0% contre 44\u00a0% face au secr\u00e9taire g\u00e9n\u00e9ral de Renaissance.<\/p>\n<p class=\"paragraph text_align_left lp-f-body-02\">Au premier tour, Rapha\u00ebl Glucksmann devance Jean-Luc M\u00e9lenchon de 2,5 points dans les deux configurations test\u00e9es. Le pr\u00e9sident des R\u00e9publicains (LR) Bruno Retailleau recueillerait 8\u00a0% des voix au premier tour si le candidat du bloc central \u00e9tait \u00c9douard Philippe, et 10\u00a0% si celui-ci \u00e9tait Gabriel Attal.<\/p>\n<p class=\"paragraph text_align_left lp-f-body-02\">Marine Le\u00a0Pen, dont la candidature est li\u00e9e \u00e0 son sort judiciaire, n\u2019est pas test\u00e9e dans ce sondage. Jordan Bardella, lui, est pr\u00e9f\u00e9r\u00e9 tant aupr\u00e8s des Fran\u00e7ais que des sympathisants du RN (+\u00a07 points), selon Odoxa. Par ailleurs, <a href=\"https:\/\/www.leparisien.fr\/politique\/perdre-nos-enfants-emmanuel-macron-estime-que-la-phrase-du-chef-detat-major-des-armees-a-ete-sortie-de-son-contexte-22-11-2025-NRMBIBXHXJCPDNK4W5DMFRGNUU.php\" target=\"_blank\" rel=\"noreferrer noopener\">Emmanuel Macron<\/a> gagne un point en un mois, \u00e0 21\u00a0% d\u2019opinions favorables, ce qui lui permet de quitter son plancher historique dans ce barom\u00e8tre. Le <a href=\"https:\/\/www.leparisien.fr\/politique\/il-veut-coincer-les-oppositions-sebastien-lecornu-fait-monter-la-pression-24-11-2025-FDVIXMFF6BBJHDSVY5X4MNCJEI.php\" target=\"_blank\" rel=\"noreferrer noopener\">Premier ministre S\u00e9bastien Lecornu<\/a> gagne de son c\u00f4t\u00e9 6 points, \u00e0 36\u00a0% d\u2019opinions favorables.<\/p>\n<p class=\"title-embed-dailymotion lp-color-text lp-f-subtitle-04\">Vid\u00e9oLe PS se \u00ab fait acheter \u00bb pour ne pas censurer un gouvernement de \u00ab fonds de tiroirs \u00bb<\/p>\n<p class=\"paragraph text_align_left lp-f-body-02\">L\u2019enqu\u00eate a \u00e9t\u00e9 r\u00e9alis\u00e9e les 19 et 20\u00a0novembre aupr\u00e8s, s\u2019agissant des intentions de vote, d\u2019un \u00e9chantillon de 1\u00a0300 Fran\u00e7ais repr\u00e9sentatifs de la population \u00e2g\u00e9e de 18\u00a0ans et plus, dont 1\u00a0206 inscrits sur les listes \u00e9lectorales (m\u00e9thode des quotas). La marge d\u2019erreur est ici comprise entre\u00a01,5 et 3,5\u00a0points. Pour les cotes de popularit\u00e9, l\u2019enqu\u00eate a \u00e9t\u00e9 r\u00e9alis\u00e9e aupr\u00e8s d\u2019un \u00e9chantillon de 1\u00a0000 Fran\u00e7ais repr\u00e9sentatifs de la population \u00e2g\u00e9e de 18\u00a0ans et plus (m\u00e9thode des quotas). La marge d\u2019erreur est de\u00a02,5 \u00e0 3\u00a0points.<\/p>\n","protected":false},"excerpt":{"rendered":"La route est-elle toute trac\u00e9e pour lui, si l\u2019in\u00e9ligibilit\u00e9 de Marine Le\u00a0Pen \u00e9tait confirm\u00e9e\u00a0? Jordan Bardella serait \u00e9lu&hellip;\n","protected":false},"author":2,"featured_media":557067,"comment_status":"","ping_status":"","sticky":false,"template":"","format":"standard","meta":{"footnotes":""},"categories":[1888],"tags":[1111,1928,11,1927,5949,1777,674,1011,27,12,1926,626,1925,316,3766,25],"class_list":{"0":"post-557066","1":"post","2":"type-post","3":"status-publish","4":"format-standard","5":"has-post-thumbnail","7":"category-paris","8":"tag-actu","9":"tag-actu-paris","10":"tag-actualites","11":"tag-actualites-paris","12":"tag-elections","13":"tag-eu","14":"tag-europe","15":"tag-fr","16":"tag-france","17":"tag-news","18":"tag-news-paris","19":"tag-paris","20":"tag-paris-news","21":"tag-politique","22":"tag-presidentielle","23":"tag-republique-francaise"},"share_on_mastodon":{"url":"https:\/\/pubeurope.com\/@fr\/115609035388780954","error":""},"_links":{"self":[{"href":"https:\/\/www.europesays.com\/fr\/wp-json\/wp\/v2\/posts\/557066","targetHints":{"allow":["GET"]}}],"collection":[{"href":"https:\/\/www.europesays.com\/fr\/wp-json\/wp\/v2\/posts"}],"about":[{"href":"https:\/\/www.europesays.com\/fr\/wp-json\/wp\/v2\/types\/post"}],"author":[{"embeddable":true,"href":"https:\/\/www.europesays.com\/fr\/wp-json\/wp\/v2\/users\/2"}],"replies":[{"embeddable":true,"href":"https:\/\/www.europesays.com\/fr\/wp-json\/wp\/v2\/comments?post=557066"}],"version-history":[{"count":0,"href":"https:\/\/www.europesays.com\/fr\/wp-json\/wp\/v2\/posts\/557066\/revisions"}],"wp:featuredmedia":[{"embeddable":true,"href":"https:\/\/www.europesays.com\/fr\/wp-json\/wp\/v2\/media\/557067"}],"wp:attachment":[{"href":"https:\/\/www.europesays.com\/fr\/wp-json\/wp\/v2\/media?parent=557066"}],"wp:term":[{"taxonomy":"category","embeddable":true,"href":"https:\/\/www.europesays.com\/fr\/wp-json\/wp\/v2\/categories?post=557066"},{"taxonomy":"post_tag","embeddable":true,"href":"https:\/\/www.europesays.com\/fr\/wp-json\/wp\/v2\/tags?post=557066"}],"curies":[{"name":"wp","href":"https:\/\/api.w.org\/{rel}","templated":true}]}}