{"id":557068,"date":"2025-11-25T06:57:13","date_gmt":"2025-11-25T06:57:13","guid":{"rendered":"https:\/\/www.europesays.com\/fr\/557068\/"},"modified":"2025-11-25T06:57:13","modified_gmt":"2025-11-25T06:57:13","slug":"disneyland-paris-devoile-la-date-douverture-de-world-of-frozen-et-dautres-incroyables-nouveautes","status":"publish","type":"post","link":"https:\/\/www.europesays.com\/fr\/557068\/","title":{"rendered":"Disneyland Paris d\u00e9voile la date d&rsquo;ouverture de World of Frozen, et d&rsquo;autres incroyables nouveaut\u00e9s"},"content":{"rendered":"<p class=\"sc-9e1vpx-0 jVoltE\">Le nouveau lac du deuxi\u00e8me parc accueillera un nouveau spectacle nocturne \u00e0 360\u00b0 fait de sons, lumi\u00e8res, feux d&rsquo;artifice, drones, effets sp\u00e9ciaux et fontaines g\u00e9antes, avec en toile de fond le ch\u00e2teau de La Reine des Neiges. Dans la zone enneig\u00e9e se baladera \u00e9galement un Olaf plus vrai que nature. Le petit audio-animatronique, d\u00e9voil\u00e9 par Disneyland Paris lundi soir, prend la forme d&rsquo;un robot bip\u00e8de qui marche, bouge les bras, cligne des yeux, parle et\u2026 danse, port\u00e9 par ses algorithmes de machine learning. Adventure Way, la nouvelle \u00ab\u00a0route\u00a0\u00bb lumineuse qui relie l&rsquo;entr\u00e9e de Disney World Adventure \u00e0 World \u00e0 Frozen, sera aussi une halte pour une autre nouvelle attraction, sur le th\u00e8me de Raiponce. On a d\u00e9j\u00e0 h\u00e2te !<\/p>\n","protected":false},"excerpt":{"rendered":"Le nouveau lac du deuxi\u00e8me parc accueillera un nouveau spectacle nocturne \u00e0 360\u00b0 fait de sons, lumi\u00e8res, feux&hellip;\n","protected":false},"author":2,"featured_media":557069,"comment_status":"","ping_status":"","sticky":false,"template":"","format":"standard","meta":{"footnotes":""},"categories":[1888],"tags":[1111,1928,11,1927,1777,674,1011,27,12,1926,626,1925,25],"class_list":{"0":"post-557068","1":"post","2":"type-post","3":"status-publish","4":"format-standard","5":"has-post-thumbnail","7":"category-paris","8":"tag-actu","9":"tag-actu-paris","10":"tag-actualites","11":"tag-actualites-paris","12":"tag-eu","13":"tag-europe","14":"tag-fr","15":"tag-france","16":"tag-news","17":"tag-news-paris","18":"tag-paris","19":"tag-paris-news","20":"tag-republique-francaise"},"share_on_mastodon":{"url":"https:\/\/pubeurope.com\/@fr\/115609039349412524","error":""},"_links":{"self":[{"href":"https:\/\/www.europesays.com\/fr\/wp-json\/wp\/v2\/posts\/557068","targetHints":{"allow":["GET"]}}],"collection":[{"href":"https:\/\/www.europesays.com\/fr\/wp-json\/wp\/v2\/posts"}],"about":[{"href":"https:\/\/www.europesays.com\/fr\/wp-json\/wp\/v2\/types\/post"}],"author":[{"embeddable":true,"href":"https:\/\/www.europesays.com\/fr\/wp-json\/wp\/v2\/users\/2"}],"replies":[{"embeddable":true,"href":"https:\/\/www.europesays.com\/fr\/wp-json\/wp\/v2\/comments?post=557068"}],"version-history":[{"count":0,"href":"https:\/\/www.europesays.com\/fr\/wp-json\/wp\/v2\/posts\/557068\/revisions"}],"wp:featuredmedia":[{"embeddable":true,"href":"https:\/\/www.europesays.com\/fr\/wp-json\/wp\/v2\/media\/557069"}],"wp:attachment":[{"href":"https:\/\/www.europesays.com\/fr\/wp-json\/wp\/v2\/media?parent=557068"}],"wp:term":[{"taxonomy":"category","embeddable":true,"href":"https:\/\/www.europesays.com\/fr\/wp-json\/wp\/v2\/categories?post=557068"},{"taxonomy":"post_tag","embeddable":true,"href":"https:\/\/www.europesays.com\/fr\/wp-json\/wp\/v2\/tags?post=557068"}],"curies":[{"name":"wp","href":"https:\/\/api.w.org\/{rel}","templated":true}]}}