{"id":557072,"date":"2025-11-25T06:59:11","date_gmt":"2025-11-25T06:59:11","guid":{"rendered":"https:\/\/www.europesays.com\/fr\/557072\/"},"modified":"2025-11-25T06:59:11","modified_gmt":"2025-11-25T06:59:11","slug":"la-circulation-des-trains-entre-rouen-et-paris-interrompue-que-se-passe-t-il","status":"publish","type":"post","link":"https:\/\/www.europesays.com\/fr\/557072\/","title":{"rendered":"La circulation des trains entre Rouen et Paris interrompue : que se passe-t-il\u00a0?"},"content":{"rendered":"<p>                    Par<br \/>\n        <strong><br \/>\n            <a href=\"https:\/\/actu.fr\/auteur\/yann-rivallan\" title=\"Consulter tous les articles de Yann Rivallan\" target=\"_blank\" rel=\"noopener\">Yann Rivallan<\/a><br \/>\n                    <\/strong><\/p>\n<p>        Publi\u00e9 le<\/p>\n<p>            25 nov. 2025 \u00e0 7h54        <\/p>\n<p>Ils ne circulent plus <strong>depuis 7h du matin<\/strong>. La circulation des trains entre <a href=\"https:\/\/actu.fr\/normandie\/rouen_76540\" target=\"_blank\" rel=\"noopener\">Rouen<\/a> et Paris est <strong>interrompue dans les deux sens<\/strong>, mardi 25\u00a0novembre 2025, fait savoir le r\u00e9seau Nomad de la SNCF sur ses r\u00e9seaux sociaux. Mais que se passe-t-il\u2009?<\/p>\n<p>Des trains supprim\u00e9s<\/p>\n<p class=\" wall-content\">Pour l\u2019heure, la reprise du trafic est <strong>estim\u00e9e \u00e0 10h35<\/strong>. En attendant, aucun train ne circule entre Rouen et Paris. Selon les premiers \u00e9l\u00e9ments communiqu\u00e9s par le r\u00e9seau Nomad, \u00ab\u2009un <strong>d\u00e9faut d\u2019alimentation \u00e9lectrique<\/strong> entre Val-de-Reuil et Vernon\u2009\u00bb, cause cette interruption.<\/p>\n<p class=\" wall-content\">\n<p class=\" wall-content\">Les services de la SNCF sont sur place pour d\u00e9terminer l\u2019origine de ce d\u00e9faut d\u2019alimentation. Plusieurs trains <strong>sont supprim\u00e9s<\/strong> ou effectueront leur terminus \u00e0 Vernon, informe Nomad sur ses r\u00e9seaux sociaux.<\/p>\n<p>Suivez l\u2019actualit\u00e9 de Rouen sur <a href=\"https:\/\/www.whatsapp.com\/channel\/0029VaKfnf99hXF2ddApFB1D\" target=\"_blank\" rel=\"noopener\">notre cha\u00eene WhatsApp<\/a> et sur <a href=\"https:\/\/www.tiktok.com\/@76actu.fr?lang=fr\" target=\"_blank\" rel=\"noopener\">notre compte TikTok<\/a><\/p>\n<p class=\" wall-content\">Personnalisez votre actualit\u00e9 en ajoutant vos villes et m\u00e9dias en favori avec <a href=\"https:\/\/moncompte.actu.fr\" title=\"D\u00e9couvez Mon Actu\" rel=\"nofollow noopener\" data-trk=\"{&quot;cta&quot;:{&quot;action&quot;:&quot;https:\\\/\\\/moncompte.actu.fr&quot;,&quot;category&quot;:&quot;mon compte&quot;,&quot;from&quot;:&quot;article footer&quot;,&quot;name&quot;:&quot;Mon actu&quot;,&quot;type&quot;:&quot;cta&quot;}}\" target=\"_blank\">Mon Actu<\/a>.<\/p>\n<p>                    <script async src=\"\/\/www.tiktok.com\/embed.js\"><\/script><\/p>\n","protected":false},"excerpt":{"rendered":"Par Yann Rivallan Publi\u00e9 le 25 nov. 2025 \u00e0 7h54 Ils ne circulent plus depuis 7h du matin.&hellip;\n","protected":false},"author":2,"featured_media":557073,"comment_status":"","ping_status":"","sticky":false,"template":"","format":"standard","meta":{"footnotes":""},"categories":[1888],"tags":[11,3542,1777,674,1011,27,12,626,25,2215,104],"class_list":{"0":"post-557072","1":"post","2":"type-post","3":"status-publish","4":"format-standard","5":"has-post-thumbnail","7":"category-paris","8":"tag-actualites","9":"tag-circulation","10":"tag-eu","11":"tag-europe","12":"tag-fr","13":"tag-france","14":"tag-news","15":"tag-paris","16":"tag-republique-francaise","17":"tag-sncf","18":"tag-societe"},"share_on_mastodon":{"url":"https:\/\/pubeurope.com\/@fr\/115609047337690743","error":""},"_links":{"self":[{"href":"https:\/\/www.europesays.com\/fr\/wp-json\/wp\/v2\/posts\/557072","targetHints":{"allow":["GET"]}}],"collection":[{"href":"https:\/\/www.europesays.com\/fr\/wp-json\/wp\/v2\/posts"}],"about":[{"href":"https:\/\/www.europesays.com\/fr\/wp-json\/wp\/v2\/types\/post"}],"author":[{"embeddable":true,"href":"https:\/\/www.europesays.com\/fr\/wp-json\/wp\/v2\/users\/2"}],"replies":[{"embeddable":true,"href":"https:\/\/www.europesays.com\/fr\/wp-json\/wp\/v2\/comments?post=557072"}],"version-history":[{"count":0,"href":"https:\/\/www.europesays.com\/fr\/wp-json\/wp\/v2\/posts\/557072\/revisions"}],"wp:featuredmedia":[{"embeddable":true,"href":"https:\/\/www.europesays.com\/fr\/wp-json\/wp\/v2\/media\/557073"}],"wp:attachment":[{"href":"https:\/\/www.europesays.com\/fr\/wp-json\/wp\/v2\/media?parent=557072"}],"wp:term":[{"taxonomy":"category","embeddable":true,"href":"https:\/\/www.europesays.com\/fr\/wp-json\/wp\/v2\/categories?post=557072"},{"taxonomy":"post_tag","embeddable":true,"href":"https:\/\/www.europesays.com\/fr\/wp-json\/wp\/v2\/tags?post=557072"}],"curies":[{"name":"wp","href":"https:\/\/api.w.org\/{rel}","templated":true}]}}