{"id":557076,"date":"2025-11-25T07:02:24","date_gmt":"2025-11-25T07:02:24","guid":{"rendered":"https:\/\/www.europesays.com\/fr\/557076\/"},"modified":"2025-11-25T07:02:24","modified_gmt":"2025-11-25T07:02:24","slug":"en-direct-guerre-en-ukraine-il-ny-a-quune-personne-qui-ne-veut-pas-la-paix-cest-la-russie-estime-emmanuel-macron","status":"publish","type":"post","link":"https:\/\/www.europesays.com\/fr\/557076\/","title":{"rendered":"EN DIRECT &#8211; Guerre en Ukraine : \u00ab\u00a0Il n&rsquo;y a qu&rsquo;une personne qui ne veut pas la paix, c&rsquo;est la Russie\u00a0\u00bb, estime Emmanuel Macron"},"content":{"rendered":"<ul class=\"jsx-862013697 ArticleChapo__List\">\n<li class=\"jsx-862013697 ArticleChapo__List_Item flex\">Emmanuel Macron assure vouloir la paix pour l&rsquo;Ukraine mais \u00ab\u00a0pas une paix qui soit une capitulation\u00a0\u00bb dans un entretien diffus\u00e9 ce mardi sur RTL.<\/li>\n<li class=\"jsx-862013697 ArticleChapo__List_Item flex\">Au moins 6 personnes ont \u00e9t\u00e9 tu\u00e9es dans la nuit par une attaque russe contre Kiev, tandis qu&rsquo;au moins 3 personnes sont mortes en Russie lors d&rsquo;une attaque ukrainienne dans la r\u00e9gion de Rostov.<\/li>\n<li class=\"jsx-862013697 ArticleChapo__List_Item flex\">Suivez les derni\u00e8res informations.<\/li>\n<\/ul>\n<p>Les \u00e9l\u00e9ments marquants\u00a0\u00bbNOUS NE VOULONS PAS UNE PAIX QUI SOIT UNE CAPITULATION\u00a0\u00bb07:39<\/p>\n<p>\u00ab\u00a0Nous voulons une paix, mais nous ne voulons pas une paix qui soit une capitulation\u00a0\u00bb, affirme Emmanuel Macron sur RTL, avant une r\u00e9union de la coalition des volontaires. \u00ab\u00a0Il n&rsquo;y a qu&rsquo;une personne qui ne veut pas la paix, c&rsquo;est la Russie\u00a0\u00bb, ajoute-t-il.<\/p>\n<p>Minute par minuteIL NE S&rsquo;AGIT PAS \u00ab\u00a0D&rsquo;ENVOYER NOS JEUNES EN UKRAINE\u00a0\u00bb07:58<\/p>\n<p>Questionn\u00e9 par RTL sur le nouveau service national, dont il devrait faire des annonces jeudi en Is\u00e8re, Emmanuel Macron a assur\u00e9 qu&rsquo;il ne s&rsquo;agit pas \u00ab\u00a0d&rsquo;envoyer nos jeunes en Ukraine\u00a0\u00bb.<\/p>\n<p>UNE \u00ab\u00a0CONFRONTATION\u00a0\u00bb AVEC LA RUSSIE07:48<\/p>\n<p>\u00ab\u00a0Ces derni\u00e8res ann\u00e9es, on est mont\u00e9 d&rsquo;un cran dans la conflictualit\u00e9 avec la Russie (&#8230;) Oui, il y a une confrontation\u00a0\u00bb, d\u00e9clare Emmanuel Macron. Pour lui, la Russie \u00ab\u00a0provoque par ses d\u00e9clarations sur le nucl\u00e9aire, m\u00e8ne des actions cyber, attaque nos h\u00f4pitaux, attaque nos syst\u00e8mes d&rsquo;information, m\u00e8ne une guerre informationnelle pour saper le moral, et m\u00e8ne ses provocations par l&rsquo;immigration, par les drones, et la guerre en Ukraine\u00a0\u00bb.\u00a0<\/p>\n<p>PAS DE SOLDATS FRAN\u00c7AIS ENVOY\u00c9S AU FRONT07:47<\/p>\n<p>\u00ab\u00a0La premi\u00e8re chose qui prot\u00e8gera l\u2019Ukraine, ce sera sa propre arm\u00e9e\u00a0\u00bb, affirme le pr\u00e9sident fran\u00e7ais, qui appelle \u00e0 ne pas limiter la capacit\u00e9 de l&rsquo;arm\u00e9e ukrainienne comme le demande la Russie. Il a \u00e9galement indiqu\u00e9, qu&rsquo;une fois \u00ab\u00a0la paix sign\u00e9e\u00a0\u00bb, des soldats europ\u00e9ens seront d\u00e9ploy\u00e9s \u00ab\u00a0en deuxi\u00e8me ligne\u00a0\u00bb, \u00ab\u00a0loin de la zone de front\u00a0\u00bb, en tant que forces de r\u00e9assurance.<\/p>\n<p>\u00ab\u00a0AUX EUROP\u00c9ENS DE D\u00c9CIDER\u00a0\u00bb QUOI FAIRE DES ACTIFS RUSSES GEL\u00c9S07:43<\/p>\n<p>\u00ab\u00a0Personne ne peut dire \u00e0 la place des Ukrainiens quelles concessions territoriales, ils sont pr\u00eats \u00e0 faire\u00a0\u00bb, d\u00e9clare le chef de l&rsquo;\u00c9tat fran\u00e7ais. \u00ab\u00a0Les Europ\u00e9ens sont les seuls \u00e0 pouvoir dire ce qu\u2019il sera fait des actifs russes d\u00e9tenus en Europe\u00a0\u00bb, assure Emmanuel Macron, alors que les \u00c9tats-Unis souhaitent en reprendre le contr\u00f4le d&rsquo;une partie.<\/p>\n<p>\u00ab\u00a0NOUS NE VOULONS PAS UNE PAIX QUI SOIT UNE CAPITULATION\u00a0\u00bb07:39<\/p>\n<p>\u00ab\u00a0Nous voulons une paix, mais nous ne voulons pas une paix qui soit une capitulation\u00a0\u00bb, affirme Emmanuel Macron sur RTL, avant une r\u00e9union de la coalition des volontaires. \u00ab\u00a0Il n&rsquo;y a qu&rsquo;une personne qui ne veut pas la paix, c&rsquo;est la Russie\u00a0\u00bb, ajoute-t-il.<\/p>\n<p>6 MORTS \u00c0 KIEV07:23<\/p>\n<p>Le bilan de frappes russes sur Kiev est pass\u00e9 de deux \u00e0 six morts, ont annonc\u00e9 mardi les autorit\u00e9s apr\u00e8s une nuit d&rsquo;attaques de drones et de missiles. \u00ab\u00a0Quatre personnes ont \u00e9t\u00e9 tu\u00e9es et au moins trois bless\u00e9es\u00a0\u00bb dans le quartier Sviatochynsky (ouest), a indiqu\u00e9 dans le chef de l&rsquo;administration militaire de Kiev, Timour Tkatchenko. Plus t\u00f4t, les secouristes avaient d\u00e9j\u00e0 fait \u00e9tat de deux habitants tu\u00e9s dans un immeuble r\u00e9sidentiel dans le quartier Dniprovsky (est).<\/p>\n<p>DRONES UKRAINIENS06:51<\/p>\n<p>La d\u00e9fense a\u00e9rienne russe a intercept\u00e9 249 drones ukrainiens au-dessus de la Russie dans la nuit de lundi \u00e0 mardi, a annonc\u00e9 le minist\u00e8re de la D\u00e9fense. Sur ce total, 116 drones ont \u00e9t\u00e9 abattus au-dessus de la mer Noire, 76 dans la r\u00e9gion de Krasnodar, 23 dans la p\u00e9ninsule annex\u00e9e de Crim\u00e9e et 16 dans la r\u00e9gion de Rostov, a pr\u00e9cis\u00e9 le minist\u00e8re.<\/p>\n<p>NOUVELLE NUIT DE FRAPPES EN UKRAINE ET EN RUSSIE06:25<\/p>\n<p>L&rsquo;Ukraine et la Russie ont toutes deux fait \u00e9tat ce matin de frappes a\u00e9riennes \u00ab\u00a0massives\u00a0\u00bb de l&rsquo;ennemi sur leurs territoires respectifs, avec au moins trois morts recens\u00e9s dans la r\u00e9gion russe de Rostov et au moins deux c\u00f4t\u00e9 ukrainien, o\u00f9 le secteur \u00e9nerg\u00e9tique et la capitale Kiev ont encore une fois \u00e9t\u00e9 vis\u00e9s.<\/p>\n<p>Frappes en Russie et en Ukraine la nuit du 24 au 25 novembre 2025Source : TF1 Info<\/p>\n<p><img decoding=\"async\" src=\"https:\/\/www.europesays.com\/fr\/wp-content\/uploads\/2025\/11\/frappes-en-russie-et-en-ukraine-la-nuit-du-24-au-25-novembre-2025-b8c2ed-0@1x.jpeg\" alt=\"Frappes en Russie et en Ukraine la nuit du 24 au 25 novembre 2025\" loading=\"lazy\" importance=\"low\" fetchpriority=\"low\" class=\"\"\/><img decoding=\"async\" src=\"https:\/\/www.tf1info.fr\/images\/icons\/player-logo-play.svg\" alt=\"Logo lecture\" class=\"jsx-d0de44c05fe3042c PlayerLazyload__Play\"\/>BONJOUR06:23<\/p>\n<p>Bienvenue dans ce direct consacr\u00e9 \u00e0 la guerre en Ukraine. Retrouvez ici les moments marquants et les images fortes autour du conflit qui a d\u00e9but\u00e9 le 24 f\u00e9vrier 2022 avec l&rsquo;invasion du pays par la Russie.\u00a0<\/p>\n<p data-module=\"article-paragraph\" class=\"jsx-3046738180 Paragraph Paragraph__End\">La porte-parole de la Maison Blanche a qualifi\u00e9 lundi de \u00ab\u00a0compl\u00e8tement fallacieuse\u00a0\u00bb l&rsquo;id\u00e9e selon laquelle le pr\u00e9sident am\u00e9ricain Donald Trump et son gouvernement favoriseraient la Russie dans les pourparlers <a href=\"https:\/\/www.tf1info.fr\/international\/guerre-ukraine-russie-ce-plan-a-quelques-chances-de-reussir-des-negociations-porteuses-d-espoir-2408631.html\" target=\"_blank\" rel=\"noopener\">pour mettre fin au conflit en Ukraine<\/a>.<\/p>\n<p data-module=\"article-paragraph\" class=\"jsx-3046738180 Paragraph Paragraph__End\">\u00ab\u00a0L&rsquo;id\u00e9e selon laquelle les \u00c9tats-Unis d&rsquo;Am\u00e9rique ne seraient pas engag\u00e9s \u00e0 \u00e9galit\u00e9 avec les deux bellig\u00e9rants pour mettre fin \u00e0 la guerre est totalement et compl\u00e8tement fallacieuse\u00a0\u00bb, a dit Karoline Leavitt lundi lors d&rsquo;un \u00e9change avec la presse.<\/p>\n<p>Kiev et l&rsquo;Europe voient des avanc\u00e9es mais encore beaucoup de travail<\/p>\n<p data-module=\"article-paragraph\" class=\"jsx-3046738180 Paragraph Paragraph__End\">Les discussions entre Ukrainiens, Am\u00e9ricains et Europ\u00e9ens, convoqu\u00e9es dimanche dans l&rsquo;urgence, se sont tenues sur la base du projet de plan en 28 points de Donald Trump, consid\u00e9r\u00e9 comme largement favorable \u00e0 Moscou. Am\u00e9ricains et Ukrainiens ont affirm\u00e9 qu&rsquo;un \u00ab\u00a0futur accord\u00a0\u00bb de paix devrait respecter la souverainet\u00e9 de l&rsquo;Ukraine.<\/p>\n<p><a href=\"https:\/\/www.tf1info.fr\/international\/direct-guerre-ukraine-russie-washington-tres-optimiste-apres-une-journee-de-pourparlers-sur-kiev-a-geneve-les-dernieres-informations-lundi-24-novembre-2025-2408471.html\" rel=\"noopener\" class=\"jsx-3308031228 Link flex\" target=\"_blank\"><img decoding=\"async\" src=\"https:\/\/www.europesays.com\/fr\/wp-content\/uploads\/2025\/08\/drapeau-russie-kremlin-78811e-0@1x.jpeg\" alt=\"AFP\" loading=\"lazy\" importance=\"low\" fetchpriority=\"low\" class=\"\" aria-hidden=\"true\"\/><\/p>\n<p class=\"jsx-3657663356 ReadMoreArticle__Title\">Lire aussi<\/p>\n<p class=\"jsx-3657663356\">Ukraine : pour le Kremlin, la contre-proposition europ\u00e9enne au plan de paix am\u00e9ricain n&rsquo;est pas constructive<\/p>\n<p><\/a><\/p>\n<p data-module=\"article-paragraph\" class=\"jsx-3046738180 Paragraph Paragraph__End\">L&rsquo;Ukraine, qui lutte depuis pr\u00e8s de quatre ans contre l&rsquo;invasion de la Russie, est de nouveau au coeur d&rsquo;\u00e9changes lundi \u00e0 Luanda en marge d&rsquo;un sommet entre l&rsquo;UE et l&rsquo;Union africaine. Et la \u00ab\u00a0Coalition des volontaires\u00a0\u00bb, qui r\u00e9unit les alli\u00e9s de l&rsquo;Ukraine, se r\u00e9unira mardi en visioconf\u00e9rence.<\/p>\n<p>La r\u00e9daction de TF1info<\/p>\n","protected":false},"excerpt":{"rendered":"Emmanuel Macron assure vouloir la paix pour l&rsquo;Ukraine mais \u00ab\u00a0pas une paix qui soit une capitulation\u00a0\u00bb dans un&hellip;\n","protected":false},"author":2,"featured_media":557077,"comment_status":"","ping_status":"","sticky":false,"template":"","format":"standard","meta":{"footnotes":""},"categories":[1590],"tags":[1111,11,1921,75,1777,674,1922,12,132,220,1917,67457,133,1920,135],"class_list":{"0":"post-557076","1":"post","2":"type-post","3":"status-publish","4":"format-standard","5":"has-post-thumbnail","7":"category-ukraine","8":"tag-actu","9":"tag-actualites","10":"tag-article-video","11":"tag-donald-trump","12":"tag-eu","13":"tag-europe","14":"tag-info","15":"tag-news","16":"tag-russie","17":"tag-ukraine","18":"tag-ukraine-4-annee-de-guerre","19":"tag-ukraine-russie-la-perspective-de-negociations-relancee","20":"tag-video","21":"tag-video-international","22":"tag-vladimir-poutine"},"share_on_mastodon":{"url":"https:\/\/pubeurope.com\/@fr\/115609059798011575","error":""},"_links":{"self":[{"href":"https:\/\/www.europesays.com\/fr\/wp-json\/wp\/v2\/posts\/557076","targetHints":{"allow":["GET"]}}],"collection":[{"href":"https:\/\/www.europesays.com\/fr\/wp-json\/wp\/v2\/posts"}],"about":[{"href":"https:\/\/www.europesays.com\/fr\/wp-json\/wp\/v2\/types\/post"}],"author":[{"embeddable":true,"href":"https:\/\/www.europesays.com\/fr\/wp-json\/wp\/v2\/users\/2"}],"replies":[{"embeddable":true,"href":"https:\/\/www.europesays.com\/fr\/wp-json\/wp\/v2\/comments?post=557076"}],"version-history":[{"count":0,"href":"https:\/\/www.europesays.com\/fr\/wp-json\/wp\/v2\/posts\/557076\/revisions"}],"wp:featuredmedia":[{"embeddable":true,"href":"https:\/\/www.europesays.com\/fr\/wp-json\/wp\/v2\/media\/557077"}],"wp:attachment":[{"href":"https:\/\/www.europesays.com\/fr\/wp-json\/wp\/v2\/media?parent=557076"}],"wp:term":[{"taxonomy":"category","embeddable":true,"href":"https:\/\/www.europesays.com\/fr\/wp-json\/wp\/v2\/categories?post=557076"},{"taxonomy":"post_tag","embeddable":true,"href":"https:\/\/www.europesays.com\/fr\/wp-json\/wp\/v2\/tags?post=557076"}],"curies":[{"name":"wp","href":"https:\/\/api.w.org\/{rel}","templated":true}]}}