{"id":557078,"date":"2025-11-25T07:03:12","date_gmt":"2025-11-25T07:03:12","guid":{"rendered":"https:\/\/www.europesays.com\/fr\/557078\/"},"modified":"2025-11-25T07:03:12","modified_gmt":"2025-11-25T07:03:12","slug":"le-pentagone-enquete-sur-un-senateur-democrate-ayant-appele-larmee-a-desobeir-aux-ordres-illegaux","status":"publish","type":"post","link":"https:\/\/www.europesays.com\/fr\/557078\/","title":{"rendered":"le Pentagone enqu\u00eate sur un s\u00e9nateur d\u00e9mocrate ayant appel\u00e9 l\u2019arm\u00e9e \u00e0 d\u00e9sob\u00e9ir aux \u00abordres ill\u00e9gaux\u00bb"},"content":{"rendered":"<p>\n    Mark Kelly, ex-pilote de chasse et astronaute, toujours soumis \u00e0 la justice militaire, risque d\u2019\u00eatre rappel\u00e9 au service actif pour une cour martiale, sur fond d\u2019escalade verbale entre \u00e9lus d\u00e9mocrates et administration Trump.<\/p>\n<p class=\"fig-paragraph\">Le minist\u00e8re am\u00e9ricain de la D\u00e9fense a annonc\u00e9 lundi avoir ouvert une enqu\u00eate \u00e0 l&rsquo;encontre du s\u00e9nateur d\u00e9mocrate Mark Kelly, mena\u00e7ant cet ex-pilote de la marine et astronaute de cour martiale pour<a href=\"https:\/\/video.lefigaro.fr\/figaro\/international\/donald-trump-evoque-la-peine-de-mort-suite-a-l-appel-d-elu-democrates-a-a-refuser-les-ordres-illegaux-de-l-armee-americaine-20251120\" data-fig-type=\"Video\" data-gtm-custom-categorie=\"navigation\" data-gtm-custom-action=\"crossclick\" data-gtm-custom-label=\"Contextuel\" data-gtm-event=\"customEventSPE\" data-fig-domain=\"LEFIGARO\" target=\"_blank\" rel=\"noopener\">\u00a0avoir appel\u00e9 les militaires \u00e0 d\u00e9sob\u00e9ir aux \u00abordres ill\u00e9gaux\u00bb\u00a0<\/a>de la Maison Blanche.<\/p>\n<p class=\"fig-paragraph\">Dans un communiqu\u00e9 publi\u00e9 sur X, le Pentagone dit avoir re\u00e7u de \u00abgraves accusations\u00bb concernant la conduite du \u00abcapitaine Mark Kelly, retrait\u00e9 de l&rsquo;US Navy\u00bb. Conform\u00e9ment \u00e0 la r\u00e9glementation de la justice militaire en vigueur, ajoute le minist\u00e8re, \u00abun examen minutieux de ces accusations a \u00e9t\u00e9 initi\u00e9 afin de d\u00e9terminer quelles actions suppl\u00e9mentaires prendre\u00bb.<\/p>\n<p>                                    <a class=\"fig-a11y-skip a11y-hidden\" href=\"#fig-a11y-skip-main-inarticle\"><br \/>\n        Passer la publicit\u00e9<br \/>\n    <\/a><\/p>\n<p class=\"fig-paragraph\">De telles actions peuvent inclure \u00abun rappel au service actif pour une proc\u00e9dure de cour martiale ou des mesures administratives\u00bb, est-il pr\u00e9cis\u00e9.<\/p>\n<p>\u00abJ\u2019ai trop donn\u00e9 \u00e0 ce pays pour \u00eatre r\u00e9duit au silence par des petites brutes\u00bb<\/p>\n<p class=\"fig-paragraph\">Dans un communiqu\u00e9 transmis \u00e0 l&rsquo;AFP,\u00a0<a href=\"https:\/\/video.lefigaro.fr\/figaro\/international\/midterms-en-arizona-le-senateur-democrate-mark-kelly-estime-avoir-reussi-sa-mission-20221113\" data-fig-type=\"Video\" data-gtm-custom-categorie=\"navigation\" data-gtm-custom-action=\"crossclick\" data-gtm-custom-label=\"Contextuel\" data-gtm-event=\"customEventSPE\" data-fig-domain=\"LEFIGARO\" target=\"_blank\" rel=\"noopener\">Mark Kelly<\/a>, s\u00e9nateur de l&rsquo;Arizona depuis 2020, \u00e9voque ses ann\u00e9es de service dans la marine am\u00e9ricaine comme pilote de chasse ayant effectu\u00e9 \u00ab39 missions de combat\u00bb durant la premi\u00e8re guerre du Golfe, puis comme astronaute et pilote de navette spatiale pour la NASA.<\/p>\n<p class=\"fig-paragraph\">Si cette enqu\u00eate \u00aba pour but de m&rsquo;intimider et d&rsquo;intimider d&rsquo;autres membres du Congr\u00e8s pour les emp\u00eacher de faire leur boulot et de faire rendre des comptes \u00e0 cette administration, cela ne fonctionnera pas\u00bb, a-t-il affirm\u00e9. \u00abJ&rsquo;ai trop donn\u00e9 \u00e0 ce pays pour \u00eatre r\u00e9duit au silence par des petites brutes qui se soucient davantage de leur propre pouvoir que de prot\u00e9ger la Constitution\u00bb, a ajout\u00e9 Mark Kelly. L&rsquo;\u00e9lu d\u00e9mocrate, de tendance mod\u00e9r\u00e9e, est vu comme l&rsquo;une des \u00e9toiles montantes du parti en vue de la pr\u00e9sidentielle de 2028.<\/p>\n<p>\u00abLa conduite de Mark Kelly jette le discr\u00e9dit sur les forces arm\u00e9es\u00bb<\/p>\n<p class=\"fig-paragraph\">Aux c\u00f4t\u00e9s de Mark Kelly, des \u00e9lus du Congr\u00e8s ayant servi dans l&rsquo;arm\u00e9e ou les services de renseignement avaient publi\u00e9 la semaine derni\u00e8re une vid\u00e9o dans laquelle ils lan\u00e7aient \u00e0 l&rsquo;intention des militaires et des agents du renseignement: \u00abVous pouvez refuser les ordres ill\u00e9gaux.\u00bb \u00abAujourd&rsquo;hui, les menaces contre notre Constitution ne viennent pas seulement de l&rsquo;\u00e9tranger, mais aussi d&rsquo;ici, chez nous\u00bb, d\u00e9non\u00e7aient-ils. Leur message avait provoqu\u00e9 la col\u00e8re de la Maison Blanche, et Donald Trump avait accus\u00e9 ces \u00e9lus d\u00e9mocrates de\u00a0<a href=\"http:\/\/www.lefigaro.fr\/international\/etats-unis-le-parti-democrate-juge-absolument-infame-que-donald-trump-menace-certains-de-ses-elus-de-la-peine-de-mort-20251120\" data-fig-type=\"NewsFlash\" data-gtm-custom-categorie=\"navigation\" data-gtm-custom-action=\"crossclick\" data-gtm-custom-label=\"Contextuel\" data-gtm-event=\"customEventSPE\" data-fig-domain=\"LEFIGARO\" target=\"_blank\" rel=\"noopener\">\u00abCOMPORTEMENT S\u00c9DITIEUX, passible de la peine de MORT!\u00bb<\/a> . \u00abLES TRA\u00ceTRES QUI ONT DIT \u00c0 L&rsquo;ARM\u00c9E DE D\u00c9SOB\u00c9IR \u00c0 MES ORDRES DEVRAIENT \u00caTRE EN PRISON MAINTENANT\u00bb, a lanc\u00e9 le pr\u00e9sident am\u00e9ricain dans un nouveau message samedi.<\/p>\n<p class=\"fig-paragraph\">Fid\u00e8le alli\u00e9 de Donald Trump au Pentagone, le ministre<a href=\"https:\/\/video.lefigaro.fr\/figaro\/international\/etats-unis-pete-hegseth-publie-une-video-dune-nouvelle-frappe-americaine-contre-un-bateau-dans-les-caraibes-20251024\" data-fig-type=\"Video\" data-gtm-custom-categorie=\"navigation\" data-gtm-custom-action=\"crossclick\" data-gtm-custom-label=\"Contextuel\" data-gtm-event=\"customEventSPE\" data-fig-domain=\"LEFIGARO\" target=\"_blank\" rel=\"noopener\">\u00a0Pete Hegseth<\/a>\u00a0a qualifi\u00e9 sur X la vid\u00e9o des d\u00e9mocrates d&rsquo;\u00ababjecte, dangereuse, et erron\u00e9e\u00bb. Il pr\u00e9cise que sur ces \u00absix s\u00e9ditieux\u00bb, seul Mark Kelly tombe encore sous la juridiction militaire de son minist\u00e8re. \u00abLa conduite de Mark Kelly jette le discr\u00e9dit sur les forces arm\u00e9es et une r\u00e9ponse appropri\u00e9e y sera apport\u00e9e\u00bb, a ajout\u00e9 Pete Hegseth. Dans leur vid\u00e9o, les \u00e9lus d\u00e9mocrates ne pr\u00e9cisent pas \u00e0 quels ordres ils font r\u00e9f\u00e9rence, mais Donald Trump et Pete Hegseth sont critiqu\u00e9s pour leur utilisation des forces arm\u00e9es.<\/p>\n<p>                                    <a class=\"fig-a11y-skip a11y-hidden\" href=\"#fig-a11y-skip-main-inarticle_mtf\"><br \/>\n        Passer la publicit\u00e9<br \/>\n    <\/a><\/p>\n<p class=\"fig-paragraph\">Le pr\u00e9sident am\u00e9ricain a ordonn\u00e9 le<a href=\"http:\/\/www.lefigaro.fr\/international\/nouveau-revers-pour-trump-qui-voit-le-deploiement-de-la-garde-nationale-a-portland-bloque-par-la-justice-20251108\" data-fig-type=\"NewsFlash\" data-gtm-custom-categorie=\"navigation\" data-gtm-custom-action=\"crossclick\" data-gtm-custom-label=\"Contextuel\" data-gtm-event=\"customEventSPE\" data-fig-domain=\"LEFIGARO\" target=\"_blank\" rel=\"noopener\">\u00a0d\u00e9ploiement de la Garde nationale<\/a>\u00a0dans plusieurs villes d\u00e9mocrates, dont Los Angeles et Washington, contre la volont\u00e9 des autorit\u00e9s locales. Les Etats-Unis ont \u00e9galement men\u00e9 ces derni\u00e8res semaines u<a href=\"http:\/\/www.lefigaro.fr\/international\/ca-ne-me-pose-aucun-probleme-trump-se-dit-pret-a-lancer-des-frappes-americaines-au-mexique-pour-mettre-fin-au-trafic-de-drogue-20251117\" data-fig-type=\"NewsFlash\" data-gtm-custom-categorie=\"navigation\" data-gtm-custom-action=\"crossclick\" data-gtm-custom-label=\"Contextuel\" data-gtm-event=\"customEventSPE\" data-fig-domain=\"LEFIGARO\" target=\"_blank\" rel=\"noopener\">ne vingtaine de frappes dans les Cara\u00efbes et le Pacifique<\/a>\u00a0contre des embarcations qu&rsquo;ils accusent &#8211; sans pr\u00e9senter de preuves &#8211; de transporter de la drogue, faisant au moins 83 victimes.<\/p>\n","protected":false},"excerpt":{"rendered":"Mark Kelly, ex-pilote de chasse et astronaute, toujours soumis \u00e0 la justice militaire, risque d\u2019\u00eatre rappel\u00e9 au service&hellip;\n","protected":false},"author":2,"featured_media":557079,"comment_status":"","ping_status":"","sticky":false,"template":"","format":"standard","meta":{"footnotes":""},"categories":[1589],"tags":[11,73,1866,12,1203,1068,1864,1865,1863,308],"class_list":{"0":"post-557078","1":"post","2":"type-post","3":"status-publish","4":"format-standard","5":"has-post-thumbnail","7":"category-etats-unis","8":"tag-actualites","9":"tag-etats-unis","10":"tag-etats-unis-damerique","11":"tag-news","12":"tag-parti-democrate","13":"tag-pentagone","14":"tag-united-states","15":"tag-united-states-of-america","16":"tag-us","17":"tag-usa"},"share_on_mastodon":{"url":"https:\/\/pubeurope.com\/@fr\/115609063047876786","error":""},"_links":{"self":[{"href":"https:\/\/www.europesays.com\/fr\/wp-json\/wp\/v2\/posts\/557078","targetHints":{"allow":["GET"]}}],"collection":[{"href":"https:\/\/www.europesays.com\/fr\/wp-json\/wp\/v2\/posts"}],"about":[{"href":"https:\/\/www.europesays.com\/fr\/wp-json\/wp\/v2\/types\/post"}],"author":[{"embeddable":true,"href":"https:\/\/www.europesays.com\/fr\/wp-json\/wp\/v2\/users\/2"}],"replies":[{"embeddable":true,"href":"https:\/\/www.europesays.com\/fr\/wp-json\/wp\/v2\/comments?post=557078"}],"version-history":[{"count":0,"href":"https:\/\/www.europesays.com\/fr\/wp-json\/wp\/v2\/posts\/557078\/revisions"}],"wp:featuredmedia":[{"embeddable":true,"href":"https:\/\/www.europesays.com\/fr\/wp-json\/wp\/v2\/media\/557079"}],"wp:attachment":[{"href":"https:\/\/www.europesays.com\/fr\/wp-json\/wp\/v2\/media?parent=557078"}],"wp:term":[{"taxonomy":"category","embeddable":true,"href":"https:\/\/www.europesays.com\/fr\/wp-json\/wp\/v2\/categories?post=557078"},{"taxonomy":"post_tag","embeddable":true,"href":"https:\/\/www.europesays.com\/fr\/wp-json\/wp\/v2\/tags?post=557078"}],"curies":[{"name":"wp","href":"https:\/\/api.w.org\/{rel}","templated":true}]}}