{"id":557082,"date":"2025-11-25T07:05:30","date_gmt":"2025-11-25T07:05:30","guid":{"rendered":"https:\/\/www.europesays.com\/fr\/557082\/"},"modified":"2025-11-25T07:05:30","modified_gmt":"2025-11-25T07:05:30","slug":"gment-en-allemagne-une-semaine-assiste-au-sommet-dasieberlin-et-jalin-city-cooperative","status":"publish","type":"post","link":"https:\/\/www.europesays.com\/fr\/557082\/","title":{"rendered":"gment en Allemagne une semaine, assiste au Sommet d&rsquo;AsieBerlin et Jalin City Cooperative"},"content":{"rendered":"<p>ARTA \u2013 Le gouverneur de Jakarta, Pramono Anung, s\u2019est rendu de travail en Allemagne du 22 au 30 novembre 2025. Le personnel sp\u00e9cial du gouverneur des affaires de communication sociales, Chico Hakim, a d\u00e9clar\u00e9 que le principal programme de cette visite \u00e9tait d\u2019assister au Sommet d\u2019AsieBerlin 2025 en tant que conf\u00e9rencier cl\u00e9 et de \u00e9tablir une diplomatie ville-\u00e0-muraine avec le gouvernement de Berlin.<\/p>\n<p>Chico a expliqu\u00e9 que cette visite apporte plusieurs mandats, allant du renforcement des r\u00e9seaux d\u2019innovation, de la coop\u00e9ration dans l\u2019\u00e9ducation professionnelle \u00e0 la colonie de collaboration dans le d\u00e9veloppement des villes intelligentes.<\/p>\n<p>Chico a d\u00e9clar\u00e9 aux journalistes mardi 25 novembre.<\/p>\n<p>al sur les trois objectifs de la visite de Pramono sont la diplomatie de la ville, la coop\u00e9ration professionnelle et l\u2019autonomisation du r\u00f4le de la diaspora indon\u00e9sienne en Allemagne. En outre, Pramono examinera \u00e9galement les innovations de la ville future li\u00e9es \u00e0 la mobilit\u00e9, \u00e0 l\u2019innovation verte num\u00e9rique et \u00e0 la ville intelligente.<\/p>\n<p>de l\u2019agenda central d\u00e9bute avec le petit d\u00e9jeuner VIP du sommet d\u2019AsieBerlin avec le gouverneur de Berlin. Cette r\u00e9union est la porte d\u2019entr\u00e9e pour les discussions sur la coop\u00e9ration strat\u00e9gique entre les deux villes dans les secteurs de l\u2019\u00e9conomie num\u00e9rique, des startups et de la politique urbaine.<\/p>\n<p>ronyme. \u00ab Cet \u00e9v\u00e9nement ouvre des contacts d\u00e9butants au niveau de direction et pr\u00e9pare la sc\u00e8ne pour la coop\u00e9ration strat\u00e9gique entre les deux villes dans l\u2019\u00e9cosyst\u00e8me d\u2019innovation. Le gouverneur de DKI Jakarta a \u00e9galement prononc\u00e9 un court discours \u00bb, a d\u00e9clar\u00e9 Chico.<\/p>\n<p>al, Pramono doit assister \u00e0 une r\u00e9union bilat\u00e9rale au Rotes Rthus. Les r\u00e9unions comprenaient la signature du livre d\u2019or, un \u00e9change de visites et des discussions sur la coop\u00e9ration en d\u00e9veloppement des villes, les transports en public et les initiatives socio-culturelles.<\/p>\n<p>prononc\u00e9 par la pr\u00e9sidence du sommet AsiaBerlin de 2025, Pramono s\u2019est pr\u00e9sent\u00e9 comme haut-parleur international. Le forum r\u00e9unit des dirigeants de l\u2019innovation de divers pays et est un \u00e9v\u00e9nement pour promouvoir l\u2019\u00e9cosyst\u00e8me technologique de Jakarta.<\/p>\n<p>r\u00e9nal. \u00ab Le gouverneur a t\u00e9moign\u00e9 \u00e0 l\u2019\u00e9quipe d\u2019AsieBerlin, puis a pass\u00e9 en revue le stand des pays participants, y compris l\u2019Indon\u00e9sie. Il s\u2019agit d\u2019un \u00e9v\u00e9nement pour promouvoir l\u2019\u00e9cosyst\u00e8me d\u2019innovation de Jakarta et des opportunit\u00e9s d\u2019investissement \u00bb, a-t-il d\u00e9clar\u00e9.<\/p>\n<p>prononcer une rencontre avec GIZ pour discuter de la coop\u00e9ration entre le futur city hub de Jakarta, de l\u2019innovation num\u00e9rique verte et du soutien technique pour Transjakarta. La r\u00e9union avec l\u2019Institut f\u00e9d\u00e9ral de l\u2019\u00e9ducation et de la formation professionnelle \u00e0 l\u2019ambassade d\u2019Indon\u00e9sie devrait \u00e9galement d\u00e9velopper le syst\u00e8me de localisation allemand.<\/p>\n<p>Pramono a ensuite rencontr\u00e9 des repr\u00e9sentants de l\u2019ambassade d\u2019Indon\u00e9sie \u00e0 Berlin pour \u00e9largir le r\u00e9seau de coop\u00e9ration Jakarta-Allemagne, en particulier dans le domaine de l\u2019\u00e9ducation et de la mobilit\u00e9. Le gouvernement local a \u00e9galement pr\u00e9par\u00e9 une s\u00e9ance de dialogue avec la diaspora \u00e0 Berlin concernant la contribution mondiale des talents \u00e0 Jakarta.<\/p>\n<p>en marge de la visite, Pramono a visit\u00e9 le centre de sant\u00e9 de Berlin pour \u00e9tudier l\u2019int\u00e9gration des syst\u00e8mes de transport intermodes. Le gouverneur devrait \u00e9galement donner un mot-cl\u00e9 lors du Good Times 2025 \u00e0 l\u2019ambassade d\u2019Indon\u00e9sie \u00e0 Berlin dans le cadre de la diplomatie publique.<\/p>\n<p>r\u00e9nal. \u00ab L\u2019agenda permettra \u00e0 Jakarta d\u2019apprendre le syst\u00e8me sup\u00e9rieur allemand, d\u2019explorer les opportunit\u00e9s de bourses et de formation, d\u2019ouvrir des opportunit\u00e9s de pilote pour des projets d\u2019\u00e9ducation professionnelle bas\u00e9s sur la technologie \u00e0 Jakarta \u00bb, a expliqu\u00e9 Chico.<\/p>\n<p>asiaBerlin Summit est un forum annuel r\u00e9uni les startups, les gouvernements, les investisseurs et les acteurs industriels d\u2019Asie et d\u2019Europe. Cette ann\u00e9e, l\u2019\u00e9v\u00e9nement a lieu du 24 au 28 novembre sur les th\u00e8mes de l\u2019innovation transcontinental, de la mobilit\u00e9, de la fintech, de la sant\u00e9 et de l\u2019industrie cr\u00e9ative.<\/p>\n<p>The English, Chinese, Japanese, Arabic, and French versions are automatically generated by the AI. So there may still be inaccuracies in translating, please always see Indonesian as our main language.<br \/>\n                                    (system supported by DigitalSiber.id)<\/p>\n","protected":false},"excerpt":{"rendered":"ARTA \u2013 Le gouverneur de Jakarta, Pramono Anung, s\u2019est rendu de travail en Allemagne du 22 au 30&hellip;\n","protected":false},"author":2,"featured_media":557083,"comment_status":"","ping_status":"","sticky":false,"template":"","format":"standard","meta":{"footnotes":""},"categories":[1587],"tags":[11,672,67459,1804,1805,1803,1777,674,1801,67460,12,1802,67461],"class_list":{"0":"post-557082","1":"post","2":"type-post","3":"status-publish","4":"format-standard","5":"has-post-thumbnail","7":"category-allemagne","8":"tag-actualites","9":"tag-allemagne","10":"tag-ar-pramono-anung","11":"tag-bundesrepublik-deutschland","12":"tag-de","13":"tag-deutschland","14":"tag-eu","15":"tag-europe","16":"tag-germany","17":"tag-gouverneur-de-jakarta","18":"tag-news","19":"tag-republique-federale-dallemagne","20":"tag-sest-rendu-de-travail-en-allemagne-du-22-au-30-novembre-2025"},"share_on_mastodon":{"url":"https:\/\/pubeurope.com\/@fr\/115609070806570636","error":""},"_links":{"self":[{"href":"https:\/\/www.europesays.com\/fr\/wp-json\/wp\/v2\/posts\/557082","targetHints":{"allow":["GET"]}}],"collection":[{"href":"https:\/\/www.europesays.com\/fr\/wp-json\/wp\/v2\/posts"}],"about":[{"href":"https:\/\/www.europesays.com\/fr\/wp-json\/wp\/v2\/types\/post"}],"author":[{"embeddable":true,"href":"https:\/\/www.europesays.com\/fr\/wp-json\/wp\/v2\/users\/2"}],"replies":[{"embeddable":true,"href":"https:\/\/www.europesays.com\/fr\/wp-json\/wp\/v2\/comments?post=557082"}],"version-history":[{"count":0,"href":"https:\/\/www.europesays.com\/fr\/wp-json\/wp\/v2\/posts\/557082\/revisions"}],"wp:featuredmedia":[{"embeddable":true,"href":"https:\/\/www.europesays.com\/fr\/wp-json\/wp\/v2\/media\/557083"}],"wp:attachment":[{"href":"https:\/\/www.europesays.com\/fr\/wp-json\/wp\/v2\/media?parent=557082"}],"wp:term":[{"taxonomy":"category","embeddable":true,"href":"https:\/\/www.europesays.com\/fr\/wp-json\/wp\/v2\/categories?post=557082"},{"taxonomy":"post_tag","embeddable":true,"href":"https:\/\/www.europesays.com\/fr\/wp-json\/wp\/v2\/tags?post=557082"}],"curies":[{"name":"wp","href":"https:\/\/api.w.org\/{rel}","templated":true}]}}