{"id":557084,"date":"2025-11-25T07:06:13","date_gmt":"2025-11-25T07:06:13","guid":{"rendered":"https:\/\/www.europesays.com\/fr\/557084\/"},"modified":"2025-11-25T07:06:13","modified_gmt":"2025-11-25T07:06:13","slug":"emmanuel-macron-reaffirme-la-menace-russe-sur-leurope","status":"publish","type":"post","link":"https:\/\/www.europesays.com\/fr\/557084\/","title":{"rendered":"Emmanuel Macron r\u00e9affirme la \u00ab menace \u00bb russe sur l\u2019Europe"},"content":{"rendered":"<p>Le chef de l&rsquo;\u00c9tat ne s&#8217;embarrasse pas de sous-entendus\u00a0: l&rsquo;ennemi, c&rsquo;est la Russie. Au micro de <a class=\"Link\" href=\"https:\/\/www.rtl.fr\/actu\/politique\/document-rtl-m6-nous-aurions-tort-d-etre-faibles-face-a-cette-menace-pour-emmanuel-macron-la-russie-mene-une-confrontation-strategique-avec-les-europeens-7900570802\" target=\"_blank\" title=\"\" data-gtm=\"click:capsule\" data-capsule=\"Lien\" rel=\"noopener\">RTL<\/a>, mardi 25\u00a0novembre, Emmanuel Macron a \u00e9t\u00e9 interrog\u00e9 sur la menace que constitue <a class=\"Link\" href=\"https:\/\/www.lepoint.fr\/tags\/vladimir-poutine\" data-gtm=\"click:capsule\" data-capsule=\"Lien\" target=\"_blank\" rel=\"noopener\">Vladimir Poutine<\/a>, \u00e9voquant la \u00ab\u00a0confrontation strat\u00e9gique\u00a0\u00bb ainsi que la confrontation strat\u00e9gique \u00ab\u00a0hybride\u00a0\u00bb men\u00e9e\u00a0par le Kremlin, \u00e9voquant \u00e9galement la \u00ab\u00a0guerre terrestre\u00a0\u00bb sur le sol europ\u00e9en.<\/p>\n<p>La newsletter politique<\/p>\n<p class=\"period\">Tous les lundis \u00e0 11h30<\/p>\n<p>Recevez en avant-premi\u00e8re les informations et analyses politiques de la r\u00e9daction du Point.<\/p>\n<p>Merci !<br \/>Votre inscription a bien \u00e9t\u00e9 prise en compte avec l&rsquo;adresse email :<\/p>\n<p>Pour d\u00e9couvrir toutes nos autres newsletters, rendez-vous ici : <a href=\"https:\/\/moncompte.lepoint.fr\/\" title=\"\" target=\"_blank\" rel=\"noopener\">MonCompte<\/a><\/p>\n<p>En vous inscrivant, vous acceptez les <a href=\"https:\/\/www.lepoint.fr\/html\/cgu\/\" title=\"Conditions g\u00e9n\u00e9rales d&#039;utilisation\" target=\"_blank\" rel=\"noopener\">conditions g\u00e9n\u00e9rales d\u2019utilisations<\/a> et notre <a href=\"https:\/\/www.lepoint.fr\/html\/politique-de-protection-donnees-personnelles\/\" title=\"Politique de confidentialit\u00e9\" target=\"_blank\" rel=\"noopener\">politique de confidentialit\u00e9<\/a>.<\/p>\n<p>La\u00a0Russie \u00ab\u00a0provoque par ses d\u00e9clarations sur le nucl\u00e9aire, m\u00e8ne des actions cyber, y compris en France, attaque nos h\u00f4pitaux, attaque nos syst\u00e8mes d&rsquo;information, m\u00e8ne une guerre informationnelle pour saper le moral, et m\u00e8ne ses provocations par l&rsquo;immigration, par les drones, et la guerre en Ukraine\u00a0\u00bb, a martel\u00e9 le pr\u00e9sident de la R\u00e9publique. Il a notamment \u00e9voqu\u00e9 les \u00ab\u00a0actions antis\u00e9mites\u00a0\u00bb et \u00ab\u00a0anti-musulmanes\u00a0\u00bb commises en France, ces derni\u00e8res ann\u00e9es, dont certaines sont soup\u00e7onn\u00e9es d&rsquo;avoir \u00e9t\u00e9 men\u00e9es par la Russie.<\/p>\n<p>\u00c0 LIRE AUSSI <strong class=\"strong\"><a href=\"https:\/\/www.lepoint.fr\/monde\/un-accord-historique-comment-paris-va-armer-kiev-pour-la-decennie-a-venir-17-11-2025-2603316_24.php\" title=\"\u00ab\u00a0Un accord historique\u00a0\u00bb\u00a0: comment Paris va armer Kiev pour la d\u00e9cennie \u00e0 venir\" style=\"text-decoration: none; color: inherit;\" data-gtm=\"click:capsule\" data-capsule=\"\u00c0 lire aussi\" target=\"_blank\" rel=\"noopener\">\u00ab\u00a0Un accord historique\u00a0\u00bb\u00a0: comment Paris va armer Kiev pour la d\u00e9cennie \u00e0 venir<\/a><\/strong>Rappelant que le pouvoir russe adopte une posture \u00ab\u00a0beaucoup plus agressive\u00a0\u00bb, met \u00ab\u00a0plus d&rsquo;un tiers de son budget\u00a0\u00bb dans sa d\u00e9fense, \u00ab\u00a0produit des sous-marins, des missiles, des tanks et elle finance des arm\u00e9es chez les tiers pour les envoyer sur le front ukrainien ou, demain, pour nous menacer\u00a0\u00bb, le chef des arm\u00e9es a appel\u00e9 \u00e0 une r\u00e9ponse \u00e0 la hauteur.<\/p>\n<p>\u00ab\u00a0Nous aurions tort d&rsquo;\u00eatre faibles face \u00e0 cette menace\u00a0\u00bb<\/p>\n<p>\u00ab\u00a0Si nous sommes faibles en Ukraine, si on dit \u201cce n&rsquo;est plus notre probl\u00e8me, au fond, ils sont tr\u00e8s loin\u201d\u2026 Ce jour-l\u00e0, vous donnez un signal de faiblesse. Le jour o\u00f9 vous donnez un signal de faiblesse \u00e0 la Russie, qui, au fond, depuis dix\u00a0ans, a fait un choix strat\u00e9gique, celui de redevenir une puissance imp\u00e9riale, d&rsquo;avancer partout o\u00f9 on est faible, elle va continuer d&rsquo;avancer\u00a0\u00bb, a pr\u00e9venu Emmanuel Macron.<\/p>\n<p>\u00ab\u00a0Nous aurions tort d&rsquo;\u00eatre <a class=\"Link\" href=\"https:\/\/www.lepoint.fr\/monde\/pierre-menat-l-europe-manque-d-agressivite-et-de-reflexion-strategique-25-11-2025-2603908_24.php\" title=\"\" data-gtm=\"click:capsule\" data-capsule=\"Lien\" target=\"_blank\" rel=\"noopener\">faibles face\u00a0\u00e0 cette menace<\/a>\u00a0\u00bb, a estim\u00e9 le pr\u00e9sident de la R\u00e9publique. \u00ab\u00a0Si nous voulons nous prot\u00e9ger, nous Fran\u00e7ais, ce qui est ma seule obsession, nous devons montrer que nous ne sommes pas faibles avec la puissance qui nous menace le plus.\u00a0\u00bb Le pr\u00e9sident de la R\u00e9publique, \u00e0 cette aune, a \u00e9voqu\u00e9 l&rsquo;\u00e9volution du Service national universel <a class=\"Link\" href=\"https:\/\/www.lepoint.fr\/politique\/dix-mois-et-jusqu-a-50-000-jeunes-par-an-les-contours-du-service-militaire-volontaire-souhaite-par-macron-24-11-2025-2603785_20.php\" title=\"\" data-gtm=\"click:capsule\" data-capsule=\"Lien\" target=\"_blank\" rel=\"noopener\">\u00ab\u00a0vers une nouvelle forme\u00a0\u00bb<\/a> et le renforcement du \u00ab\u00a0pacte arm\u00e9e-Nation\u00a0\u00bb.<\/p>\n<p>Mais, assure-t-il, \u00ab\u00a0il faut vraiment, en tout cas tout de suite, supprimer toute id\u00e9e confuse qui consisterait \u00e0 dire qu&rsquo;on va envoyer nos jeunes en Ukraine, ce n&rsquo;est pas du tout le sens de cette affaire\u00a0\u00bb. Le pr\u00e9sident de la R\u00e9publique avait d\u00e9j\u00e0 \u00e9voqu\u00e9 l&rsquo;id\u00e9e d&rsquo;un service volontaire en juillet, face \u00e0 une\u00a0Europe \u00ab\u00a0mise en danger\u00a0\u00bb par la \u00ab\u00a0menace durable\u00a0\u00bb de la Russie qui n\u00e9cessite \u00ab\u00a0une nation capable de tenir, d&rsquo;\u00eatre mobilis\u00e9e\u00a0\u00bb.<\/p>\n<p>Par cette prise de position, Emmanuel Macron s&rsquo;aligne avec le chef d&rsquo;\u00e9tat-major des arm\u00e9es, le g\u00e9n\u00e9ral Fabien Mandon. Mardi 18\u00a0novembre, celui-ci a pr\u00e9venu que \u00ab\u00a0malheureusement, la Russie aujourd&rsquo;hui, je le sais par les \u00e9l\u00e9ments auxquels j&rsquo;ai acc\u00e8s, se pr\u00e9pare \u00e0 une confrontation, \u00e0 l&rsquo;horizon\u00a02030\u00a0avec nos pays. Elle s&rsquo;organise pour \u00e7a, elle se pr\u00e9pare \u00e0 \u00e7a et elle est convaincue que son ennemi existentiel, c&rsquo;est l&rsquo;Otan, ce sont nos pays\u00a0\u00bb. Le pr\u00e9sident de la R\u00e9publique va se r\u00e9unir, ce mardi, avec la coalition des volontaires, alliance internationale de soutien \u00e0 l&rsquo;Ukraine.<\/p>\n<p>Toute l\u2019actualit\u00e9 \u00e0 1\u20ac le premier mois<\/p>\n<p><a href=\"https:\/\/abo.lepoint.fr\/?provenance=21EDI020098\" class=\"btn\" title=\"S&#039;abonner\" data-gtm=\"click:abo|display:abo\" data-campaign=\"paywall_maison\" target=\"_blank\" rel=\"noopener\">S&rsquo;abonner<\/a><\/p>\n<p>ou<\/p>\n","protected":false},"excerpt":{"rendered":"Le chef de l&rsquo;\u00c9tat ne s&#8217;embarrasse pas de sous-entendus\u00a0: l&rsquo;ennemi, c&rsquo;est la Russie. Au micro de RTL, mardi&hellip;\n","protected":false},"author":2,"featured_media":557085,"comment_status":"","ping_status":"","sticky":false,"template":"","format":"standard","meta":{"footnotes":""},"categories":[1586],"tags":[11,1073,1777,674,1011,27,12,25,135],"class_list":{"0":"post-557084","1":"post","2":"type-post","3":"status-publish","4":"format-standard","5":"has-post-thumbnail","7":"category-europe","8":"tag-actualites","9":"tag-emmanuel-macron","10":"tag-eu","11":"tag-europe","12":"tag-fr","13":"tag-france","14":"tag-news","15":"tag-republique-francaise","16":"tag-vladimir-poutine"},"share_on_mastodon":{"url":"https:\/\/pubeurope.com\/@fr\/115609074743903078","error":""},"_links":{"self":[{"href":"https:\/\/www.europesays.com\/fr\/wp-json\/wp\/v2\/posts\/557084","targetHints":{"allow":["GET"]}}],"collection":[{"href":"https:\/\/www.europesays.com\/fr\/wp-json\/wp\/v2\/posts"}],"about":[{"href":"https:\/\/www.europesays.com\/fr\/wp-json\/wp\/v2\/types\/post"}],"author":[{"embeddable":true,"href":"https:\/\/www.europesays.com\/fr\/wp-json\/wp\/v2\/users\/2"}],"replies":[{"embeddable":true,"href":"https:\/\/www.europesays.com\/fr\/wp-json\/wp\/v2\/comments?post=557084"}],"version-history":[{"count":0,"href":"https:\/\/www.europesays.com\/fr\/wp-json\/wp\/v2\/posts\/557084\/revisions"}],"wp:featuredmedia":[{"embeddable":true,"href":"https:\/\/www.europesays.com\/fr\/wp-json\/wp\/v2\/media\/557085"}],"wp:attachment":[{"href":"https:\/\/www.europesays.com\/fr\/wp-json\/wp\/v2\/media?parent=557084"}],"wp:term":[{"taxonomy":"category","embeddable":true,"href":"https:\/\/www.europesays.com\/fr\/wp-json\/wp\/v2\/categories?post=557084"},{"taxonomy":"post_tag","embeddable":true,"href":"https:\/\/www.europesays.com\/fr\/wp-json\/wp\/v2\/tags?post=557084"}],"curies":[{"name":"wp","href":"https:\/\/api.w.org\/{rel}","templated":true}]}}