{"id":557098,"date":"2025-11-25T07:18:12","date_gmt":"2025-11-25T07:18:12","guid":{"rendered":"https:\/\/www.europesays.com\/fr\/557098\/"},"modified":"2025-11-25T07:18:12","modified_gmt":"2025-11-25T07:18:12","slug":"timothe-gabriel-le-pic-de-forme-commence-a-arriver-actualite","status":"publish","type":"post","link":"https:\/\/www.europesays.com\/fr\/557098\/","title":{"rendered":"Timoth\u00e9 Gabriel : \u00ab Le pic de forme commence \u00e0 arriver \u00bb &#8211; Actualit\u00e9"},"content":{"rendered":"<p class=\"pf0\" style=\"text-align: justify;\"><strong><a href=\"https:\/\/www.directvelo.com\/coureur\/29349\/timothe-gabriel\" target=\"_blank\" rel=\"noopener\">Timoth\u00e9 Gabriel<\/a><\/strong>\u00a0n&rsquo;a pas eu la r\u00e9ussite avec lui, ce samedi, <strong><a href=\"https:\/\/www.directvelo.com\/actualite\/125512\/cyclo-cross-uci-de-gernelle-classements\" target=\"_blank\" rel=\"noopener\">\u00e0 <\/a><\/strong><strong><a href=\"https:\/\/www.directvelo.com\/actualite\/125512\/cyclo-cross-uci-de-gernelle-classements\" target=\"_blank\" rel=\"noopener\">Gernelle<\/a><\/strong>, sur le cyclo-cross UCI dont il est l&rsquo;organisateur. \u00ab\u00a0Il y a eu des al\u00e9as de course avec une crevaison et puis une chute. Une grosse chute m\u00eame, qui est arriv\u00e9e dans la descente qui \u00e9tait un peu verglac\u00e9e, et quand je commen\u00e7ais \u00e0 rentrer pour la 2e place\u00a0\u00bb. Pas d\u00e9\u00e7u pour autant, le coureur du Team CX TPM a trouv\u00e9 de tr\u00e8s bonnes sensations sur son terrain. \u00ab\u00a0La forme est l\u00e0 par rapport au week-end dernier, donc c&rsquo;est bien, le pic de forme commence \u00e0 arriver\u00a0\u00bb. Une forme montante qui s&rsquo;est confirm\u00e9e ce dimanche avec une victoire en r\u00e9gional, \u00e0 Rocroi.<\/p>\n<p>\u00c0 Gernelle, le plateau \u00e9tait bien s\u00fbr plus rude. \u00ab\u00a0Il y avait un gros plateau avec tous les Belges qui ne sont pas s\u00e9lectionn\u00e9s pour la Coupe du Monde. Mais ce sont des mecs qui peuvent faire Top 20 en Coupe du Monde, en tout cas les trois premiers\u00a0\u00bb. Timoth\u00e9 Gabriel a m\u00eame cru pouvoir battre Anton Ferdinande pour monter sur la troisi\u00e8me marche du podium. \u00ab\u00a0Je pensais le l\u00e2cher dans la bosse sur route. Au final, non. \u00c0 la sortie en haut de la bosse, il m&rsquo;a contr\u00e9. Il est pass\u00e9 en t\u00eate et je n&rsquo;ai pas pu le doubler. Vu que c&rsquo;\u00e9tait le dernier tour, il en remettait \u00e0 chaque fois\u00a0\u00bb.<\/p>\n<p>Le coureur est heureux, mais l&rsquo;organisateur qu&rsquo;il est aussi. \u00ab\u00a0Je suis satisfait parce qu&rsquo;il y a quand m\u00eame le stress et l&rsquo;organisation de la course. On n&rsquo;est pas \u00e0 100% sur le v\u00e9lo toute la semaine, donc on laisse du jus. L&rsquo;objectif \u00e9tait de faire podium, mais je suis super content quand m\u00eame\u00a0\u00bb. Avec une nouvelle fois de bons retours sur son \u00e9preuve, Timoth\u00e9 Gabriel va pouvoir mettre le cap sur Flamanville avec le sourire. \u00ab\u00a0Je n&rsquo;ai pas encore mon pic de forme \u00e0 100 %, mais je serai \u00e0 Flamanville, avec un objectif de Top 30. La semaine derni\u00e8re, \u00e0 la Coupe de France, si j&rsquo;avais eu la forme comme \u00e7a, c&rsquo;\u00e9tait Top 5 assur\u00e9\u00a0\u00bb, sourit-il. Rattrapage en Normandie, \u00e0 l&rsquo;\u00e9chelon sup\u00e9rieur.<\/p>\n","protected":false},"excerpt":{"rendered":"Timoth\u00e9 Gabriel\u00a0n&rsquo;a pas eu la r\u00e9ussite avec lui, ce samedi, \u00e0 Gernelle, sur le cyclo-cross UCI dont il&hellip;\n","protected":false},"author":2,"featured_media":557099,"comment_status":"","ping_status":"","sticky":false,"template":"","format":"standard","meta":{"footnotes":""},"categories":[1411],"tags":[834,828,836,829,837,827,83,826,824,823,1154,207,814,817,815,816,822,821,832,211,839,1011,27,820,818,819,835,831,830,833,838,60,212,208,825],"class_list":{"0":"post-557098","1":"post","2":"type-post","3":"status-publish","4":"format-standard","5":"has-post-thumbnail","7":"category-cyclisme","8":"tag-attaque","9":"tag-belgique","10":"tag-braquet","11":"tag-bretagne","12":"tag-chute","13":"tag-competition","14":"tag-coupe-de-france","15":"tag-coureur","16":"tag-course-cyclisme","17":"tag-course-cycliste","18":"tag-cycling","19":"tag-cyclisme","20":"tag-direct","21":"tag-direct-velo","22":"tag-directvelo","23":"tag-directvelo-com","24":"tag-epreuve","25":"tag-epreuve-cycliste","26":"tag-federation-francaise-de-cyclisme","27":"tag-ffc","28":"tag-flandres","29":"tag-fr","30":"tag-france","31":"tag-live","32":"tag-live-course","33":"tag-live-epreuve","34":"tag-peloton","35":"tag-radio-peloton","36":"tag-radio-tour","37":"tag-ravitaillement","38":"tag-relance","39":"tag-sports","40":"tag-uci","41":"tag-velo","42":"tag-velos"},"share_on_mastodon":{"url":"https:\/\/pubeurope.com\/@fr\/115609121843899623","error":""},"_links":{"self":[{"href":"https:\/\/www.europesays.com\/fr\/wp-json\/wp\/v2\/posts\/557098","targetHints":{"allow":["GET"]}}],"collection":[{"href":"https:\/\/www.europesays.com\/fr\/wp-json\/wp\/v2\/posts"}],"about":[{"href":"https:\/\/www.europesays.com\/fr\/wp-json\/wp\/v2\/types\/post"}],"author":[{"embeddable":true,"href":"https:\/\/www.europesays.com\/fr\/wp-json\/wp\/v2\/users\/2"}],"replies":[{"embeddable":true,"href":"https:\/\/www.europesays.com\/fr\/wp-json\/wp\/v2\/comments?post=557098"}],"version-history":[{"count":0,"href":"https:\/\/www.europesays.com\/fr\/wp-json\/wp\/v2\/posts\/557098\/revisions"}],"wp:featuredmedia":[{"embeddable":true,"href":"https:\/\/www.europesays.com\/fr\/wp-json\/wp\/v2\/media\/557099"}],"wp:attachment":[{"href":"https:\/\/www.europesays.com\/fr\/wp-json\/wp\/v2\/media?parent=557098"}],"wp:term":[{"taxonomy":"category","embeddable":true,"href":"https:\/\/www.europesays.com\/fr\/wp-json\/wp\/v2\/categories?post=557098"},{"taxonomy":"post_tag","embeddable":true,"href":"https:\/\/www.europesays.com\/fr\/wp-json\/wp\/v2\/tags?post=557098"}],"curies":[{"name":"wp","href":"https:\/\/api.w.org\/{rel}","templated":true}]}}