{"id":557104,"date":"2025-11-25T07:21:28","date_gmt":"2025-11-25T07:21:28","guid":{"rendered":"https:\/\/www.europesays.com\/fr\/557104\/"},"modified":"2025-11-25T07:21:28","modified_gmt":"2025-11-25T07:21:28","slug":"la-rocambolesque-histoire-des-trois-rembrandt-voles-au-musee-bonnat","status":"publish","type":"post","link":"https:\/\/www.europesays.com\/fr\/557104\/","title":{"rendered":"la rocambolesque histoire des trois Rembrandt vol\u00e9s au mus\u00e9e Bonnat"},"content":{"rendered":"<p>Le cartel r\u00e9sume l\u2019histoire rocambolesque, au bas de l\u2019\u0153uvre. \u00ab\u00a0Le 3\u00a0mars 1971, un homme d\u00e9robe au mus\u00e9e trois peintures dont \u2018\u2019Le Rabbin.\u00a0\u00bb Les deux autres sont aussi des Rembrandt\u00a0: \u00ab\u00a0La Descente de la croix\u00a0\u00bb et le \u00ab\u00a0Portrait de Jean Six\u00a0\u00bb. Toutes des acquisitions du peintre et collectionneur L\u00e9on Bonnat, expos\u00e9es dans l\u2019antre local des Beaux-Arts&#8230;<\/p>\n<p>Le cartel r\u00e9sume l\u2019histoire rocambolesque, au bas de l\u2019\u0153uvre. \u00ab\u00a0Le 3\u00a0mars 1971, un homme d\u00e9robe au mus\u00e9e trois peintures dont \u2018\u2019Le Rabbin.\u00a0\u00bb Les deux autres sont aussi des Rembrandt\u00a0: \u00ab\u00a0La Descente de la croix\u00a0\u00bb et le \u00ab\u00a0Portrait de Jean Six\u00a0\u00bb. Toutes des acquisitions du peintre et collectionneur L\u00e9on Bonnat, expos\u00e9es dans l\u2019antre local des Beaux-Arts.<\/p>\n<p>Les archives de l\u2019\u00e9poque abondent de d\u00e9tails sur le cambriolage. Ce matin-l\u00e0, le gardien s\u2019est fait porter p\u00e2le. Le voleur entre avec un billet d\u00fbment acquitt\u00e9, 2 francs. Dans son livre <a href=\"https:\/\/www.editions-koegui.fr\/newsletter\/lecteur\/le-musee-bonnat-helleu-un-vrai-roman.html\" target=\"_blank\" rel=\"nofollow noopener\">\u00ab\u00a0Le mus\u00e9e Bonnat-Helleu, un vrai roman\u00a0\u00bb<\/a> (1), Dominique de Saint-Pern d\u00e9peint \u00ab\u00a0un type v\u00eatu d\u2019un manteau ample, lunettes fum\u00e9es, gants\u00a0\u00bb. Il ressortira en marchant. Le surveillant reprend du service l\u2019apr\u00e8s-midi, ronde de routine et vertige devant le vide\u00a0: trois \u0153uvres manquent \u00e0 la galerie du premier \u00e9tage. Le conservateur, Paul Baz\u00e9, se pr\u00e9cipite. Il trouve les cadres des Rembrandt dissimul\u00e9s sous une banquette. La plus grosse des peintures ne mesure que 34\u00a0centim\u00e8tres par 24, le Lupin de Bonnat a s\u00e9par\u00e9 les toiles de leur ch\u00e2ssis pour les rouler sous sa gabardine.<\/p>\n<p>R\u00e9volver dans la poche<\/p>\n<p>Qui a fait le coup\u00a0? Dans \u00ab\u00a0Sud Ouest\u00a0\u00bb, Pierre Paret nomme Jacques P\u00e9rier, artiste peintre originaire de Biarritz interpell\u00e9 le 12\u00a0juillet par la police. \u00ab\u00a0On saura plus tard que l\u2019homme, avant d\u2019entrer au mus\u00e9e, avait aval\u00e9 trois calvas dans un bistrot du quartier\u00a0\u00bb, \u00e9crit le journaliste. P\u00e9rier niera le fric-frac, mais son complice dans cette affaire l\u2019accusera. Un certain Michael Jurgen Kloetzke, dit \u00ab\u00a0Mike\u00a0\u00bb, ressortissant allemand rencontr\u00e9 par l\u2019entremise d\u2019une myst\u00e9rieuse danseuse. Ce dernier est-il le cave \u00ab\u00a0amateur de bi\u00e8re et de marijuana\u00a0\u00bb d\u00e9crit par Dominique de Saint-Pern\u00a0? Ou le trafiquant international qui fera bient\u00f4t sa place parmi la p\u00e8gre canadienne\u00a0?<\/p>\n<p>C\u2019est lui qui r\u00e9cup\u00e8re les tableaux. Il aurait tent\u00e9 en vain de monnayer leur restitution aupr\u00e8s de la direction des Mus\u00e9es de France. Le jour o\u00f9 son camarade se fait pincer, Michael Jurgen Kloetzke a travers\u00e9 la fronti\u00e8re jusqu\u2019\u00e0 Francfort o\u00f9 il entre en contact sous le pseudonyme James Edward Paulsen avec la r\u00e9daction du \u00ab\u00a0Bild Zeitung\u00a0\u00bb. \u00ab\u00a0Herr Paulsen\u00a0\u00bb d\u00e9tient quelque chose qui peut int\u00e9resser le journal \u00e0 scandale extr\u00eamement populaire outre-Rhin\u2026<\/p>\n<blockquote><p>L\u2019un d\u2019eux a demand\u00e9 \u00e0 Paulsen ce qu\u2019il ferait s\u2019ils alertaient la police. Sans perdre son calme, l\u2019homme sortit un revolver de sa poche et le posa devant eux<\/p><\/blockquote>\n<p>Pierre Paret raconte une nouvelle sc\u00e8ne de polar. Sur un parking, le malfrat ouvre le coffre de sa voiture sur deux Rembrandt devant les journalistes. \u00ab\u00a0L\u2019un d\u2019eux a demand\u00e9 \u00e0 Paulsen ce qu\u2019il ferait s\u2019ils alertaient la police. Sans perdre son calme, l\u2019homme sortit un revolver de sa poche et le posa devant eux.\u00a0\u00bb Michael Jurgen Kloetzke, alias James Edward Paulsen, aurait voulu vendre le nom du voleur \u00e0 la presse. Les journalistes veulent des photos pour attester les faits. C\u2019est ce qu\u2019ils pr\u00e9textent pour un nouveau rendez-vous le lendemain, \u00e0 11\u00a0h\u00a030, o\u00f9 la \u00ab\u00a0polizei\u00a0\u00bb cerne le receleur.<\/p>\n<p>\u00c9vasion<\/p>\n<p>Les agents sauvent deux Rembrandt \u00ab\u00a0bayonnais\u00a0\u00bb\u00a0: \u00ab\u00a0La Descente de la croix\u00a0\u00bb et le \u00ab\u00a0Portrait de Jean Six\u00a0\u00bb. Bient\u00f4t, Paul Baz\u00e9 les raccrochera aux cimaises du mus\u00e9e Bonnat. Mais \u00ab\u00a0Le Rabbin\u00a0\u00bb, lui, ne refait pas surface. L\u2019aigrefin l\u2019a planqu\u00e9 sous la terre d\u2019un jardin amstellodamois. Le petit tableau \u00e9valu\u00e9 \u00e0 1\u00a0million de francs voyagera par les canaux occultes du banditisme international jusqu\u2019aux \u00c9tats-Unis.<\/p>\n<p>Ici, les r\u00e9cits diff\u00e8rent. \u00ab\u00a0Sud Ouest\u00a0\u00bb narre le transfert en France de Michael Jurgen Kloetzke. Les enqu\u00eateurs du commissariat de Bayonne veulent l\u2019interroger. Sur le chemin retour vers l\u2019Allemagne, \u00e0 Orly, le suspect se fait la belle. Avant de se rendre, selon la relation de l\u2019\u00e9pisode par Pierre Paret. Quarante ans plus tard, pas de reddition dans le r\u00e9cit du mus\u00e9e Bonnat-Helleu, qui envoie \u00ab\u00a0Mike\u00a0\u00bb en cavale \u00e0 Vancouver. C\u2019est l\u00e0 que des \u00ab\u00a0confr\u00e8res\u00a0\u00bb lui auraient \u00e0 leur tour d\u00e9rob\u00e9 \u00ab\u00a0Le Rabbin\u00a0\u00bb.<\/p>\n<p>Corruption<\/p>\n<p>Juin 1977, conf\u00e9rence de presse du FBI \u00e0 Buffalo. Le \u00ab\u00a0bureau\u00a0\u00bb annonce un joli coup de filet dans la mafia sicilienne de la ville frontali\u00e8re avec le Canada. \u00c9coutes, filatures, infiltrations\u00a0: la totale. Vingt-trois interpellations et du beau linge, sur fond de corruption. Richard Sacco, cadre de la police r\u00e9gionale va tomber. L\u2019affaire \u00e9clabousse James Arcadi, leader de la majorit\u00e9 d\u00e9mocrate de Buffalo. Le substitut du procureur f\u00e9d\u00e9ral, Richard Mancuso, est mouill\u00e9. Ils prot\u00e9geaient les petites affaires de la p\u00e8gre.<\/p>\n<blockquote><p>Le juge lui a demand\u00e9 comment il savait que \u2018\u2018Le Rabbin\u2019\u2019 \u00e9tait bien le tableau vol\u00e9 \u00e0 Bayonne. Mon p\u00e8re a r\u00e9pondu\u00a0: \u2018\u2018C\u2019est comme votre femme\u2019\u2019\u2026<\/p><\/blockquote>\n<p>Elle tenait boutique, au sens propre. \u00ab\u00a0Chez l\u2019un des meilleurs antiquaires de Buffalo\u00a0\u00bb, rapporte la presse. Le FBI envoie un repenti se porter acqu\u00e9reur d\u2019\u0153uvres vol\u00e9es et ferre trois gros poissons\u00a0: John A. Sartori, John J. Gandolfo, et Gennarino Fasolino seront condamn\u00e9s pour \u00ab\u00a0complot et trafic de marchandises vol\u00e9es et transport inter\u00e9tatique\u00a0\u00bb. Il est ici question du \u00ab\u00a0Rabbin\u00a0\u00bb, atterri dans l\u2019officine parmi un butin \u00e9valu\u00e9 \u00e0 500\u00a0000 dollars. Dont 200\u00a0000 pour le seul Rembrandt.<\/p>\n<p>Yves Baz\u00e9, le fil de Paul, se souvient du voyage de son p\u00e8re \u00e0 Buffalo. Les enqu\u00eateurs am\u00e9ricains veulent que le conservateur authentifie l\u2019\u0153uvre. \u00ab\u00a0Il a \u00e9t\u00e9 appel\u00e9 au proc\u00e8s de cette affaire. Le juge lui a demand\u00e9 comment il savait que \u2018\u2018Le Rabbin\u2019\u2019 \u00e9tait bien le tableau vol\u00e9 \u00e0 Bayonne. Mon p\u00e8re a r\u00e9pondu\u00a0: \u2018\u2018C\u2019est comme votre femme\u2026\u00a0\u00bb C\u2019\u00e9tait une boutade, mais elle a port\u00e9. Mon p\u00e8re l\u2019avait reconnu d\u2019embl\u00e9e.\u00a0\u00bb Paul Baz\u00e9 et le directeur r\u00e9gional du FBI ont sympathis\u00e9 et longtemps entretenu une correspondance. \u00ab\u00a0J\u2019ai encore des lettres de cette \u00e9poque.\u00a0\u00bb<\/p>\n<p>Marque Rembrandt<\/p>\n<p>\u00ab\u00a0Le Rabbin\u00a0\u00bb tient sa place dans <a href=\"https:\/\/www.sudouest.fr\/pyrenees-atlantiques\/bayonne\/pays-basque-rachida-dati-a-bayonne-mercredi-26-novembre-pour-la-reouverture-du-musee-bonnat-helleu-26816936.php\" target=\"_blank\" rel=\"follow noopener\">le parcours permanent du mus\u00e9e Bonnat-Helleu, qui rouvrira jeudi 27\u00a0novembre, apr\u00e8s 15\u00a0ans de travaux<\/a>. Devant le petit carr\u00e9 aux tons d\u2019ocres, le directeur de l\u2019institution Barth\u00e9l\u00e9my Etchegoyen-Glama montre la patte Rembrandt. \u00ab\u00a0Regardez la lumi\u00e8re qui vient sur le front du sujet. Ce d\u00e9p\u00f4t de peinture, cette \u00e9paisseur est caract\u00e9ristique.\u00a0\u00bb Le \u00ab\u00a0Rembrandt comity\u00a0\u00bb, autorit\u00e9 n\u00e9erlandaise qui d\u00e9livre toute attestation de \u00ab\u00a0rembrandit\u00e9\u00a0\u00bb, l\u2019attribue au peintre. \u00ab\u2019\u2019Attribu\u00e9 \u00e0 Rembrandt\u2019\u2019, c\u2019est le stade avant la signature Rembrandt (2). Cela veut dire qu\u2019il a encore un d\u00e9bat sur la contribution du ma\u00eetre.\u00a0\u00bb Jusqu\u2019o\u00f9 y a-t-il mis la main\u00a0?<\/p>\n<blockquote><p>Le Comit\u00e9 s\u2019est int\u00e9ress\u00e9 \u00e0 ce tableau parce qu\u2019il a \u00e9t\u00e9 vol\u00e9. Et il a \u00e9t\u00e9 vol\u00e9 pour sa valeur en tant que Rembrandt<\/p><\/blockquote>\n<p>Barth\u00e9l\u00e9my Etchegoyen-Glama rel\u00e8ve cette ironie\u00a0: \u00ab\u00a0Le Comit\u00e9 s\u2019est int\u00e9ress\u00e9 \u00e0 ce tableau parce qu\u2019il a \u00e9t\u00e9 vol\u00e9. Et il a \u00e9t\u00e9 vol\u00e9 pour sa valeur en tant que Rembrandt. Bonnat lui-m\u00eame l\u2019a achet\u00e9 parce que Rembrandt. Toute cette histoire parle de la marque Rembrandt.\u00a0\u00bb Et de la construction d\u2019une \u00e9conomie.<\/p>\n","protected":false},"excerpt":{"rendered":"Le cartel r\u00e9sume l\u2019histoire rocambolesque, au bas de l\u2019\u0153uvre. \u00ab\u00a0Le 3\u00a0mars 1971, un homme d\u00e9robe au mus\u00e9e trois&hellip;\n","protected":false},"author":2,"featured_media":557105,"comment_status":"","ping_status":"","sticky":false,"template":"","format":"standard","meta":{"footnotes":""},"categories":[1358],"tags":[1348,1384,1385,1386,58,59,1011,27],"class_list":{"0":"post-557104","1":"post","2":"type-post","3":"status-publish","4":"format-standard","5":"has-post-thumbnail","7":"category-arts-et-design","8":"tag-arts","9":"tag-arts-and-design","10":"tag-arts-et-design","11":"tag-design","12":"tag-divertissement","13":"tag-entertainment","14":"tag-fr","15":"tag-france"},"share_on_mastodon":{"url":"https:\/\/pubeurope.com\/@fr\/115609133606521157","error":""},"_links":{"self":[{"href":"https:\/\/www.europesays.com\/fr\/wp-json\/wp\/v2\/posts\/557104","targetHints":{"allow":["GET"]}}],"collection":[{"href":"https:\/\/www.europesays.com\/fr\/wp-json\/wp\/v2\/posts"}],"about":[{"href":"https:\/\/www.europesays.com\/fr\/wp-json\/wp\/v2\/types\/post"}],"author":[{"embeddable":true,"href":"https:\/\/www.europesays.com\/fr\/wp-json\/wp\/v2\/users\/2"}],"replies":[{"embeddable":true,"href":"https:\/\/www.europesays.com\/fr\/wp-json\/wp\/v2\/comments?post=557104"}],"version-history":[{"count":0,"href":"https:\/\/www.europesays.com\/fr\/wp-json\/wp\/v2\/posts\/557104\/revisions"}],"wp:featuredmedia":[{"embeddable":true,"href":"https:\/\/www.europesays.com\/fr\/wp-json\/wp\/v2\/media\/557105"}],"wp:attachment":[{"href":"https:\/\/www.europesays.com\/fr\/wp-json\/wp\/v2\/media?parent=557104"}],"wp:term":[{"taxonomy":"category","embeddable":true,"href":"https:\/\/www.europesays.com\/fr\/wp-json\/wp\/v2\/categories?post=557104"},{"taxonomy":"post_tag","embeddable":true,"href":"https:\/\/www.europesays.com\/fr\/wp-json\/wp\/v2\/tags?post=557104"}],"curies":[{"name":"wp","href":"https:\/\/api.w.org\/{rel}","templated":true}]}}