{"id":557106,"date":"2025-11-25T07:23:19","date_gmt":"2025-11-25T07:23:19","guid":{"rendered":"https:\/\/www.europesays.com\/fr\/557106\/"},"modified":"2025-11-25T07:23:19","modified_gmt":"2025-11-25T07:23:19","slug":"les-danseurs-de-firminy-sont-en-quart-de-finale-ce-mardi-soir","status":"publish","type":"post","link":"https:\/\/www.europesays.com\/fr\/557106\/","title":{"rendered":"les danseurs de Firminy sont en quart de finale ce mardi soir"},"content":{"rendered":"<p>Le 4\u00a0novembre, les danseurs d\u2019\u00c0 Pas de velours ont re\u00e7u une pluie de louanges de la part des jur\u00e9s de La France a un incroyable talent (M6).<\/p>\n<p>Marianne James, \u00c9ric Antoine, Sugar Sammy et H\u00e9l\u00e8ne S\u00e9gara ont \u00e9t\u00e9 litt\u00e9ralement s\u00e9duits par les artistes amateurs appelous qui venaient de leur proposer un tableau inspir\u00e9 du long-m\u00e9trage Psychose (1960) d\u2019Alfred Hitchcock et de sa bande originale sign\u00e9e Bernard Herrmann.<\/p>\n<p>  \u00ab\u00a0Depuis notre passage \u00e0 la t\u00e9l\u00e9, il y a une vraie \u00e9mulsion dans toute l\u2019\u00e9cole\u00a0\u00bb<\/p>\n<p>Une performance qui a permis \u00e0 la compagnie lig\u00e9rienne de <a href=\"https:\/\/www.leprogres.fr\/societe\/2025\/11\/05\/la-france-a-un-incroyable-talent-les-jeunes-danseurs-de-firminy-en-quarts-de-finale\" target=\"_blank\" rel=\"noopener\">se qualifier pour les quarts de finale<\/a> de la 20e saison de l\u2019\u00e9mission. Mais pas que. \u00ab\u00a0Il s\u2019est pass\u00e9 quelque chose d\u2019incroyable\u00a0: depuis notre passage \u00e0 la t\u00e9l\u00e9, il y a une vraie \u00e9mulsion dans toute l\u2019\u00e9cole, se r\u00e9jouit Elsa Gonon, directrice du Centre de Danse VBEG \u00e0 Firminy (200 \u00e9l\u00e8ves), \u00e0 laquelle \u00c0 Pas de Velours est rattach\u00e9e (1). Les plus jeunes, les ados, les parents\u2026 Tout le monde est venu nous acclamer et nous f\u00e9liciter. Depuis, il y a aussi pas mal de prestataires qui nous contactent pour qu\u2019on puisse rejouer la pi\u00e8ce.\u00a0\u00bb<\/p>\n<p>Des retomb\u00e9es tr\u00e8s positives et un deuxi\u00e8me passage pr\u00e9vu ce mardi sur M6 (2) avec l\u2019espoir d\u2019acc\u00e9der aux demi-finales du programme pr\u00e9sent\u00e9 par <a href=\"https:\/\/www.leprogres.fr\/p\/karine-le-marchand\" target=\"_blank\" rel=\"noopener\">Karine Le Marchand<\/a>.<\/p>\n<p>  Direction l\u2019Ouest am\u00e9ricain<\/p>\n<p>Pour tenter de passer l\u2019obstacle, la vingtaine de danseurs \u00e2g\u00e9s de 10 \u00e0 25 ans va d\u00e9laisser l\u2019atmosph\u00e8re hitchcockienne et rendre hommage \u00e0 l\u2019univers de Sergio Leone. \u00c0 Pas de velours a choisi un tableau sur le th\u00e8me du film Le Bon, la Brute et le Truand (1966) et de la bande originale d\u2019<a href=\"https:\/\/www.leprogres.fr\/societe\/2020\/07\/06\/le-celebre-musicien-italien-ennio-morricone-est-decede\" target=\"_blank\" rel=\"noopener\">Ennio Morricone<\/a>. Intitul\u00e9e West, cette pi\u00e8ce chor\u00e9graphique a \u00e9t\u00e9 imagin\u00e9e en 2024 par la chor\u00e9graphe de la compagnie Clara Billard\u00a0: \u00ab\u00a0Elle dure 45 minutes \u00e0 la base. Nous l\u2019avons remani\u00e9e et la version t\u00e9l\u00e9 fait deux minutes et demie\u00a0\u00bb, d\u00e9taille Elsa Gonon.<\/p>\n<p>Pour recr\u00e9er l\u2019ambiance autour de l\u2019un des plus mythiques westerns spaghettis jamais r\u00e9alis\u00e9s, le collectif de danse a fait appel \u00e0 Audrey Hernando et Mohamed Mansouri, deux parents d\u2019\u00e9l\u00e8ves, sp\u00e9cialis\u00e9s dans la conception des d\u00e9cors\u00a0: \u00ab Ils nous avaient d\u00e9j\u00e0 fabriqu\u00e9 le mur qui a<a href=\"https:\/\/www.leprogres.fr\/societe\/2025\/11\/03\/la-france-a-un-incroyable-talent-les-danseurs-de-la-compagnie-a-pas-de-velours-sur-m6-ce-mardi-soir\" target=\"_blank\" rel=\"noopener\">ccompagnait notre chor\u00e9graphie de Psychose<\/a>. Pour West, le d\u00e9cor est beaucoup plus abstrait. On aura des modules m\u00e9talliques se d\u00e9pla\u00e7ant dans l\u2019espace. Mais il y a quand m\u00eame un vrai lien avec l\u2019Ouest am\u00e9ricain\u00a0: ils peuvent faire penser aux rochers de Monument Valley.\u00a0\u00bb<\/p>\n<p>  \u00ab\u00a0Des journ\u00e9es de 6 heures de r\u00e9p\u00e9tition\u00a0\u00bb<\/p>\n<p>Les vingt jeunes \u00e9l\u00e8ves ont travaill\u00e9 dur pour pr\u00e9parer ce nouvel \u00e9pisode de \u00ab\u00a0La France a un incroyable talent\u00a0\u00bb enregistr\u00e9e il y a quinze jours\u00a0: \u00ab\u00a0Ils sont des danseurs amateurs mais avec un rythme de travail calqu\u00e9 sur celui des professionnels, explique Elsa Gonon. Les enfants et ados font plus de 10 heures de danse par semaine et \u00e7a peut monter jusqu\u2018\u00e0 15 heures. Ce tableau demand\u00e9 pour l\u2019\u00e9mission a n\u00e9cessit\u00e9 des journ\u00e9es de 6 heures de r\u00e9p\u00e9tition.\u00a0\u00bb<\/p>\n<p>Ce travail suffira-t-il \u00e0 s\u00e9duire \u00e0 nouveau le jury mardi soir\u00a0? R\u00e9ponse \u00e0 partir de 21\u00a0h\u00a010 sur M6.<\/p>\n<p class=\"note\">(1) Le Centre de Danse VBEG est situ\u00e9 au 111, rue Jean-Jaur\u00e8s \u00e0 Firminy. Renseignements au 06.79.70.54.92.<\/p>\n<p class=\"note\">(2) \u00ab\u00a0La France a un incroyable talent\u00a0\u00bb, mardi 25\u00a0novembre, \u00e0 21\u00a0h\u00a010, sur M6.<\/p>\n","protected":false},"excerpt":{"rendered":"Le 4\u00a0novembre, les danseurs d\u2019\u00c0 Pas de velours ont re\u00e7u une pluie de louanges de la part des&hellip;\n","protected":false},"author":2,"featured_media":557107,"comment_status":"","ping_status":"","sticky":false,"template":"","format":"standard","meta":{"footnotes":""},"categories":[1356],"tags":[1687,58,7539,59,107,10282,10283,1011,27,3367,104,252,2205,1364],"class_list":{"0":"post-557106","1":"post","2":"type-post","3":"status-publish","4":"format-standard","5":"has-post-thumbnail","7":"category-television","8":"tag-culture-loisirs","9":"tag-divertissement","10":"tag-edition-loire-sud","11":"tag-entertainment","12":"tag-fil-info","13":"tag-firminy","14":"tag-firminy-ville","15":"tag-fr","16":"tag-france","17":"tag-loire","18":"tag-societe","19":"tag-television","20":"tag-television-medias","21":"tag-tv"},"share_on_mastodon":{"url":"https:\/\/pubeurope.com\/@fr\/115609141547463287","error":""},"_links":{"self":[{"href":"https:\/\/www.europesays.com\/fr\/wp-json\/wp\/v2\/posts\/557106","targetHints":{"allow":["GET"]}}],"collection":[{"href":"https:\/\/www.europesays.com\/fr\/wp-json\/wp\/v2\/posts"}],"about":[{"href":"https:\/\/www.europesays.com\/fr\/wp-json\/wp\/v2\/types\/post"}],"author":[{"embeddable":true,"href":"https:\/\/www.europesays.com\/fr\/wp-json\/wp\/v2\/users\/2"}],"replies":[{"embeddable":true,"href":"https:\/\/www.europesays.com\/fr\/wp-json\/wp\/v2\/comments?post=557106"}],"version-history":[{"count":0,"href":"https:\/\/www.europesays.com\/fr\/wp-json\/wp\/v2\/posts\/557106\/revisions"}],"wp:featuredmedia":[{"embeddable":true,"href":"https:\/\/www.europesays.com\/fr\/wp-json\/wp\/v2\/media\/557107"}],"wp:attachment":[{"href":"https:\/\/www.europesays.com\/fr\/wp-json\/wp\/v2\/media?parent=557106"}],"wp:term":[{"taxonomy":"category","embeddable":true,"href":"https:\/\/www.europesays.com\/fr\/wp-json\/wp\/v2\/categories?post=557106"},{"taxonomy":"post_tag","embeddable":true,"href":"https:\/\/www.europesays.com\/fr\/wp-json\/wp\/v2\/tags?post=557106"}],"curies":[{"name":"wp","href":"https:\/\/api.w.org\/{rel}","templated":true}]}}