{"id":557110,"date":"2025-11-25T07:25:12","date_gmt":"2025-11-25T07:25:12","guid":{"rendered":"https:\/\/www.europesays.com\/fr\/557110\/"},"modified":"2025-11-25T07:25:12","modified_gmt":"2025-11-25T07:25:12","slug":"execution-arrive-au-cinema-tres-bientot-les-fans-exultent","status":"publish","type":"post","link":"https:\/\/www.europesays.com\/fr\/557110\/","title":{"rendered":"Execution arrive au cin\u00e9ma tr\u00e8s bient\u00f4t, les fans exultent !"},"content":{"rendered":"<p>L\u2019annonce de la sortie de <strong>Jujutsu Kaisen : Execution<\/strong> a plong\u00e9 le public en \u00e9bullition. Pr\u00e9vu les <strong>6 et 7 d\u00e9cembre 2025<\/strong> dans les salles fran\u00e7aises, ce nouveau long m\u00e9trage de la franchise <strong>Jujutsu Kaisen<\/strong> s\u2019impose d\u00e9j\u00e0 comme l\u2019un des \u00e9v\u00e9nements incontournables de cette fin d\u2019ann\u00e9e pour tous les amateurs d\u2019animation japonaise et de sh\u00f4nen \u00e0 grand spectacle.<\/p>\n<p>Un arc d\u00e9cisif adapt\u00e9 au cin\u00e9ma<\/p>\n<p>Ce film d\u2019action, d\u2019<strong>horreur et d\u2019animation sign\u00e9 Shouta Goshozono<\/strong> adapte les \u00e9pisodes majeurs de l\u2019arc \u00ab\u00a0Incident de Shibuya\u00a0\u00bb, v\u00e9ritable sommet dramatique et visuel de la s\u00e9rie, dans lequel Yuji, Satoru Gojo et leurs alli\u00e9s se confrontent \u00e0 une menace surnaturelle d\u2019ampleur in\u00e9gal\u00e9e.<\/p>\n<p>Le sc\u00e9nario orchestr\u00e9 par Hiroshi Seko promet une tension explosive : un Rideau magique s\u2019abat sur Shibuya durant la nuit d\u2019Halloween et des milliers de civils se retrouvent pi\u00e9g\u00e9s \u00e0 l\u2019int\u00e9rieur. Satoru Gojo, le plus puissant exorciste, affronte un pi\u00e8ge tendu par les fl\u00e9aux et finit scell\u00e9 dans une relique, tandis que Yuji Itadori et ses amis se livrent \u00e0 des combats spectaculaires pour sauver la ville.<\/p>\n<p>\u00c0 travers ces rebondissements, le film r\u00e9v\u00e8le l\u2019\u00e9tendue du plan machiav\u00e9lique de Noritoshi Kamo, ennemi jur\u00e9 des exorcistes. Les enjeux n\u2019ont jamais \u00e9t\u00e9 aussi \u00e9lev\u00e9s, avec un affrontement d\u00e9chirant entre Yuji et Y\u00fbta Okkotsu, charg\u00e9 d\u2019ex\u00e9cuter son camarade pour des crimes suppos\u00e9s. Cette traque meurtri\u00e8re pr\u00e9cipite les personnages vers des batailles d\u2019une violence \u00e9motionnelle et physique redoutable.<\/p>\n<p>Un pont entre la fin de saison 2 et la saison 3<\/p>\n<p>Jujutsu Kaisen : Execution ne se contente pas de compiler le climax de l\u2019arc Shibuya. Il propose \u00e9galement en avant-premi\u00e8re les premiers \u00e9pisodes de la saison 3 intitul\u00e9s \u00ab\u00a0D\u00e9but de la Traque Meurtri\u00e8re\u00a0\u00bb, o\u00f9 Yuji devient la cible de Yuta Okkotsu. Pour les fans, ce film fait office de transition explosive et permet d\u2019entrevoir l\u2019avenir de la licence, alors que l\u2019anime continuera en 2026 avec une troisi\u00e8me saison tr\u00e8s attendue.<\/p>\n<\/p>\n<p>Production et casting<\/p>\n<p>R\u00e9alis\u00e9 par Shouta Goshozono et produit par le studio MAPPA, le film b\u00e9n\u00e9ficie d\u2019une direction artistique de tr\u00e8s haut niveau. L\u2019\u00e9quipe conserve le casting vocal d\u2019origine avec Junya Enoki, Yuma Uchida et Asami Seto, assurant la continuit\u00e9 et l\u2019\u00e9motion de la s\u00e9rie.<\/p>\n<p>MAPPA, connu pour son travail exceptionnel sur la s\u00e9rie et d\u2019autres titres \u00e0 succ\u00e8s, a mis\u00e9 sur des s\u00e9quences in\u00e9dites et l\u2019intensification des sc\u00e8nes-cl\u00e9s pour captiver aussi bien les connaisseurs que les novices.<\/p>\n<p>Une sortie \u00e9v\u00e9nementielle et attendue<\/p>\n<p>L\u2019engouement pour cette sortie ne se limite pas au Japon : en France, le film sera diffus\u00e9 en exclusivit\u00e9 dans les principales salles le week-end du 6 et 7 d\u00e9cembre lors d\u2019\u00e9v\u00e9nements sp\u00e9ciaux, avec des s\u00e9ances en VOSTFR et VF selon les cin\u00e9mas.<\/p>\n<p>Les r\u00e9seaux sociaux, forums et sites de cin\u00e9ma regorgent d\u00e9j\u00e0 de r\u00e9actions enthousiastes : les fans saluent la fid\u00e9lit\u00e9 \u00e0 l\u2019\u0153uvre originale, la qualit\u00e9 de l\u2019animation, et l\u2019intensit\u00e9 des combats. Les pr\u00e9ventes de billets affichent des taux de r\u00e9servation record, bien avant l\u2019arriv\u00e9e du film en salle.<\/p>\n<p>Pourquoi tout le monde attend Jujutsu Kaisen : Execution ?<\/p>\n<p>La s\u00e9rie Jujutsu Kaisen est devenue un ph\u00e9nom\u00e8ne mondial : manga le plus vendu au Japon en 2021, 2022 et 2024, et l\u2019anime class\u00e9 parmi les productions les plus regard\u00e9es sur Crunchyroll et Netflix.<\/p>\n<p>Ce film s\u2019inscrit dans cette dynamique, condensant l\u2019\u00e9nergie d\u00e9vastatrice de la licence, son bestiaire fascinant, ses antagonistes charismatiques et ses h\u00e9ros tourment\u00e9s. Il pose la question du destin, du sacrifice, et de l\u2019amiti\u00e9, valeurs centrales de la saga.<\/p>\n<p>Ce que promet le film aux spectateurs<\/p>\n<p>L\u2019exp\u00e9rience sera totale : action explosive, tension psychologique, \u00e9motions \u00e0 fleur de peau et moments d\u2019animation m\u00e9morables. Jujutsu Kaisen : Execution vise l\u2019immersion cin\u00e9matographique \u00e0 grande \u00e9chelle avec efectos visuels sublimes, chor\u00e9graphies de combat fluides et une bande son tranchante.<\/p>\n<p>De nombreux spectateurs attendent d\u2019en savoir plus sur le sort de Gojo, la mont\u00e9e en puissance de Yuji, et le face-\u00e0-face entre Yuta et Yuji : ce sont les promesses fortes au c\u0153ur du film.<\/p>\n<p>Un triomphe annonc\u00e9 pour la pop culture anime<\/p>\n<p>Tout indique que <strong>Jujutsu Kaisen : Execution<\/strong> sera le grand film d\u2019animation\/manga de cette fin d\u2019ann\u00e9e 2025. Sa sortie mondiale, la mobilisation de la fanbase, l\u2019investissement technique et artistique du studio, ainsi que le sc\u00e9nario haletant s\u2019appr\u00eatent \u00e0 marquer l\u2019histoire de la licence, et pourra peut-\u00eatre battre les records titanesques du film <a href=\"https:\/\/worldofgeek.fr\/demon-slayer-la-forteresse-infinie\/\" target=\"_blank\" rel=\"noopener\">Demon Slayer<\/a> la forteresse infinie.<\/p>\n<p>Le film saura sans doute s\u00e9duire nouveaux spectateurs, et amorcer la suite d\u2019un ph\u00e9nom\u00e8ne qui ne cesse de grandir. Pour les passionn\u00e9s, l\u2019attente touche \u00e0 son terme : le rideau va bient\u00f4t se lever sur l\u2019<strong>arc le plus sombre et explosif de Jujutsu Kaisen<\/strong> .<\/p>\n","protected":false},"excerpt":{"rendered":"L\u2019annonce de la sortie de Jujutsu Kaisen : Execution a plong\u00e9 le public en \u00e9bullition. Pr\u00e9vu les 6&hellip;\n","protected":false},"author":2,"featured_media":557111,"comment_status":"","ping_status":"","sticky":false,"template":"","format":"standard","meta":{"footnotes":""},"categories":[1354],"tags":[58,59,1346,1011,27,1360],"class_list":{"0":"post-557110","1":"post","2":"type-post","3":"status-publish","4":"format-standard","5":"has-post-thumbnail","7":"category-films","8":"tag-divertissement","9":"tag-entertainment","10":"tag-films","11":"tag-fr","12":"tag-france","13":"tag-movies"},"share_on_mastodon":{"url":"https:\/\/pubeurope.com\/@fr\/115609149441411483","error":""},"_links":{"self":[{"href":"https:\/\/www.europesays.com\/fr\/wp-json\/wp\/v2\/posts\/557110","targetHints":{"allow":["GET"]}}],"collection":[{"href":"https:\/\/www.europesays.com\/fr\/wp-json\/wp\/v2\/posts"}],"about":[{"href":"https:\/\/www.europesays.com\/fr\/wp-json\/wp\/v2\/types\/post"}],"author":[{"embeddable":true,"href":"https:\/\/www.europesays.com\/fr\/wp-json\/wp\/v2\/users\/2"}],"replies":[{"embeddable":true,"href":"https:\/\/www.europesays.com\/fr\/wp-json\/wp\/v2\/comments?post=557110"}],"version-history":[{"count":0,"href":"https:\/\/www.europesays.com\/fr\/wp-json\/wp\/v2\/posts\/557110\/revisions"}],"wp:featuredmedia":[{"embeddable":true,"href":"https:\/\/www.europesays.com\/fr\/wp-json\/wp\/v2\/media\/557111"}],"wp:attachment":[{"href":"https:\/\/www.europesays.com\/fr\/wp-json\/wp\/v2\/media?parent=557110"}],"wp:term":[{"taxonomy":"category","embeddable":true,"href":"https:\/\/www.europesays.com\/fr\/wp-json\/wp\/v2\/categories?post=557110"},{"taxonomy":"post_tag","embeddable":true,"href":"https:\/\/www.europesays.com\/fr\/wp-json\/wp\/v2\/tags?post=557110"}],"curies":[{"name":"wp","href":"https:\/\/api.w.org\/{rel}","templated":true}]}}