{"id":557116,"date":"2025-11-25T07:28:20","date_gmt":"2025-11-25T07:28:20","guid":{"rendered":"https:\/\/www.europesays.com\/fr\/557116\/"},"modified":"2025-11-25T07:28:20","modified_gmt":"2025-11-25T07:28:20","slug":"dans-lamour-est-dans-le-pre-pierrick-raconte-avoir-ete-manipule-m6-prend-une-decision-radicale","status":"publish","type":"post","link":"https:\/\/www.europesays.com\/fr\/557116\/","title":{"rendered":"Dans \u00ab\u00a0L\u2019Amour est dans le pr\u00e9\u00a0\u00bb, Pierrick raconte avoir \u00e9t\u00e9 \u00ab\u00a0manipul\u00e9\u00a0\u00bb, M6 prend une d\u00e9cision radicale"},"content":{"rendered":"<p>        <img decoding=\"async\" loading=\"lazy\" src=\"https:\/\/www.europesays.com\/fr\/wp-content\/uploads\/2025\/11\/d620cd6_upload-1-sydkqtsshmpe-capture-d-ecran-2025-11-24-235205.png\"  width=\"728\" height=\"410\" alt=\"Dans la premi\u00e8re partie du bilan de L\u2019Amour est dans le pr\u00e9 saison 20, diffus\u00e9e ce lundi 24\u00a0novembre sur M6, l\u2019agriculteur Pierrick a estim\u00e9 avoir \u00e9t\u00e9 manipul\u00e9 par sa pr\u00e9tendante Livie.\"\/>  <\/p>\n<p>M6<\/p>\n<p>Dans la premi\u00e8re partie du bilan de L\u2019Amour est dans le pr\u00e9 saison 20, diffus\u00e9e ce lundi 24\u00a0novembre sur M6, l\u2019agriculteur Pierrick a estim\u00e9 avoir \u00e9t\u00e9 manipul\u00e9 par sa pr\u00e9tendante Livie.<\/p>\n<p class=\"asset asset-text\">\u00ab\u00a0Elle s\u2019est servie de moi\u00a0\u00bb. Dans la premi\u00e8re partie du bilan de<a href=\"https:\/\/www.huffingtonpost.fr\/divertissement\/article\/dans-l-amour-est-dans-le-pre-ce-pique-nique-salon-insolite-amuse-et-inspire-les-telespectateurs_256736.html\" target=\"_blank\" rel=\"noopener\"> L\u2019Amour est dans le pr\u00e9<\/a> saison 20, diffus\u00e9e ce lundi 24\u00a0novembre au soir sur M6, <a href=\"https:\/\/www.huffingtonpost.fr\/divertissement\/article\/l-amour-est-dans-le-pre-sur-m6-qui-sont-les-agriculteurs-de-la-saison-20-clx2_244752.html\" target=\"_blank\" rel=\"noopener\">l\u2019agriculteur Pierrick<\/a> a estim\u00e9 avoir \u00e9t\u00e9 manipul\u00e9 par sa pr\u00e9tendante Livie. Face \u00e0 cette situation difficile pour\u00a0l\u2019\u00e9leveur de vaches laiti\u00e8res et de volailles, M6\u00a0a choisi de ne pas diffuser certaines s\u00e9quences de la fin de l\u2019idylle entre les deux candidats.<\/p>\n<p class=\"asset asset-text\">Pierrick raconte que tout avait pourtant bien commenc\u00e9 apr\u00e8s le d\u00e9part de la ferme de son autre pr\u00e9tendante, Val\u00e9rie, et il pensait pouvoir construire une belle relation avec Livie. \u00ab\u00a0[On \u00e9tait] toute la journ\u00e9e main dans la main, des bisous et tout\u00a0\u00bb, pr\u00e9cise le Breton de 62\u00a0ans.<\/p>\n<p class=\"asset asset-text\">Mais lorsque Livie l\u2019invite \u00e0 passer quelques jours chez elle, l\u2019ambiance change du tout au tout. Une fois les \u00ab\u00a0cam\u00e9ras parties\u00a0\u00bb, l\u2019agriculteur affirme que la Suissesse le repousse et lui demande de \u00ab\u00a0dormir sur le canap\u00e9\u00a0\u00bb. D\u2019abord incr\u00e9dule face \u00e0 ce comportement changeant, Pierrick croit d\u00e9sormais comprendre les raisons du man\u00e8ge de Livie\u00a0: elle l\u2019aurait \u00ab\u00a0utilis\u00e9\u00a0\u00bb pour rendre son ex-compagnon jaloux, <strong>comme il l\u2019explique dans la s\u00e9quence ci-dessous.<\/strong><\/p>\n<p> La lecture de ce contenu est susceptible d\u2019entra\u00eener un d\u00e9p\u00f4t de cookies de la part de l\u2019op\u00e9rateur tiers qui l\u2019h\u00e9berge. Compte-tenu des choix que vous avez exprim\u00e9s en mati\u00e8re de d\u00e9p\u00f4t de cookies, nous avons bloqu\u00e9 l\u2019affichage de ce contenu. Si vous souhaitez y acc\u00e9der, vous devez accepter la cat\u00e9gorie de cookies \u201cContenus tiers\u201d en cliquant sur le bouton ci-dessous. <\/p>\n<p> Lire la Vid\u00e9o        De la d\u00e9prime \u00e0 l\u2019amour    <\/p>\n<p class=\"asset asset-text\">Une version corrobor\u00e9e par l\u2019animatrice de L\u2019Amour est dans le pr\u00e9, Karine Le\u00a0Marchand, qui affirme\u00a0: \u00ab\u00a0Elle a menti sur tout, elle nous a tous instrumentalis\u00e9s. Elle se servait de toi et de l\u2019\u00e9mission pour faire revenir quelqu\u2019un qu\u2019elle n\u2019avait pas.\u00a0\u00bb Karine Le\u00a0Marchand explique par ailleurs qu\u2019M6\u00a0a bien film\u00e9 le \u00ab\u00a0week-end\u00a0\u00bb o\u00f9 tout a bascul\u00e9, \u00ab\u00a0mais on ne l\u2019a pas diffus\u00e9 parce que c\u2019\u00e9tait incompr\u00e9hensible.\u00a0\u00bb<\/p>\n<p class=\"asset asset-text\">Encore affect\u00e9, Pierrick est \u00e9mu lorsqu\u2019il explique avoir travers\u00e9 une longue p\u00e9riode de d\u00e9prime apr\u00e8s l\u2019\u00e9mission. \u00ab\u00a0J\u2019ai pris cher. (&#8230;) Tu ne peux pas imaginer que quelqu\u2019un te fasse \u00e7a. \u00c7a fait mal.\u00a0\u00bb, l\u00e2che-t-il face \u00e0 l\u2019animatrice.<\/p>\n<p class=\"asset asset-text\">Face \u00e0 cette situation, M6\u00a0a d\u00e9cid\u00e9 de donner exceptionnellement \u00e0 Pierrick la liasse de courriers d\u2019amour qui lui \u00e9taient destin\u00e9s avant le bilan. Et parmi ces lettres, l\u2019agriculteur a \u00e9t\u00e9 charm\u00e9 par les mots d\u2019une certaine Annick, jeune retrait\u00e9e. Leur histoire d\u2019amour a d\u00e9but\u00e9 il y a presque un mois. Philosophe, Pierrick conclut\u00a0: \u00ab\u00a0\u00ab\u00a0Il fallait peut-\u00eatre en passer par tout \u00e7a pour finir comme \u00e7a.\u00a0\u00bb<\/p>\n","protected":false},"excerpt":{"rendered":"M6 Dans la premi\u00e8re partie du bilan de L\u2019Amour est dans le pr\u00e9 saison 20, diffus\u00e9e ce lundi&hellip;\n","protected":false},"author":2,"featured_media":557117,"comment_status":"","ping_status":"","sticky":false,"template":"","format":"standard","meta":{"footnotes":""},"categories":[8],"tags":[58,59,1011,27,42835,494],"class_list":{"0":"post-557116","1":"post","2":"type-post","3":"status-publish","4":"format-standard","5":"has-post-thumbnail","7":"category-divertissement","8":"tag-divertissement","9":"tag-entertainment","10":"tag-fr","11":"tag-france","12":"tag-l-amour-est-dans-le-pre","13":"tag-m6"},"share_on_mastodon":{"url":"https:\/\/pubeurope.com\/@fr\/115609162525222383","error":""},"_links":{"self":[{"href":"https:\/\/www.europesays.com\/fr\/wp-json\/wp\/v2\/posts\/557116","targetHints":{"allow":["GET"]}}],"collection":[{"href":"https:\/\/www.europesays.com\/fr\/wp-json\/wp\/v2\/posts"}],"about":[{"href":"https:\/\/www.europesays.com\/fr\/wp-json\/wp\/v2\/types\/post"}],"author":[{"embeddable":true,"href":"https:\/\/www.europesays.com\/fr\/wp-json\/wp\/v2\/users\/2"}],"replies":[{"embeddable":true,"href":"https:\/\/www.europesays.com\/fr\/wp-json\/wp\/v2\/comments?post=557116"}],"version-history":[{"count":0,"href":"https:\/\/www.europesays.com\/fr\/wp-json\/wp\/v2\/posts\/557116\/revisions"}],"wp:featuredmedia":[{"embeddable":true,"href":"https:\/\/www.europesays.com\/fr\/wp-json\/wp\/v2\/media\/557117"}],"wp:attachment":[{"href":"https:\/\/www.europesays.com\/fr\/wp-json\/wp\/v2\/media?parent=557116"}],"wp:term":[{"taxonomy":"category","embeddable":true,"href":"https:\/\/www.europesays.com\/fr\/wp-json\/wp\/v2\/categories?post=557116"},{"taxonomy":"post_tag","embeddable":true,"href":"https:\/\/www.europesays.com\/fr\/wp-json\/wp\/v2\/tags?post=557116"}],"curies":[{"name":"wp","href":"https:\/\/api.w.org\/{rel}","templated":true}]}}