{"id":557144,"date":"2025-11-25T07:45:14","date_gmt":"2025-11-25T07:45:14","guid":{"rendered":"https:\/\/www.europesays.com\/fr\/557144\/"},"modified":"2025-11-25T07:45:14","modified_gmt":"2025-11-25T07:45:14","slug":"il-promet-un-nouveau-bataclan-a-luniversite","status":"publish","type":"post","link":"https:\/\/www.europesays.com\/fr\/557144\/","title":{"rendered":"il promet un \u00ab\u00a0nouveau Bataclan\u00a0\u00bb \u00e0 l&rsquo;universit\u00e9"},"content":{"rendered":"<p melodystyle=\"texte\">Il se dit \u00ab\u00a0victime de racisme, de la discrimination et du favoritisme\u00a0\u00bb. Cet ancien charg\u00e9 de cours et doctorant \u00e0 l&rsquo;universit\u00e9 de Rouen, malgr\u00e9 son cursus, v\u00e9g\u00e8te au RSA, sans emploi. Depuis dix ans, il rumine. Le 19\u00a0juin 2015, sa th\u00e8se n&rsquo;a pas \u00e9t\u00e9 valid\u00e9e. Son travail a \u00e9t\u00e9 jug\u00e9 insuffisant et le plagiat important par les universitaires qui le suivaient. Ce jour-l\u00e0, il s&rsquo;est senti \u00ab\u00a0viol\u00e9\u00a0\u00bb. \u00ab\u00a0Ils m&rsquo;ont pi\u00e9g\u00e9, ils m&#8217;emp\u00eachent de travailler. J&rsquo;ai envoy\u00e9 10\u00a0000 demandes d&#8217;emploi\u00a0\u00bb, rumine-t-il \u00e0 la barre. Il se sent \u00ab\u00a0malmen\u00e9 depuis 2003\u00a0\u00bb. Il ajoute\u00a0: \u00ab\u00a0J&rsquo;ai pass\u00e9 20 ans de souffrance, j&rsquo;en suis d\u00e9sol\u00e9.\u00a0\u00bb<\/p>\n<p>\u00ab\u00a0Je vous ram\u00e8ne les t\u00eates coup\u00e9es\u00a0\u00bb<\/p>\n<p melodystyle=\"texte\">Sa haine contre les professeurs de l&rsquo;universit\u00e9 de droit, d&rsquo;\u00e9conomie et de sciences politiques s&rsquo;est exprim\u00e9e \u00e0 plusieurs reprises au mois de juin\u00a0: \u00ab\u00a0J&rsquo;ai envie de tuer un maximum de professeurs\u00a0\u00bb, \u00e9crit-il. Dans un mail adress\u00e9 \u00e0 l&rsquo;universit\u00e9\u00a0: \u00ab\u00a0Je vous ram\u00e8ne les t\u00eates coup\u00e9es\u00a0\u00bb de plusieurs enseignants. Il prof\u00e8re des propos insultants, d\u00e9gradants, accusateurs envers ses anciens coll\u00e8gues. Dans le m\u00eame temps, sa col\u00e8re se tourne contre sa conseill\u00e8re bancaire. A elle aussi, il veut couper la t\u00eate ainsi que celle de son directeur.<\/p>\n<p melodystyle=\"texte\">L&rsquo;homme, \u00e2g\u00e9 de 46 ans, est interpell\u00e9 \u00e0 l&rsquo;a\u00e9roport de Roissy le 25\u00a0juillet 2025. Il doit compara\u00eetre sous le r\u00e9gime de reconnaissance de culpabilit\u00e9 le 1er\u00a0d\u00e9cembre. Mais d\u00e8s septembre, il reprend ses menaces. il envoie un nouveau message\u00a0: \u00ab\u00a0Je vous promets un nouveau Bataclan \u00e0 l&rsquo;universit\u00e9 de Rouen.\u00a0\u00bb<\/p>\n<p>\u00ab\u00a0Ces propos rappellent le meurtre de Samuel Paty\u00a0\u00bb<\/p>\n<p melodystyle=\"texte\">Le pr\u00e9venu reconna\u00eet \u00eatre l&rsquo;auteur des messages. \u00ab\u00a0R\u00e9ellement je n&rsquo;ai rien fait. J&rsquo;ai seulement \u00e9crit. J&rsquo;ai tout effac\u00e9.\u00a0\u00bb D&rsquo;une fa\u00e7on g\u00e9n\u00e9rale, le natif du Maroc a du mal \u00e0 se remettre en cause. \u00ab\u00a0La R\u00e9publique fran\u00e7aise est venue me chercher parce que j&rsquo;avais un niveau tr\u00e8s \u00e9lev\u00e9\u00a0\u00bb, insiste-t-il.<\/p>\n<p melodystyle=\"texte\">\u00ab\u00a0Il y a, chez lui, un narcissisme fou\u00a0\u00bb, s&#8217;emporte un avocat des parties civiles. Il pointe la dangerosit\u00e9 du quadrag\u00e9naire. \u00ab\u00a0Ces propos rappellent les meurtres de Samuel Paty et Dominique Bernard.\u00a0\u00bb\u00a0Il \u00e9voque \u00ab\u00a0des d\u00e9lires\u00a0\u00bb ou \u00ab\u00a0une hostilit\u00e9 inou\u00efe contre les institutions\u00a0\u00bb. Plus t\u00f4t, le pr\u00e9sident Simon Caubet a cit\u00e9 l&rsquo;expertise psychiatrique qualifiant le pr\u00e9venu \u00ab\u00a0d&rsquo;\u00e9l\u00e9ment d\u00e9pressif et pers\u00e9cutif\u00a0\u00bb avec un \u00ab\u00a0trouble du spectre autistique\u00a0\u00bb, un \u00ab\u00a0discernement alt\u00e9r\u00e9\u00a0\u00bb et une \u00ab\u00a0incapacit\u00e9 de se remettre en question\u00a0\u00bb.<\/p>\n<p melodystyle=\"texte\">\u00ab\u00a0Il proc\u00e8de de mani\u00e8re obsessionnelle face \u00e0 la contrari\u00e9t\u00e9. Il tient \u00e0 chaque fois des propos malveillants, injurieux\u00a0\u00bb, remarque le minist\u00e8re public. \u00ab\u00a0Pour l&rsquo;ensemble des faits qui lui sont reproch\u00e9s, je propose 18 mois d&#8217;emprisonnement avec 12 mois de sursis probatoire de trois ans\u00a0\u00bb. Ce que le tribunal confirme, sauf que les 18 mois sont totalement assortis de sursis. Il n&rsquo;y a pas de prison ferme.<\/p>\n<p melodystyle=\"textnoprint\">Mais l&rsquo;interdiction de para\u00eetre sur le campus de l&rsquo;universit\u00e9 et une obligation de soins sont prononc\u00e9es. Le pr\u00e9venu a dix jours pour faire appel du jugement.<\/p>\n","protected":false},"excerpt":{"rendered":"Il se dit \u00ab\u00a0victime de racisme, de la discrimination et du favoritisme\u00a0\u00bb. Cet ancien charg\u00e9 de cours et&hellip;\n","protected":false},"author":2,"featured_media":557145,"comment_status":"","ping_status":"","sticky":false,"template":"","format":"standard","meta":{"footnotes":""},"categories":[9587],"tags":[1111,11,1777,674,1011,27,12,5161,25,9590],"class_list":{"0":"post-557144","1":"post","2":"type-post","3":"status-publish","4":"format-standard","5":"has-post-thumbnail","7":"category-rouen","8":"tag-actu","9":"tag-actualites","10":"tag-eu","11":"tag-europe","12":"tag-fr","13":"tag-france","14":"tag-news","15":"tag-normandie","16":"tag-republique-francaise","17":"tag-rouen"},"share_on_mastodon":{"url":"https:\/\/pubeurope.com\/@fr\/115609227963982494","error":""},"_links":{"self":[{"href":"https:\/\/www.europesays.com\/fr\/wp-json\/wp\/v2\/posts\/557144","targetHints":{"allow":["GET"]}}],"collection":[{"href":"https:\/\/www.europesays.com\/fr\/wp-json\/wp\/v2\/posts"}],"about":[{"href":"https:\/\/www.europesays.com\/fr\/wp-json\/wp\/v2\/types\/post"}],"author":[{"embeddable":true,"href":"https:\/\/www.europesays.com\/fr\/wp-json\/wp\/v2\/users\/2"}],"replies":[{"embeddable":true,"href":"https:\/\/www.europesays.com\/fr\/wp-json\/wp\/v2\/comments?post=557144"}],"version-history":[{"count":0,"href":"https:\/\/www.europesays.com\/fr\/wp-json\/wp\/v2\/posts\/557144\/revisions"}],"wp:featuredmedia":[{"embeddable":true,"href":"https:\/\/www.europesays.com\/fr\/wp-json\/wp\/v2\/media\/557145"}],"wp:attachment":[{"href":"https:\/\/www.europesays.com\/fr\/wp-json\/wp\/v2\/media?parent=557144"}],"wp:term":[{"taxonomy":"category","embeddable":true,"href":"https:\/\/www.europesays.com\/fr\/wp-json\/wp\/v2\/categories?post=557144"},{"taxonomy":"post_tag","embeddable":true,"href":"https:\/\/www.europesays.com\/fr\/wp-json\/wp\/v2\/tags?post=557144"}],"curies":[{"name":"wp","href":"https:\/\/api.w.org\/{rel}","templated":true}]}}