{"id":557146,"date":"2025-11-25T07:46:10","date_gmt":"2025-11-25T07:46:10","guid":{"rendered":"https:\/\/www.europesays.com\/fr\/557146\/"},"modified":"2025-11-25T07:46:10","modified_gmt":"2025-11-25T07:46:10","slug":"sncf-la-circulation-des-trains-interrompue-entre-paris-et-rouen-apres-une-panne-electrique","status":"publish","type":"post","link":"https:\/\/www.europesays.com\/fr\/557146\/","title":{"rendered":"SNCF\u00a0: la circulation des trains interrompue entre Paris et Rouen apr\u00e8s une panne \u00e9lectrique"},"content":{"rendered":"<p>C&rsquo;est le bazar sur la ligne Paris-Rouen-Le Havre ce mardi 25 novembre, apr\u00e8s la chute d&rsquo;un arbre sur une cat\u00e9naire, entre Val-de-Reuil et Vernon. La circulation est interrompue dans les deux sens, entre Rouen et Paris-Saint-Lazare. <\/p>\n<p>La <strong>circulation est \u00e0 l&rsquo;arr\u00eat dans les deux sens,<\/strong> indique ce mardi 25 novembre, la SNCF, dans un post publi\u00e9 sur X, \u00e0 7h02. Cela fait suite \u00e0 un d\u00e9faut d&rsquo;alimentation \u00e9lectrique entre Val-de-Reuil et Vernon. <strong>Un arbre a touch\u00e9 une cat\u00e9naire<\/strong>. Les agents de la SNCF sont d\u00e9p\u00each\u00e9es sur place pour d\u00e9gager l&rsquo;arbre. Cons\u00e9quence, la circulation des trains est interrompue dans les deux sens entre Rouen et Paris-Saint-Lazare, sur la ligne Paris-Rouen-Le Havre.<\/p>\n<p>Plusieurs trains ont \u00e9t\u00e9 retenus en gare, d&rsquo;autres supprim\u00e9s, d&rsquo;autres d\u00e9vi\u00e9s. Certains accusent \u00e9galement plus d&rsquo;une heure de retard. <strong>L&rsquo;heure de reprise est estim\u00e9e \u00e0 10h35.<\/strong><\/p>\n","protected":false},"excerpt":{"rendered":"C&rsquo;est le bazar sur la ligne Paris-Rouen-Le Havre ce mardi 25 novembre, apr\u00e8s la chute d&rsquo;un arbre sur&hellip;\n","protected":false},"author":2,"featured_media":557147,"comment_status":"","ping_status":"","sticky":false,"template":"","format":"standard","meta":{"footnotes":""},"categories":[9587],"tags":[1111,11,1777,674,1011,27,12,5161,25,9590],"class_list":{"0":"post-557146","1":"post","2":"type-post","3":"status-publish","4":"format-standard","5":"has-post-thumbnail","7":"category-rouen","8":"tag-actu","9":"tag-actualites","10":"tag-eu","11":"tag-europe","12":"tag-fr","13":"tag-france","14":"tag-news","15":"tag-normandie","16":"tag-republique-francaise","17":"tag-rouen"},"share_on_mastodon":{"url":"https:\/\/pubeurope.com\/@fr\/115609232043586446","error":""},"_links":{"self":[{"href":"https:\/\/www.europesays.com\/fr\/wp-json\/wp\/v2\/posts\/557146","targetHints":{"allow":["GET"]}}],"collection":[{"href":"https:\/\/www.europesays.com\/fr\/wp-json\/wp\/v2\/posts"}],"about":[{"href":"https:\/\/www.europesays.com\/fr\/wp-json\/wp\/v2\/types\/post"}],"author":[{"embeddable":true,"href":"https:\/\/www.europesays.com\/fr\/wp-json\/wp\/v2\/users\/2"}],"replies":[{"embeddable":true,"href":"https:\/\/www.europesays.com\/fr\/wp-json\/wp\/v2\/comments?post=557146"}],"version-history":[{"count":0,"href":"https:\/\/www.europesays.com\/fr\/wp-json\/wp\/v2\/posts\/557146\/revisions"}],"wp:featuredmedia":[{"embeddable":true,"href":"https:\/\/www.europesays.com\/fr\/wp-json\/wp\/v2\/media\/557147"}],"wp:attachment":[{"href":"https:\/\/www.europesays.com\/fr\/wp-json\/wp\/v2\/media?parent=557146"}],"wp:term":[{"taxonomy":"category","embeddable":true,"href":"https:\/\/www.europesays.com\/fr\/wp-json\/wp\/v2\/categories?post=557146"},{"taxonomy":"post_tag","embeddable":true,"href":"https:\/\/www.europesays.com\/fr\/wp-json\/wp\/v2\/tags?post=557146"}],"curies":[{"name":"wp","href":"https:\/\/api.w.org\/{rel}","templated":true}]}}